{"id":3504,"date":"2022-10-25T21:40:10","date_gmt":"2022-10-25T19:40:10","guid":{"rendered":"http:\/\/insideamateurfussball-ffm.de\/?p=3504"},"modified":"2025-01-10T14:32:36","modified_gmt":"2025-01-10T13:32:36","slug":"tempo-mit-sechs-punkten-vorsprung-vorne","status":"publish","type":"post","link":"https:\/\/insideamateurfussball-ffm.de\/?p=3504","title":{"rendered":"Tempo mit sechs Punkten Vorsprung vorne"},"content":{"rendered":"<h4>Der FC Tempo bleibt in der Kreisoberliga Frankfurt das Ma\u00df aller Dinge. Bei Concordia Eschersheim gewannen die M\u00e4nner von Trainer Denis Milanovic mit 4:0 (1:0) und sind als einziges Team der Klasse weiter ungeschlagen. Der Vorsprung an der Tabellenspitze vergr\u00f6\u00dferte sich auf sechs Punkte. Der lang gehegte Traum vom Aufstieg in die Gruppenliga Frankfurt West scheint ausgerechnet im Jubil\u00e4umsjahr realisierbar. 2023 wird Tempo 50 Jahre alt.<\/h4>\n<p>\u00a0<\/p>\n<figure id=\"attachment_3505\" aria-describedby=\"caption-attachment-3505\" style=\"width: 1374px\" class=\"wp-caption alignnone\"><img loading=\"lazy\" decoding=\"async\" class=\"wp-image-3505 size-full\" src=\"http:\/\/insideamateurfussball-ffm.de\/wp-content\/uploads\/2022\/10\/Con-Tem.jpg\" alt=\"\" width=\"1374\" height=\"930\" \/><figcaption id=\"caption-attachment-3505\" class=\"wp-caption-text\"><strong>Tempo Bogoljub Dokic steigt zum Kopfball umringt von der Concordia-Verteidigung hoch. Foto: Vanja Dubaic. <\/strong><\/figcaption><\/figure>\n<h4>Concordia Eschersheim &#8211; FC Tempo 0:4 (0:1)<\/h4>\n<p><img loading=\"lazy\" decoding=\"async\" class=\"alignnone size-full wp-image-419\" src=\"http:\/\/insideamateurfussball-ffm.de\/wp-content\/uploads\/2022\/05\/1sv07_news2_4178_01_01_02.jpg\" alt=\"\" width=\"80\" height=\"80\" \/><img loading=\"lazy\" decoding=\"async\" class=\"alignnone size-full wp-image-31\" src=\"http:\/\/insideamateurfussball-ffm.de\/wp-content\/uploads\/2021\/11\/Tempo.jpg\" alt=\"\" width=\"80\" height=\"80\" \/><\/p>\n<p><span style=\"color: #333333;\">Das fr\u00fche Tor der Serben durch Tomislav Stekovic (4.) schockte die Concordia nicht. Trainer Andre Winter befand: &#8222;Nach dem fr\u00fchen Gegentor haben wir eigentlich 75 Minuten auf Augenh\u00f6he mitgespielt, inklusive eines Pfostenschusses und Torchancen frei vor dem Tor.&#8220; Tempo, der souver\u00e4ne Spitzenreiter und Aufstiegsanw\u00e4rter Nummer eins, hatte nat\u00fcrlich auch seine M\u00f6glichkeiten, um zu erh\u00f6hen. <\/span><\/p>\n<p><span style=\"color: #333333;\">Erst nach dem 0:2 durch Boban Dokic (78.), der kurz darauf auch das dritte Tor nachlegte (84.), &#8222;sind wir dann etwas eingebrochen, weil wir davor sehr viel Aufwand betrieben haben.&#8220; Das 0:4, das Borislav Pilipovic per Foulelfmeter (87.) erzielte, sei deutlich zu hoch und spiegele nicht den Spielverlauf wider.<\/span><\/p>\n<h4>Concordia weiter im unteren Tabellendrittel\u00a0<\/h4>\n<p><span style=\"color: #333333;\">&#8222;Es ist immer schade gegen eine so gute Mannschaft gut mitzuhalten und dann ohne Ertrag am Ende dazustehen. Dennoch bin ich sehr positiv gestimmt, dass wir mit solch einer Einstellung in den n\u00e4chsten Spielen punkten werden. Wichtig ist aber, dass wir eben dieses Niveau halten und nicht nur gegen den Tabellenf\u00fchrer viele Meter machen&#8220;, res\u00fcmierte Winter. <\/span><\/p>\n<p><span style=\"color: #333333;\">Sein Team steckt weiter im unteren Tabellendrittel mit zw\u00f6lf Punkten auf Rang 13. Tempos Sportlicher Leiter Zoran Marcetic meinte: &#8222;Wir haben sehr diszipliniert gespielt und erst gegen Ende das Ergebnis deutlich gestaltet. Die Vereinsarbeit l\u00e4uft derzeit auf allen Ebenen sehr gut.&#8220;\u00a0<\/span><\/p>\n<h4>Schiedsrichter: Jannik Langen (Butzbach). Zuschauer: 130.<\/h4>\n<h4>Tore: 0:1 Tomislav Stekovic (4.), 0:2, 0:3 Boban Dokic (78.\/84.), 0:4 Borislav Pilipovic (87.\/Foulelfmeter).<\/h4>\n<p>\u00a0<\/p>\n<p>\u00a0<\/p>\n<p>\u00a0<\/p>\n\n\n<figure class=\"wp-block-gallery has-nested-images columns-default is-cropped wp-block-gallery-1 is-layout-flex wp-block-gallery-is-layout-flex\">\n<figure class=\"wp-block-image size-large is-style-rounded\"><img decoding=\"async\" data-id=\"3506\" src=\"http:\/\/insideamateurfussball-ffm.de\/wp-content\/uploads\/2022\/10\/Tempou-1024x639.jpg\" alt=\"\" class=\"wp-image-3506\"\/><figcaption>Tempos Stevan Lukovic gegen Concordia-Spieler Pablo Pereira. Foto: Vanja Dubaic. <\/figcaption><\/figure>\n<\/figure>\n\n\n\n<p><\/p>\n","protected":false},"excerpt":{"rendered":"<p>Der FC Tempo bleibt in der Kreisoberliga Frankfurt das Ma\u00df aller Dinge. Bei Concordia Eschersheim gewannen die M\u00e4nner von Trainer Denis Milanovic mit 4:0 (1:0) und sind als einziges Team der Klasse weiter ungeschlagen. Der Vorsprung an der Tabellenspitze vergr\u00f6\u00dferte sich auf sechs Punkte. Der lang gehegte Traum vom Aufstieg in die Gruppenliga Frankfurt West [&hellip;]<\/p>\n","protected":false},"author":1,"featured_media":0,"comment_status":"open","ping_status":"open","sticky":false,"template":"","format":"standard","meta":{"footnotes":""},"categories":[2],"tags":[],"class_list":["post-3504","post","type-post","status-publish","format-standard","hentry","category-kreisoberliga-frankfurt"],"_links":{"self":[{"href":"https:\/\/insideamateurfussball-ffm.de\/index.php?rest_route=\/wp\/v2\/posts\/3504","targetHints":{"allow":["GET"]}}],"collection":[{"href":"https:\/\/insideamateurfussball-ffm.de\/index.php?rest_route=\/wp\/v2\/posts"}],"about":[{"href":"https:\/\/insideamateurfussball-ffm.de\/index.php?rest_route=\/wp\/v2\/types\/post"}],"author":[{"embeddable":true,"href":"https:\/\/insideamateurfussball-ffm.de\/index.php?rest_route=\/wp\/v2\/users\/1"}],"replies":[{"embeddable":true,"href":"https:\/\/insideamateurfussball-ffm.de\/index.php?rest_route=%2Fwp%2Fv2%2Fcomments&post=3504"}],"version-history":[{"count":1,"href":"https:\/\/insideamateurfussball-ffm.de\/index.php?rest_route=\/wp\/v2\/posts\/3504\/revisions"}],"predecessor-version":[{"id":3507,"href":"https:\/\/insideamateurfussball-ffm.de\/index.php?rest_route=\/wp\/v2\/posts\/3504\/revisions\/3507"}],"wp:attachment":[{"href":"https:\/\/insideamateurfussball-ffm.de\/index.php?rest_route=%2Fwp%2Fv2%2Fmedia&parent=3504"}],"wp:term":[{"taxonomy":"category","embeddable":true,"href":"https:\/\/insideamateurfussball-ffm.de\/index.php?rest_route=%2Fwp%2Fv2%2Fcategories&post=3504"},{"taxonomy":"post_tag","embeddable":true,"href":"https:\/\/insideamateurfussball-ffm.de\/index.php?rest_route=%2Fwp%2Fv2%2Ftags&post=3504"}],"curies":[{"name":"wp","href":"https:\/\/api.w.org\/{rel}","templated":true}]}}