{"id":3497,"date":"2022-10-25T20:20:03","date_gmt":"2022-10-25T18:20:03","guid":{"rendered":"http:\/\/insideamateurfussball-ffm.de\/?p=3497"},"modified":"2025-01-10T14:32:47","modified_gmt":"2025-01-10T13:32:47","slug":"croatia-haelt-zusammen-griesheim-verweigert-arbeit","status":"publish","type":"post","link":"https:\/\/insideamateurfussball-ffm.de\/?p=3497","title":{"rendered":"Croatia h\u00e4lt zusammen &#8211; Griesheim verweigert Arbeit"},"content":{"rendered":"<h4>Der FC Croatia fertigte am Sonntag in der Kreisoberliga Frankfurt den bisherigen Tabellenzweiten Spvgg. 02 Griesheim mit 4:1 (3:0) ab. Damit konnten die Kroaten ihre gute Saisonleistung best\u00e4tigen und sich auf Rang vier festsetzen. In Griesheim mehren sich dagegen die Stimmen, dass die Mannschaft der &#8222;Schleifer&#8220; in dieser Zusammensetzung kein Aufstiegsaspirant mehr sei.<\/h4>\n<figure id=\"attachment_3498\" aria-describedby=\"caption-attachment-3498\" style=\"width: 300px\" class=\"wp-caption alignnone\"><img loading=\"lazy\" decoding=\"async\" class=\"wp-image-3498\" src=\"http:\/\/insideamateurfussball-ffm.de\/wp-content\/uploads\/2022\/10\/Cr-Gr-300x225.jpg\" alt=\"\" width=\"300\" height=\"225\" \/><figcaption id=\"caption-attachment-3498\" class=\"wp-caption-text\"><strong>Es war mal wieder Zeit f\u00fcr ein Siegerfoto beim FC Croatia. Vorbildlich schickt der Club immer eins. Andere Vereine d\u00fcrfen es gerne nachahmen. Foto: Stanislav Konta. <\/strong><\/figcaption><\/figure>\n<h4>FC Croatia &#8211; Spvgg. 02 Griesheim 4:1 (3:0)<\/h4>\n<p><img loading=\"lazy\" decoding=\"async\" class=\"alignnone size-full wp-image-29\" src=\"http:\/\/insideamateurfussball-ffm.de\/wp-content\/uploads\/2021\/11\/croatia.jpg\" alt=\"\" width=\"63\" height=\"80\" \/><img loading=\"lazy\" decoding=\"async\" class=\"alignnone size-full wp-image-14\" src=\"http:\/\/insideamateurfussball-ffm.de\/wp-content\/uploads\/2021\/11\/SpVgg._02_Griesheim_02.jpg\" alt=\"\" width=\"100\" height=\"100\" \/><\/p>\n<p><span style=\"color: #333333;\">Croatias St\u00fcrmer Ante Strljic war von den Griesheimern nicht zu halten und legte mit einem Hattrick (2.\/15.\/30.) den Grundstein zum deutlichen Heimsieg der Gastgeber. Nach dem Seitenwechsel verschossen die G\u00e4ste einen Handelfmeter. Croatias Tormann Simun Vidakusic parierte gegen Mirko Budimir (52.). Danach erh\u00f6hte Ivan Propadalo (65.), ehe den entt\u00e4uschenden Griesheimern durch Younes Kabbouch nur noch der Ehrentreffer gelang (67.). <\/span><\/p>\n<p><span style=\"color: #333333;\">&#8222;Nach einer weiteren qualitativ sehr guten Trainingswoche haben sich unsere Jungs v\u00f6llig verdient mit dem Sieg belohnt. Der Zusammenhalt der Mannschaft ist trotz des gro\u00dfen Kaders hervorragend. Man unterst\u00fctzt sich gegenseitig unabh\u00e4ngig vom Einsatz in der Startelf oder beginnend von der Bank&#8220;, sagte Croatia-Trainer Josip Zeravica.<\/span><\/p>\n<blockquote>\n<h4>&#8222;So werden wir nicht um den Aufstieg spielen&#8220; (Griesheims Trainer Marco Santonastaso)<\/h4>\n<\/blockquote>\n<p><span style=\"color: #333333;\">Sein Kollege Marco Santonastaso war dagegen restlos bedient, sprach gar von &#8222;Arbeitsverweigerung meiner Spieler. Kein Pass kam an, kein Meter wurde zu viel gelaufen.&#8220; Zudem beg\u00fcnstigten krasse individuelle Fehler wie vor dem ersten Croatia-Tor den Sieg der Gastgeber. Jeffrey Aboagye hatte da mit einem R\u00fcckpass genau in den Lauf von Strljic die Niederlage eingeleitet. <\/span><\/p>\n<p><span style=\"color: #333333;\">Zu oft sei dazu in der eigenen H\u00e4lfte der Ball mit Dribblings verloren worden. Vorne hatten Michael Ofosu (Latte) und Tcha Djobo Fayisal (Pfosten) Abschlusspech. &#8222;So werden wir nicht um den Aufstieg spielen. Tempo wird durchmarschieren und wenn wir so weiter spielen, kommen wir auch f\u00fcr Rang zwei nicht in Frage&#8220;, wurde Santonastaso deutlich.\u00a0<\/span><\/p>\n<h4>Schiedsrichter: Savas Satilmis (Gelnhausen). Zuschauer: 180.<\/h4>\n<h4>Tore: 1:0, 2:0, 3:0 Ante Strljic (2.\/15.\/30.), 4:0 Ivan Propadalo (65.), 4:1 Younes Kabbouch (67.).<\/h4>\n","protected":false},"excerpt":{"rendered":"<p>Der FC Croatia fertigte am Sonntag in der Kreisoberliga Frankfurt den bisherigen Tabellenzweiten Spvgg. 02 Griesheim mit 4:1 (3:0) ab. Damit konnten die Kroaten ihre gute Saisonleistung best\u00e4tigen und sich auf Rang vier festsetzen. In Griesheim mehren sich dagegen die Stimmen, dass die Mannschaft der &#8222;Schleifer&#8220; in dieser Zusammensetzung kein Aufstiegsaspirant mehr sei. FC Croatia [&hellip;]<\/p>\n","protected":false},"author":1,"featured_media":0,"comment_status":"open","ping_status":"open","sticky":false,"template":"","format":"standard","meta":{"footnotes":""},"categories":[2],"tags":[],"class_list":["post-3497","post","type-post","status-publish","format-standard","hentry","category-kreisoberliga-frankfurt"],"_links":{"self":[{"href":"https:\/\/insideamateurfussball-ffm.de\/index.php?rest_route=\/wp\/v2\/posts\/3497","targetHints":{"allow":["GET"]}}],"collection":[{"href":"https:\/\/insideamateurfussball-ffm.de\/index.php?rest_route=\/wp\/v2\/posts"}],"about":[{"href":"https:\/\/insideamateurfussball-ffm.de\/index.php?rest_route=\/wp\/v2\/types\/post"}],"author":[{"embeddable":true,"href":"https:\/\/insideamateurfussball-ffm.de\/index.php?rest_route=\/wp\/v2\/users\/1"}],"replies":[{"embeddable":true,"href":"https:\/\/insideamateurfussball-ffm.de\/index.php?rest_route=%2Fwp%2Fv2%2Fcomments&post=3497"}],"version-history":[{"count":1,"href":"https:\/\/insideamateurfussball-ffm.de\/index.php?rest_route=\/wp\/v2\/posts\/3497\/revisions"}],"predecessor-version":[{"id":3499,"href":"https:\/\/insideamateurfussball-ffm.de\/index.php?rest_route=\/wp\/v2\/posts\/3497\/revisions\/3499"}],"wp:attachment":[{"href":"https:\/\/insideamateurfussball-ffm.de\/index.php?rest_route=%2Fwp%2Fv2%2Fmedia&parent=3497"}],"wp:term":[{"taxonomy":"category","embeddable":true,"href":"https:\/\/insideamateurfussball-ffm.de\/index.php?rest_route=%2Fwp%2Fv2%2Fcategories&post=3497"},{"taxonomy":"post_tag","embeddable":true,"href":"https:\/\/insideamateurfussball-ffm.de\/index.php?rest_route=%2Fwp%2Fv2%2Ftags&post=3497"}],"curies":[{"name":"wp","href":"https:\/\/api.w.org\/{rel}","templated":true}]}}