{"id":3490,"date":"2022-10-25T19:41:30","date_gmt":"2022-10-25T17:41:30","guid":{"rendered":"http:\/\/insideamateurfussball-ffm.de\/?p=3490"},"modified":"2025-01-10T14:32:55","modified_gmt":"2025-01-10T13:32:55","slug":"florian-koehler-gleicht-in-letzter-sekunde-aus","status":"publish","type":"post","link":"https:\/\/insideamateurfussball-ffm.de\/?p=3490","title":{"rendered":"Florian K\u00f6hler gleicht in letzter Sekunde aus"},"content":{"rendered":"<h4>In b\u00fcchst\u00e4blich letzter Sekunde kam der SV 07 Heddernheim am Sonntag in der Kreisoberliga Frankfurt im Ausw\u00e4rtsspiel beim FV Hausen zum Ausgleich. Die Gastgeber mussten sich nach einer fr\u00fchen F\u00fchrung letztlich mit einem 1:1 (1:0)-Unentschieden gegen die derzeit in den Abstiegskampf verwickelten Gr\u00fcn-Wei\u00dfen begn\u00fcgen.\u00a0<\/h4>\n<p>\u00a0<\/p>\n<figure id=\"attachment_3491\" aria-describedby=\"caption-attachment-3491\" style=\"width: 2048px\" class=\"wp-caption alignnone\"><img loading=\"lazy\" decoding=\"async\" class=\"wp-image-3491 size-full\" src=\"http:\/\/insideamateurfussball-ffm.de\/wp-content\/uploads\/2022\/10\/Bakkali.jpg\" alt=\"\" width=\"2048\" height=\"1536\" srcset=\"https:\/\/insideamateurfussball-ffm.de\/wp-content\/uploads\/2022\/10\/Bakkali.jpg 2048w, https:\/\/insideamateurfussball-ffm.de\/wp-content\/uploads\/2022\/10\/Bakkali-300x225.jpg 300w, https:\/\/insideamateurfussball-ffm.de\/wp-content\/uploads\/2022\/10\/Bakkali-1024x768.jpg 1024w, https:\/\/insideamateurfussball-ffm.de\/wp-content\/uploads\/2022\/10\/Bakkali-768x576.jpg 768w, https:\/\/insideamateurfussball-ffm.de\/wp-content\/uploads\/2022\/10\/Bakkali-1536x1152.jpg 1536w\" sizes=\"auto, (max-width: 2048px) 100vw, 2048px\" \/><figcaption id=\"caption-attachment-3491\" class=\"wp-caption-text\"><strong>Der Hausener Anas Bakkali kann den Ball ungest\u00f6rt f\u00fchren. Foto: PA.<\/strong><\/figcaption><\/figure>\n<h4>FV Hausen &#8211; SV 07 Heddernheim 1:1 (1:0)<\/h4>\n<p><img loading=\"lazy\" decoding=\"async\" class=\"alignnone size-full wp-image-28\" src=\"http:\/\/insideamateurfussball-ffm.de\/wp-content\/uploads\/2021\/11\/Hausen.jpg\" alt=\"\" width=\"80\" height=\"60\" \/><img loading=\"lazy\" decoding=\"async\" class=\"alignnone size-full wp-image-302\" src=\"http:\/\/insideamateurfussball-ffm.de\/wp-content\/uploads\/2022\/05\/1sv07_news2_4511-1.jpg\" alt=\"\" width=\"80\" height=\"80\" \/><\/p>\n<p><span style=\"color: #333333;\">Die Lila-Wei\u00dfen waren schon in der 4. Minute in F\u00fchrung gegangen. Steffen Pinto De Sousa bediente den erfahrenen Mohamed El Baouti, der wie Simon Kutt sein erstes Saisonspiel f\u00fcr den FVH absolvierte. Aus 16 Metern lie\u00df El Baouti SVH-Torh\u00fcter Marcin Czukiewicz mit einem Flachschuss keine Chance. Einen fr\u00fchen Gegentreffer wollte Heddernheim eigentlich mit aller Macht verhindern, daf\u00fcr gelang es den G\u00e4sten aber keinen weiteren mehr zu kassieren. Tayfun Dikilcan, der zuvor schon beim 0:3 der Reserve gegen im Tor gestanden hatte und somit zwei Partien absolvierte, konnte sich bei Abschl\u00fcssen von Orazio Giorgianni (14.) und Antonie Willef\u00fchr (17.) erstmals beweisen. Nach einer halben Stunde f\u00fchrte ein lang geschlagener Absto\u00df von SVH-Kapit\u00e4n Philipp Siegel zu einer Gro\u00dfchance durch Rojhat \u00dcg\u00fct, aber ein FVH-Verteidiger konnte kl\u00e4ren. <\/span><\/p>\n<p><span style=\"color: #333333;\">Kurz vor der Pause sahen die 110 Zuschauer an der M\u00fchlwiese bei diesem KOL-Klassiker einen Eckball von Deniz Yatci an die Latte. Nach dem Seitenwechsel trat Heddernheim offensiv immer mutiger auf, die Drangperiode brachte zun\u00e4chst keinen Torerfolg, zuweilen fehlte wieder das Spielgl\u00fcck &#8211; \u00dcg\u00fct traf den Pfosten (69.). Nach einem unn\u00f6tigen Foulspiel im Sechzehner bekam die Heimelf einen Foulelfmeter zugesprochen. Den konnte Pinto da Sousa nicht verwandeln, denn Czukiewicz parierte wie schon in der Vorwoche (72.). In der langen Nachspielzeit bedingt durch die Verletzung des Heddernheimers Giorgianni kam es zur letzten Ausf\u00fchrung eines Eckballs. Alle G\u00e4steakteure inklusive Czukiewicz versammelten sich im Hausener Strafraum.<\/span><\/p>\n<blockquote>\n<h4>&#8222;Stattdessen wurden wir nerv\u00f6s, haben aufgeh\u00f6rt unser Spiel zu machen&#8220; (Hausen-Trainer Federico da Costa Coutinho)<\/h4>\n<\/blockquote>\n<p><span style=\"color: #333333;\">St\u00fcrmer Christos Papadopoulos legte ab und K\u00f6hler traf in letzter Sekunde zum vielumjubelten 1:1 (90.\/+7). &#8222;Irgendwann haben uns die Kr\u00e4fte gefehlt und gegen diese st\u00e4mmige Mannschaft, die komplett vorne war, konnten wir den letzten Eckball schwer verteidigen&#8220;, bedauerte FVH-Trainer Federico da Costa Coutinho. &#8222;Wir wollten Heddernheim auch nach dem 1:0 zu unsauberen langen B\u00e4llen zwingen. Stattdessen wurden wir nerv\u00f6s, haben aufgeh\u00f6rt unser Spiel zu machen und ich musste verletzungsbedingt Antonio Vidovic und Simon Kutt, einen Sechser und einen Au\u00dfenverteidiger, auswechseln&#8220;, schilderte der Hausener Coach. &#8222;Es wurde dann ein Kampfspiel und wir haben uns auf das Verteidigen konzentriert. Der Elfmeter war ein Geschenk des Himmels, da m\u00fcssen wir das 2:0 machen. Das Unentschieden ist mehr als verdient f\u00fcr Heddernheim&#8220;, res\u00fcmierte der FVH-Coach. <\/span><\/p>\n<p><span style=\"color: #333333;\">Sein Kollege Andreas Berggold war hocherfreut \u00fcber den sp\u00e4ten Ausgleich: &#8222;Das 1:1 ist absolut verdient. Hier war sogar mehr drin, wir waren die aktivere Mannschaft. Ein Dreier w\u00e4re m\u00f6glich gewesen, aber \u00fcber den Punkt in der siebten Minute der Nachspielzeit kann man am Ende auch froh sein. Es war ein sehr emotionales Spiel. Wir haben so gespielt, wie man spielen muss, wenn man unten steht. Nach dem Ausgleich hatte ich G\u00e4nsehaut, das war sehr bewegend. Da war eine Mannschaft auf dem Platz, da hat jeder f\u00fcr jeden gek\u00e4mpft. Aber: Ein Tor aus sechs, sieben guten M\u00f6glichkeiten ist zu wenig. Am Ende m\u00fcssen wir aber \u00fcber das Remis doch froh sein.&#8220; Bemerkenswert: Heddernheim ist ausw\u00e4rts damit weiter ungeschlagen (Ein Sieg, vier Unentschieden).\u00a0<\/span><\/p>\n<h4>Schiedsrichter: Jonas Doumaz (Eschborn). Zuschauer: 110.<\/h4>\n<h4>Tore: 1:0 Mohamed El Baouti (4.), 1:1 Florian K\u00f6hler (90.\/+7).<\/h4>\n<p>\u00a0<\/p>\n<p>\u00a0<\/p>\n<p>\u00a0<\/p>\n<p>\u00a0<\/p>\n\n\n<figure class=\"wp-block-gallery has-nested-images columns-default is-cropped wp-block-gallery-1 is-layout-flex wp-block-gallery-is-layout-flex\">\n<figure class=\"wp-block-image size-large is-style-rounded\"><img decoding=\"async\" data-id=\"3492\" src=\"http:\/\/insideamateurfussball-ffm.de\/wp-content\/uploads\/2022\/10\/FVH1-1024x768.jpg\" alt=\"\" class=\"wp-image-3492\"\/><\/figure>\n<\/figure>\n\n\n\n<figure class=\"wp-block-gallery has-nested-images columns-default is-cropped wp-block-gallery-2 is-layout-flex wp-block-gallery-is-layout-flex\">\n<figure class=\"wp-block-image size-large is-style-rounded\"><img decoding=\"async\" data-id=\"3493\" src=\"http:\/\/insideamateurfussball-ffm.de\/wp-content\/uploads\/2022\/10\/FVH2-1024x768.jpg\" alt=\"\" class=\"wp-image-3493\"\/><\/figure>\n<\/figure>\n\n\n\n<figure class=\"wp-block-gallery has-nested-images columns-default is-cropped wp-block-gallery-3 is-layout-flex wp-block-gallery-is-layout-flex\">\n<figure class=\"wp-block-image size-large is-style-rounded\"><img decoding=\"async\" data-id=\"3494\" src=\"http:\/\/insideamateurfussball-ffm.de\/wp-content\/uploads\/2022\/10\/FVH3-1024x768.jpg\" alt=\"\" class=\"wp-image-3494\"\/><\/figure>\n<\/figure>\n\n\n\n<figure class=\"wp-block-gallery has-nested-images columns-default is-cropped wp-block-gallery-4 is-layout-flex wp-block-gallery-is-layout-flex\">\n<figure class=\"wp-block-image size-large is-style-rounded\"><img decoding=\"async\" data-id=\"3495\" src=\"http:\/\/insideamateurfussball-ffm.de\/wp-content\/uploads\/2022\/10\/FVH4-1024x768.jpg\" alt=\"\" class=\"wp-image-3495\"\/><\/figure>\n<\/figure>\n","protected":false},"excerpt":{"rendered":"<p>In b\u00fcchst\u00e4blich letzter Sekunde kam der SV 07 Heddernheim am Sonntag in der Kreisoberliga Frankfurt im Ausw\u00e4rtsspiel beim FV Hausen zum Ausgleich. Die Gastgeber mussten sich nach einer fr\u00fchen F\u00fchrung letztlich mit einem 1:1 (1:0)-Unentschieden gegen die derzeit in den Abstiegskampf verwickelten Gr\u00fcn-Wei\u00dfen begn\u00fcgen.\u00a0 \u00a0 FV Hausen &#8211; SV 07 Heddernheim 1:1 (1:0) Die Lila-Wei\u00dfen [&hellip;]<\/p>\n","protected":false},"author":1,"featured_media":3491,"comment_status":"open","ping_status":"open","sticky":false,"template":"","format":"standard","meta":{"footnotes":""},"categories":[2],"tags":[],"class_list":["post-3490","post","type-post","status-publish","format-standard","has-post-thumbnail","hentry","category-kreisoberliga-frankfurt"],"_links":{"self":[{"href":"https:\/\/insideamateurfussball-ffm.de\/index.php?rest_route=\/wp\/v2\/posts\/3490","targetHints":{"allow":["GET"]}}],"collection":[{"href":"https:\/\/insideamateurfussball-ffm.de\/index.php?rest_route=\/wp\/v2\/posts"}],"about":[{"href":"https:\/\/insideamateurfussball-ffm.de\/index.php?rest_route=\/wp\/v2\/types\/post"}],"author":[{"embeddable":true,"href":"https:\/\/insideamateurfussball-ffm.de\/index.php?rest_route=\/wp\/v2\/users\/1"}],"replies":[{"embeddable":true,"href":"https:\/\/insideamateurfussball-ffm.de\/index.php?rest_route=%2Fwp%2Fv2%2Fcomments&post=3490"}],"version-history":[{"count":1,"href":"https:\/\/insideamateurfussball-ffm.de\/index.php?rest_route=\/wp\/v2\/posts\/3490\/revisions"}],"predecessor-version":[{"id":3496,"href":"https:\/\/insideamateurfussball-ffm.de\/index.php?rest_route=\/wp\/v2\/posts\/3490\/revisions\/3496"}],"wp:featuredmedia":[{"embeddable":true,"href":"https:\/\/insideamateurfussball-ffm.de\/index.php?rest_route=\/wp\/v2\/media\/3491"}],"wp:attachment":[{"href":"https:\/\/insideamateurfussball-ffm.de\/index.php?rest_route=%2Fwp%2Fv2%2Fmedia&parent=3490"}],"wp:term":[{"taxonomy":"category","embeddable":true,"href":"https:\/\/insideamateurfussball-ffm.de\/index.php?rest_route=%2Fwp%2Fv2%2Fcategories&post=3490"},{"taxonomy":"post_tag","embeddable":true,"href":"https:\/\/insideamateurfussball-ffm.de\/index.php?rest_route=%2Fwp%2Fv2%2Ftags&post=3490"}],"curies":[{"name":"wp","href":"https:\/\/api.w.org\/{rel}","templated":true}]}}