{"id":3468,"date":"2022-10-25T17:46:39","date_gmt":"2022-10-25T15:46:39","guid":{"rendered":"http:\/\/insideamateurfussball-ffm.de\/?p=3468"},"modified":"2025-01-10T14:33:07","modified_gmt":"2025-01-10T13:33:07","slug":"30-westend-mental-ueberlegen-bildergalerie","status":"publish","type":"post","link":"https:\/\/insideamateurfussball-ffm.de\/?p=3468","title":{"rendered":"3:0! Westend mental \u00fcberlegen &#8211; Bildergalerie"},"content":{"rendered":"<h4>Mit dem 3:0-Heimsieg gegen Aufsteiger SG Harheim \u00fcberholte die SG Westend am Sonntag in der Kreisoberliga Frankfurt den Kontrahenten und schob sich bereits auf Rang sechs vor. Mit 18 Punkten geh\u00f6rt der Gruppenliga-Absteiger jetzt dem oberen Drittel an. Harheim hingegen durchl\u00e4uft derzeit eine Ergebniskrise. Die Mannschaft aus dem Frankfurter Norden ist seit vier Partien ohne Sieg, steht aber mit Rang acht noch ordentlich da.\u00a0<\/h4>\n<figure id=\"attachment_3469\" aria-describedby=\"caption-attachment-3469\" style=\"width: 310px\" class=\"wp-caption alignnone\"><img loading=\"lazy\" decoding=\"async\" class=\"wp-image-3469\" src=\"http:\/\/insideamateurfussball-ffm.de\/wp-content\/uploads\/2022\/10\/west1-2-300x202.jpg\" alt=\"\" width=\"310\" height=\"209\" \/><figcaption id=\"caption-attachment-3469\" class=\"wp-caption-text\"><strong>Schon beim Warmmachen sp\u00fcrte man bei der SG Westend h\u00f6chste Konzentration. Foto: Mithat G\u00fcrser. <\/strong><\/figcaption><\/figure>\n<h4>SG Westend &#8211; SG Harheim 3:0 (2:0)<\/h4>\n<p><img loading=\"lazy\" decoding=\"async\" class=\"alignnone size-full wp-image-611\" src=\"http:\/\/insideamateurfussball-ffm.de\/wp-content\/uploads\/2022\/06\/Westend.png\" alt=\"\" width=\"69\" height=\"80\" \/><img loading=\"lazy\" decoding=\"async\" class=\"alignnone size-full wp-image-284\" src=\"http:\/\/insideamateurfussball-ffm.de\/wp-content\/uploads\/2022\/05\/Harheim.jpg\" alt=\"\" width=\"78\" height=\"80\" \/><\/p>\n<p><span style=\"color: #333333;\">An der Seitenlinie w\u00e4re es zu einem interessanten Trainerduell gekommen. Westends Esad Golos und Harheims Tomas Pelayo lieferten sich zu fr\u00fcheren Zeiten im Main-Taunus-Kreis viele Begegnungen als Spieler. Doch Vereinspatron Golos weilte wie der Sportliche Leiter Thomas Horn im Urlaub, sodass die Mannschaft von Spielertrainer Rejhan Poturovic betreut wurde. Nach dem Abpfiff konnte Poturovic jubeln, denn der Gruppenliga-Absteiger hatte den Aufsteiger durch die Tore von Kenam Hadzic (9.), Amin Kambuhe (41.) und Belmin Kuc (65.) deutlich besiegt und nimmt nun Kurs auf das obere Tabellendrittel.<\/span><\/p>\n<p><span style=\"color: #333333;\"> Sein Mitspieler Fuad Salihovic hatte &#8222;eines der besseren Spiele, die Westend gespielt hat mit einer sehr guten Harheimer Mannschaft&#8220; gesehen. &#8222;Jeder Spieler hat alles gegeben, ich w\u00fcrde niemanden hervorheben. Mit Poturovics Einwechslung haben wir gekonnt die F\u00fchrung gehalten&#8220;, meinte der Routinier und sprach ein gro\u00dfes Lob an den Schiedsrichter aus: &#8222;Er hat fehlerfrei gepfiffen.&#8220;<\/span><\/p>\n<blockquote>\n<h4>&#8222;Wir sind nur hinterher gelaufen&#8220; (Harheims Trainer Tomas Pelayo)<\/h4>\n<\/blockquote>\n<p><span style=\"color: #333333;\">G\u00e4stecoach Tomas Pelayo fehlten kurzfristig vier Stammspieler wegen eines Kurzurlaubes. Der spanische Trainer erkannte die Niederlage als verdient an: &#8222;Das Ergebnis spiegelt unseren Charakter wider. Westend war mental \u00fcberlegen. Wir sind nur hinterher gelaufen und ich hatte es der Mannschaft gesagt, dass auf so einem schlechten Rasenplatz kein Fu\u00dfball gespielt werden kann.&#8220; <\/span><\/p>\n<p><span style=\"color: #333333;\">Ein nicht gegebener Elfmeter an Jonas Kaulich und weitere vergebene M\u00f6glichkeiten taten ihr \u00fcbriges. &#8222;Noch stehen wir gut da, aber das kann sich auch schnell in eine Abw\u00e4rtsspirale drehen. Einstellung und Mentalit\u00e4t haben gefehlt&#8220;, meinte Pelayo kurz und knapp. In der 86. Minute musste Westend-Kapit\u00e4n Mirsen Mehmedovic nach einem r\u00fcden Einsteigen an der Mittellinie mit der Zeitstrafe vom Feld, da war das Spiel aber l\u00e4ngst entschieden.\u00a0<\/span><\/p>\n<h4>Schiedsrichter: K.A. Zuschauer: 30.<\/h4>\n<h4>Tore: 1:0 Kenam Hadzic (9.), 2:0 Amin Kambuhe (41.), 3:0 Belmin Kuc (65.).<\/h4>\n<p><span style=\"color: #333333;\">Bildergalerie Mithat G\u00fcrser:\u00a0<\/span><\/p>\n<p>\u00a0<\/p>\n\n\n<figure class=\"wp-block-image size-full is-style-rounded\"><img decoding=\"async\" src=\"http:\/\/insideamateurfussball-ffm.de\/wp-content\/uploads\/2022\/10\/west5.jpg\" alt=\"\" class=\"wp-image-3470\"\/><\/figure>\n\n\n\n<figure class=\"wp-block-gallery has-nested-images columns-default is-cropped wp-block-gallery-1 is-layout-flex wp-block-gallery-is-layout-flex\">\n<figure class=\"wp-block-image size-large is-style-rounded\"><img decoding=\"async\" data-id=\"3471\" src=\"http:\/\/insideamateurfussball-ffm.de\/wp-content\/uploads\/2022\/10\/west9-1.jpg\" alt=\"\" class=\"wp-image-3471\"\/><\/figure>\n<\/figure>\n\n\n\n<figure class=\"wp-block-gallery has-nested-images columns-default is-cropped wp-block-gallery-2 is-layout-flex wp-block-gallery-is-layout-flex\">\n<figure class=\"wp-block-image size-large is-style-rounded\"><img decoding=\"async\" data-id=\"3472\" src=\"http:\/\/insideamateurfussball-ffm.de\/wp-content\/uploads\/2022\/10\/west13.jpg\" alt=\"\" class=\"wp-image-3472\"\/><\/figure>\n<\/figure>\n\n\n\n<figure class=\"wp-block-gallery has-nested-images columns-default is-cropped wp-block-gallery-3 is-layout-flex wp-block-gallery-is-layout-flex\">\n<figure class=\"wp-block-image size-large is-style-rounded\"><img decoding=\"async\" data-id=\"3473\" src=\"http:\/\/insideamateurfussball-ffm.de\/wp-content\/uploads\/2022\/10\/west17-1.jpg\" alt=\"\" class=\"wp-image-3473\"\/><\/figure>\n<\/figure>\n\n\n\n<figure class=\"wp-block-gallery has-nested-images columns-default is-cropped wp-block-gallery-4 is-layout-flex wp-block-gallery-is-layout-flex\">\n<figure class=\"wp-block-image size-large is-style-rounded\"><img decoding=\"async\" data-id=\"3474\" src=\"http:\/\/insideamateurfussball-ffm.de\/wp-content\/uploads\/2022\/10\/trainer.jpg\" alt=\"\" class=\"wp-image-3474\"\/><\/figure>\n<\/figure>\n\n\n\n<figure class=\"wp-block-gallery has-nested-images columns-default is-cropped wp-block-gallery-5 is-layout-flex wp-block-gallery-is-layout-flex\">\n<figure class=\"wp-block-image size-large is-style-rounded\"><img decoding=\"async\" data-id=\"3475\" src=\"http:\/\/insideamateurfussball-ffm.de\/wp-content\/uploads\/2022\/10\/west3-2.jpg\" alt=\"\" class=\"wp-image-3475\"\/><\/figure>\n<\/figure>\n\n\n\n<figure class=\"wp-block-gallery has-nested-images columns-default is-cropped wp-block-gallery-6 is-layout-flex wp-block-gallery-is-layout-flex\">\n<figure class=\"wp-block-image size-large is-style-rounded\"><img decoding=\"async\" data-id=\"3476\" src=\"http:\/\/insideamateurfussball-ffm.de\/wp-content\/uploads\/2022\/10\/west7.jpg\" alt=\"\" class=\"wp-image-3476\"\/><\/figure>\n<\/figure>\n\n\n\n<figure class=\"wp-block-gallery has-nested-images columns-default is-cropped wp-block-gallery-7 is-layout-flex wp-block-gallery-is-layout-flex\">\n<figure class=\"wp-block-image size-large is-style-rounded\"><img decoding=\"async\" data-id=\"3477\" src=\"http:\/\/insideamateurfussball-ffm.de\/wp-content\/uploads\/2022\/10\/west11-2.jpg\" alt=\"\" class=\"wp-image-3477\"\/><\/figure>\n<\/figure>\n\n\n\n<figure class=\"wp-block-gallery has-nested-images columns-default is-cropped wp-block-gallery-8 is-layout-flex wp-block-gallery-is-layout-flex\">\n<figure class=\"wp-block-image size-large is-style-rounded\"><img decoding=\"async\" data-id=\"3478\" src=\"http:\/\/insideamateurfussball-ffm.de\/wp-content\/uploads\/2022\/10\/west15.jpg\" alt=\"\" class=\"wp-image-3478\"\/><\/figure>\n<\/figure>\n\n\n\n<figure class=\"wp-block-gallery has-nested-images columns-default is-cropped wp-block-gallery-9 is-layout-flex wp-block-gallery-is-layout-flex\">\n<figure class=\"wp-block-image size-large is-style-rounded\"><img decoding=\"async\" data-id=\"3479\" src=\"http:\/\/insideamateurfussball-ffm.de\/wp-content\/uploads\/2022\/10\/west19.jpg\" alt=\"\" class=\"wp-image-3479\"\/><\/figure>\n<\/figure>\n\n\n\n<figure class=\"wp-block-gallery has-nested-images columns-default is-cropped wp-block-gallery-10 is-layout-flex wp-block-gallery-is-layout-flex\">\n<figure class=\"wp-block-image size-large is-style-rounded\"><img decoding=\"async\" data-id=\"3480\" src=\"http:\/\/insideamateurfussball-ffm.de\/wp-content\/uploads\/2022\/10\/west2.jpg\" alt=\"\" class=\"wp-image-3480\"\/><\/figure>\n<\/figure>\n\n\n\n<figure class=\"wp-block-gallery has-nested-images columns-default is-cropped wp-block-gallery-11 is-layout-flex wp-block-gallery-is-layout-flex\">\n<figure class=\"wp-block-image size-large is-style-rounded\"><img decoding=\"async\" data-id=\"3481\" src=\"http:\/\/insideamateurfussball-ffm.de\/wp-content\/uploads\/2022\/10\/west6-1.jpg\" alt=\"\" class=\"wp-image-3481\"\/><\/figure>\n<\/figure>\n\n\n\n<figure class=\"wp-block-gallery has-nested-images columns-default is-cropped wp-block-gallery-12 is-layout-flex wp-block-gallery-is-layout-flex\">\n<figure class=\"wp-block-image size-large is-style-rounded\"><img decoding=\"async\" data-id=\"3483\" src=\"http:\/\/insideamateurfussball-ffm.de\/wp-content\/uploads\/2022\/10\/west10.jpg\" alt=\"\" class=\"wp-image-3483\"\/><\/figure>\n<\/figure>\n\n\n\n<figure class=\"wp-block-gallery has-nested-images columns-default is-cropped wp-block-gallery-13 is-layout-flex wp-block-gallery-is-layout-flex\">\n<figure class=\"wp-block-image size-large is-style-rounded\"><img decoding=\"async\" data-id=\"3484\" src=\"http:\/\/insideamateurfussball-ffm.de\/wp-content\/uploads\/2022\/10\/west14.jpg\" alt=\"\" class=\"wp-image-3484\"\/><\/figure>\n<\/figure>\n","protected":false},"excerpt":{"rendered":"<p>Mit dem 3:0-Heimsieg gegen Aufsteiger SG Harheim \u00fcberholte die SG Westend am Sonntag in der Kreisoberliga Frankfurt den Kontrahenten und schob sich bereits auf Rang sechs vor. Mit 18 Punkten geh\u00f6rt der Gruppenliga-Absteiger jetzt dem oberen Drittel an. Harheim hingegen durchl\u00e4uft derzeit eine Ergebniskrise. Die Mannschaft aus dem Frankfurter Norden ist seit vier Partien ohne [&hellip;]<\/p>\n","protected":false},"author":1,"featured_media":0,"comment_status":"open","ping_status":"open","sticky":false,"template":"","format":"standard","meta":{"footnotes":""},"categories":[2],"tags":[],"class_list":["post-3468","post","type-post","status-publish","format-standard","hentry","category-kreisoberliga-frankfurt"],"_links":{"self":[{"href":"https:\/\/insideamateurfussball-ffm.de\/index.php?rest_route=\/wp\/v2\/posts\/3468","targetHints":{"allow":["GET"]}}],"collection":[{"href":"https:\/\/insideamateurfussball-ffm.de\/index.php?rest_route=\/wp\/v2\/posts"}],"about":[{"href":"https:\/\/insideamateurfussball-ffm.de\/index.php?rest_route=\/wp\/v2\/types\/post"}],"author":[{"embeddable":true,"href":"https:\/\/insideamateurfussball-ffm.de\/index.php?rest_route=\/wp\/v2\/users\/1"}],"replies":[{"embeddable":true,"href":"https:\/\/insideamateurfussball-ffm.de\/index.php?rest_route=%2Fwp%2Fv2%2Fcomments&post=3468"}],"version-history":[{"count":1,"href":"https:\/\/insideamateurfussball-ffm.de\/index.php?rest_route=\/wp\/v2\/posts\/3468\/revisions"}],"predecessor-version":[{"id":3485,"href":"https:\/\/insideamateurfussball-ffm.de\/index.php?rest_route=\/wp\/v2\/posts\/3468\/revisions\/3485"}],"wp:attachment":[{"href":"https:\/\/insideamateurfussball-ffm.de\/index.php?rest_route=%2Fwp%2Fv2%2Fmedia&parent=3468"}],"wp:term":[{"taxonomy":"category","embeddable":true,"href":"https:\/\/insideamateurfussball-ffm.de\/index.php?rest_route=%2Fwp%2Fv2%2Fcategories&post=3468"},{"taxonomy":"post_tag","embeddable":true,"href":"https:\/\/insideamateurfussball-ffm.de\/index.php?rest_route=%2Fwp%2Fv2%2Ftags&post=3468"}],"curies":[{"name":"wp","href":"https:\/\/api.w.org\/{rel}","templated":true}]}}