{"id":3458,"date":"2022-10-24T22:43:54","date_gmt":"2022-10-24T20:43:54","guid":{"rendered":"http:\/\/insideamateurfussball-ffm.de\/?p=3458"},"modified":"2025-01-10T14:24:25","modified_gmt":"2025-01-10T13:24:25","slug":"koeksal-sichert-oberraeder-pflichtsieg-gegen-schlusslicht","status":"publish","type":"post","link":"https:\/\/insideamateurfussball-ffm.de\/?p=3458","title":{"rendered":"K\u00f6ksal sichert Oberr\u00e4der Pflichtsieg"},"content":{"rendered":"<h4>Aufgrund eines internationalen U9-Turniers spielte die Spvgg. 05 Oberrad in der Gruppenliga Frankfurt West erst um 17.30 Uhr gegen Schlusslicht und Liganeuling TSG Ober-W\u00f6llstadt. Mit 3:1 (1:0) gewann das Team von Trainer Sascha Amst\u00e4tter diese als Pflichtaufgabe deklarierte Begegnung.<\/h4>\n<figure id=\"attachment_3459\" aria-describedby=\"caption-attachment-3459\" style=\"width: 310px\" class=\"wp-caption alignnone\"><img loading=\"lazy\" decoding=\"async\" class=\"wp-image-3459\" src=\"http:\/\/insideamateurfussball-ffm.de\/wp-content\/uploads\/2022\/10\/kaan-300x216.jpg\" alt=\"\" width=\"310\" height=\"223\" \/><figcaption id=\"caption-attachment-3459\" class=\"wp-caption-text\"><strong>Oberrads Kapit\u00e4n und Torj\u00e4ger Kaan K\u00f6ksal (rechts) begr\u00fc\u00dft den Seckbacher Kristian Leonhardt. Archivfoto: Mithat G\u00fcrser. <\/strong><\/figcaption><\/figure>\n<h4>Spvgg. 05 Oberrad &#8211; TSG Ober-W\u00f6llstadt 3:1 (1:0)<\/h4>\n<p><img loading=\"lazy\" decoding=\"async\" class=\"alignnone size-full wp-image-137\" src=\"http:\/\/insideamateurfussball-ffm.de\/wp-content\/uploads\/2022\/05\/Oberrad05.jpg\" alt=\"\" width=\"79\" height=\"80\" \/><img loading=\"lazy\" decoding=\"async\" class=\"alignnone size-full wp-image-1216\" src=\"http:\/\/insideamateurfussball-ffm.de\/wp-content\/uploads\/2022\/07\/TSG-OW.jpg\" alt=\"\" width=\"70\" height=\"80\" \/><\/p>\n<p><span style=\"color: #333333;\">Beim ersten Aufeinandertreffen der beiden Vereine war der Verbandsliga-Absteiger gegen das Schlusslicht deutlich \u00fcberlegen. Das Team von Trainer Sascha Amst\u00e4tter verpasste es aber, dem 1:0 durch Hatem Fekih (11.) weitere Tore folgen zu lassen. Erst Kapit\u00e4n Kaan K\u00f6ksal erl\u00f6ste die Oberr\u00e4der Anh\u00e4nger nach einer Ecke von Josef Sultani mit dem 2:0 (76.). Nachdem Alexander D\u00fcring verk\u00fcrzte (82.) stellte K\u00f6ksal den Endstand her (85.). &#8222;Wir haben ganz viele Chancen liegen lassen&#8220;, \u00e4rgerte sich Amst\u00e4tter trotz des Sieges.<\/span><\/p>\n<h4>Schiedsrichter: Tim Binstadt (Darmstadt). Zuschauer: 100.<\/h4>\n<h4>Tore: 1:0 Hatem Fekih (11.), 2:0 Kaan K\u00f6ksal (76.), 2:1 Alexander Mark D\u00fcring (82.), 3:1 Kaan K\u00f6ksal (85.).<\/h4>\n","protected":false},"excerpt":{"rendered":"<p>Aufgrund eines internationalen U9-Turniers spielte die Spvgg. 05 Oberrad in der Gruppenliga Frankfurt West erst um 17.30 Uhr gegen Schlusslicht und Liganeuling TSG Ober-W\u00f6llstadt. Mit 3:1 (1:0) gewann das Team von Trainer Sascha Amst\u00e4tter diese als Pflichtaufgabe deklarierte Begegnung. Spvgg. 05 Oberrad &#8211; TSG Ober-W\u00f6llstadt 3:1 (1:0) Beim ersten Aufeinandertreffen der beiden Vereine war der [&hellip;]<\/p>\n","protected":false},"author":1,"featured_media":0,"comment_status":"open","ping_status":"open","sticky":false,"template":"","format":"standard","meta":{"footnotes":""},"categories":[13],"tags":[],"class_list":["post-3458","post","type-post","status-publish","format-standard","hentry","category-gruppenliga-frankfurt-west"],"_links":{"self":[{"href":"https:\/\/insideamateurfussball-ffm.de\/index.php?rest_route=\/wp\/v2\/posts\/3458","targetHints":{"allow":["GET"]}}],"collection":[{"href":"https:\/\/insideamateurfussball-ffm.de\/index.php?rest_route=\/wp\/v2\/posts"}],"about":[{"href":"https:\/\/insideamateurfussball-ffm.de\/index.php?rest_route=\/wp\/v2\/types\/post"}],"author":[{"embeddable":true,"href":"https:\/\/insideamateurfussball-ffm.de\/index.php?rest_route=\/wp\/v2\/users\/1"}],"replies":[{"embeddable":true,"href":"https:\/\/insideamateurfussball-ffm.de\/index.php?rest_route=%2Fwp%2Fv2%2Fcomments&post=3458"}],"version-history":[{"count":2,"href":"https:\/\/insideamateurfussball-ffm.de\/index.php?rest_route=\/wp\/v2\/posts\/3458\/revisions"}],"predecessor-version":[{"id":3461,"href":"https:\/\/insideamateurfussball-ffm.de\/index.php?rest_route=\/wp\/v2\/posts\/3458\/revisions\/3461"}],"wp:attachment":[{"href":"https:\/\/insideamateurfussball-ffm.de\/index.php?rest_route=%2Fwp%2Fv2%2Fmedia&parent=3458"}],"wp:term":[{"taxonomy":"category","embeddable":true,"href":"https:\/\/insideamateurfussball-ffm.de\/index.php?rest_route=%2Fwp%2Fv2%2Fcategories&post=3458"},{"taxonomy":"post_tag","embeddable":true,"href":"https:\/\/insideamateurfussball-ffm.de\/index.php?rest_route=%2Fwp%2Fv2%2Ftags&post=3458"}],"curies":[{"name":"wp","href":"https:\/\/api.w.org\/{rel}","templated":true}]}}