{"id":34576,"date":"2026-09-02T22:02:00","date_gmt":"2026-09-02T21:02:00","guid":{"rendered":"https:\/\/insideamateurfussball-ffm.de\/?p=34576"},"modified":"2026-09-04T16:35:22","modified_gmt":"2026-09-04T15:35:22","slug":"westend-fuer-topspiel-gut-vorbereitet","status":"publish","type":"post","link":"https:\/\/insideamateurfussball-ffm.de\/?p=34576","title":{"rendered":"Westend f\u00fcr Topspiel gut vorbereitet"},"content":{"rendered":"<h5><strong><span style=\"font-size: 16px; font-family: 'comic sans ms', sans-serif;\">F\u00fcnfter Sieg im f\u00fcnften Spiel der SG Westend, die den bisher unbesiegten SV Viktoria Preu\u00dfen 1:0 bezwang und am Sonntag als Tabellenf\u00fchrer zum ebenfalls verlustpunktfreien FC Posavina zum Topspiel f\u00e4hrt.\u00a0<\/span><\/strong><\/h5>\n<figure id=\"attachment_34577\" aria-describedby=\"caption-attachment-34577\" style=\"width: 150px\" class=\"wp-caption alignleft\"><img loading=\"lazy\" decoding=\"async\" class=\"wp-image-34577 size-thumbnail\" src=\"http:\/\/insideamateurfussball-ffm.de\/wp-content\/uploads\/2026\/09\/weste-preus-9-150x150.jpg\" alt=\"\" width=\"150\" height=\"150\" \/><figcaption id=\"caption-attachment-34577\" class=\"wp-caption-text\">Westend in gelb-blau neu eingekleidet. Foto: Mithat G\u00fcrser.<\/figcaption><\/figure>\n<h5><strong><span style=\"font-family: 'comic sans ms', sans-serif; font-size: 16px;\">SG Westend &#8211; SV Viktoria Preu\u00dfen 1:0 (0:0)<\/span><\/strong><\/h5>\n<p><img loading=\"lazy\" decoding=\"async\" class=\"alignnone size-full wp-image-611\" src=\"http:\/\/insideamateurfussball-ffm.de\/wp-content\/uploads\/2022\/06\/Westend.png\" alt=\"\" width=\"69\" height=\"80\" \/><img loading=\"lazy\" decoding=\"async\" class=\"alignnone size-full wp-image-12\" src=\"http:\/\/insideamateurfussball-ffm.de\/wp-content\/uploads\/2021\/11\/preussen.jpg\" alt=\"\" width=\"72\" height=\"80\" \/><\/p>\n<p><span style=\"font-family: 'comic sans ms', sans-serif;\">Das Tor des Tages an der Sondershausenstra\u00dfe markierte auf dem gro\u00dfen Rasenplatz Kenam Hadzic nach dem Seitenwechsel (53.). In der 90. Minute erhielt der &#8222;Preu\u00dfe&#8220; Shalahdin Mimoun Abdellah wegen wiederholten Foulspiels die Gelb-Rote Karte. &#8222;Ein sehr kampfbetontes Spiel. Wir m\u00fcssen die erste Halbzeit 2:0 oder 3:0 f\u00fchren, aber Preu\u00dfen-Torwart Cedric Wohlgemuth hat \u00fcberragend gehalten. Wir hatten aber alles im Griff, aber die Preu\u00dfen hatten noch eine Riesenchance, die unser Ersatztorwart Luka Radosavljevic super gehalten hat. Im gro\u00dfen und ganzen hartumk\u00e4mpftes Spiel mit vielen Blessuren. Der Schiedsrichter hat es gut gemacht und viel laufen lassen. Verdient gewonnen, zwar knapp, aber wichtig&#8220;, fasste Westend-Trainer Vait Arslanoski vor dem Spitzenspiel beim FC Posavina zusammen. <\/span><\/p>\n<p><span style=\"font-family: 'comic sans ms', sans-serif;\">F\u00fcr den SV Viktoria Preu\u00dfen geht es am Sonntag mit dem Heimspiel gegen den noch sieglosen 1. R\u00f6delheimer FC 02 weiter.\u00a0<\/span><\/p>\n<h5><strong><span style=\"font-family: 'comic sans ms', sans-serif; font-size: 16px;\">Schiedsrichter: Sascha Dimmer (SV Bruchenbr\u00fccken). Zuschauer: 74. Tor: 1:0 Kenam Hadzic (53.). <\/span><\/strong><\/h5>\n<h5><strong><span style=\"font-family: 'comic sans ms', sans-serif; font-size: 16px;\">Bildergalerie: Mithat G\u00fcrser.\u00a0<\/span><\/strong><\/h5>\n<p><img loading=\"lazy\" decoding=\"async\" class=\"alignnone size-full wp-image-34577\" src=\"http:\/\/insideamateurfussball-ffm.de\/wp-content\/uploads\/2026\/09\/weste-preus-9.jpg\" alt=\"\" width=\"886\" height=\"609\" srcset=\"https:\/\/insideamateurfussball-ffm.de\/wp-content\/uploads\/2026\/09\/weste-preus-9.jpg 886w, https:\/\/insideamateurfussball-ffm.de\/wp-content\/uploads\/2026\/09\/weste-preus-9-300x206.jpg 300w, https:\/\/insideamateurfussball-ffm.de\/wp-content\/uploads\/2026\/09\/weste-preus-9-768x528.jpg 768w\" sizes=\"auto, (max-width: 886px) 100vw, 886px\" \/><\/p>\n<p><img loading=\"lazy\" decoding=\"async\" class=\"alignnone size-full wp-image-34579\" src=\"http:\/\/insideamateurfussball-ffm.de\/wp-content\/uploads\/2026\/09\/weste-preus-16.jpg\" alt=\"\" width=\"886\" height=\"629\" srcset=\"https:\/\/insideamateurfussball-ffm.de\/wp-content\/uploads\/2026\/09\/weste-preus-16.jpg 886w, https:\/\/insideamateurfussball-ffm.de\/wp-content\/uploads\/2026\/09\/weste-preus-16-300x213.jpg 300w, https:\/\/insideamateurfussball-ffm.de\/wp-content\/uploads\/2026\/09\/weste-preus-16-768x545.jpg 768w\" sizes=\"auto, (max-width: 886px) 100vw, 886px\" \/><\/p>\n<p><img loading=\"lazy\" decoding=\"async\" class=\"alignnone size-large wp-image-34580\" src=\"http:\/\/insideamateurfussball-ffm.de\/wp-content\/uploads\/2026\/09\/weste-trainer-team-2026-1024x731.jpg\" alt=\"\" width=\"640\" height=\"457\" srcset=\"https:\/\/insideamateurfussball-ffm.de\/wp-content\/uploads\/2026\/09\/weste-trainer-team-2026-1024x731.jpg 1024w, https:\/\/insideamateurfussball-ffm.de\/wp-content\/uploads\/2026\/09\/weste-trainer-team-2026-300x214.jpg 300w, https:\/\/insideamateurfussball-ffm.de\/wp-content\/uploads\/2026\/09\/weste-trainer-team-2026-768x548.jpg 768w, https:\/\/insideamateurfussball-ffm.de\/wp-content\/uploads\/2026\/09\/weste-trainer-team-2026.jpg 1048w\" sizes=\"auto, (max-width: 640px) 100vw, 640px\" \/><\/p>\n<p><img loading=\"lazy\" decoding=\"async\" class=\"alignnone size-full wp-image-34581\" src=\"http:\/\/insideamateurfussball-ffm.de\/wp-content\/uploads\/2026\/09\/weste-capitano1.jpg\" alt=\"\" width=\"886\" height=\"683\" srcset=\"https:\/\/insideamateurfussball-ffm.de\/wp-content\/uploads\/2026\/09\/weste-capitano1.jpg 886w, https:\/\/insideamateurfussball-ffm.de\/wp-content\/uploads\/2026\/09\/weste-capitano1-300x231.jpg 300w, https:\/\/insideamateurfussball-ffm.de\/wp-content\/uploads\/2026\/09\/weste-capitano1-768x592.jpg 768w\" sizes=\"auto, (max-width: 886px) 100vw, 886px\" \/><\/p>\n<p><img loading=\"lazy\" decoding=\"async\" class=\"alignnone size-full wp-image-34582\" src=\"http:\/\/insideamateurfussball-ffm.de\/wp-content\/uploads\/2026\/09\/weste-preus-1.jpg\" alt=\"\" width=\"886\" height=\"606\" srcset=\"https:\/\/insideamateurfussball-ffm.de\/wp-content\/uploads\/2026\/09\/weste-preus-1.jpg 886w, https:\/\/insideamateurfussball-ffm.de\/wp-content\/uploads\/2026\/09\/weste-preus-1-300x205.jpg 300w, https:\/\/insideamateurfussball-ffm.de\/wp-content\/uploads\/2026\/09\/weste-preus-1-768x525.jpg 768w\" sizes=\"auto, (max-width: 886px) 100vw, 886px\" \/><\/p>\n<p><img loading=\"lazy\" decoding=\"async\" class=\"alignnone size-full wp-image-34583\" src=\"http:\/\/insideamateurfussball-ffm.de\/wp-content\/uploads\/2026\/09\/weste-preus-11.jpg\" alt=\"\" width=\"886\" height=\"589\" srcset=\"https:\/\/insideamateurfussball-ffm.de\/wp-content\/uploads\/2026\/09\/weste-preus-11.jpg 886w, https:\/\/insideamateurfussball-ffm.de\/wp-content\/uploads\/2026\/09\/weste-preus-11-300x199.jpg 300w, https:\/\/insideamateurfussball-ffm.de\/wp-content\/uploads\/2026\/09\/weste-preus-11-768x511.jpg 768w\" sizes=\"auto, (max-width: 886px) 100vw, 886px\" \/><\/p>\n<p><img loading=\"lazy\" decoding=\"async\" class=\"alignnone size-full wp-image-34584\" src=\"http:\/\/insideamateurfussball-ffm.de\/wp-content\/uploads\/2026\/09\/weste-preus-18.jpg\" alt=\"\" width=\"907\" height=\"667\" srcset=\"https:\/\/insideamateurfussball-ffm.de\/wp-content\/uploads\/2026\/09\/weste-preus-18.jpg 907w, https:\/\/insideamateurfussball-ffm.de\/wp-content\/uploads\/2026\/09\/weste-preus-18-300x221.jpg 300w, https:\/\/insideamateurfussball-ffm.de\/wp-content\/uploads\/2026\/09\/weste-preus-18-768x565.jpg 768w\" sizes=\"auto, (max-width: 907px) 100vw, 907px\" \/><\/p>\n<p><img loading=\"lazy\" decoding=\"async\" class=\"alignnone size-full wp-image-34585\" src=\"http:\/\/insideamateurfussball-ffm.de\/wp-content\/uploads\/2026\/09\/west-preus-5.jpg\" alt=\"\" width=\"886\" height=\"549\" srcset=\"https:\/\/insideamateurfussball-ffm.de\/wp-content\/uploads\/2026\/09\/west-preus-5.jpg 886w, https:\/\/insideamateurfussball-ffm.de\/wp-content\/uploads\/2026\/09\/west-preus-5-300x186.jpg 300w, https:\/\/insideamateurfussball-ffm.de\/wp-content\/uploads\/2026\/09\/west-preus-5-768x476.jpg 768w\" sizes=\"auto, (max-width: 886px) 100vw, 886px\" \/><\/p>\n<p><img loading=\"lazy\" decoding=\"async\" class=\"alignnone size-full wp-image-34586\" src=\"http:\/\/insideamateurfussball-ffm.de\/wp-content\/uploads\/2026\/09\/weste-preuss-trainerteam11.jpg\" alt=\"\" width=\"886\" height=\"582\" srcset=\"https:\/\/insideamateurfussball-ffm.de\/wp-content\/uploads\/2026\/09\/weste-preuss-trainerteam11.jpg 886w, https:\/\/insideamateurfussball-ffm.de\/wp-content\/uploads\/2026\/09\/weste-preuss-trainerteam11-300x197.jpg 300w, https:\/\/insideamateurfussball-ffm.de\/wp-content\/uploads\/2026\/09\/weste-preuss-trainerteam11-768x504.jpg 768w\" sizes=\"auto, (max-width: 886px) 100vw, 886px\" \/><\/p>\n<p><img loading=\"lazy\" decoding=\"async\" class=\"alignnone size-full wp-image-34587\" src=\"http:\/\/insideamateurfussball-ffm.de\/wp-content\/uploads\/2026\/09\/weste-preus-6.jpg\" alt=\"\" width=\"886\" height=\"605\" srcset=\"https:\/\/insideamateurfussball-ffm.de\/wp-content\/uploads\/2026\/09\/weste-preus-6.jpg 886w, https:\/\/insideamateurfussball-ffm.de\/wp-content\/uploads\/2026\/09\/weste-preus-6-300x205.jpg 300w, https:\/\/insideamateurfussball-ffm.de\/wp-content\/uploads\/2026\/09\/weste-preus-6-768x524.jpg 768w\" sizes=\"auto, (max-width: 886px) 100vw, 886px\" \/><\/p>\n<p><img loading=\"lazy\" decoding=\"async\" class=\"alignnone size-full wp-image-34588\" src=\"http:\/\/insideamateurfussball-ffm.de\/wp-content\/uploads\/2026\/09\/weste-preus-15.jpg\" alt=\"\" width=\"886\" height=\"640\" srcset=\"https:\/\/insideamateurfussball-ffm.de\/wp-content\/uploads\/2026\/09\/weste-preus-15.jpg 886w, https:\/\/insideamateurfussball-ffm.de\/wp-content\/uploads\/2026\/09\/weste-preus-15-300x217.jpg 300w, https:\/\/insideamateurfussball-ffm.de\/wp-content\/uploads\/2026\/09\/weste-preus-15-768x555.jpg 768w\" sizes=\"auto, (max-width: 886px) 100vw, 886px\" \/><\/p>\n<p><img loading=\"lazy\" decoding=\"async\" class=\"alignnone size-full wp-image-34589\" src=\"http:\/\/insideamateurfussball-ffm.de\/wp-content\/uploads\/2026\/09\/weste-preus-20.jpg\" alt=\"\" width=\"886\" height=\"668\" srcset=\"https:\/\/insideamateurfussball-ffm.de\/wp-content\/uploads\/2026\/09\/weste-preus-20.jpg 886w, https:\/\/insideamateurfussball-ffm.de\/wp-content\/uploads\/2026\/09\/weste-preus-20-300x226.jpg 300w, https:\/\/insideamateurfussball-ffm.de\/wp-content\/uploads\/2026\/09\/weste-preus-20-768x579.jpg 768w\" sizes=\"auto, (max-width: 886px) 100vw, 886px\" \/><\/p>\n<p><img loading=\"lazy\" decoding=\"async\" class=\"alignnone size-large wp-image-34590\" src=\"http:\/\/insideamateurfussball-ffm.de\/wp-content\/uploads\/2026\/09\/weste-11-1024x681.jpg\" alt=\"\" width=\"640\" height=\"426\" srcset=\"https:\/\/insideamateurfussball-ffm.de\/wp-content\/uploads\/2026\/09\/weste-11-1024x681.jpg 1024w, https:\/\/insideamateurfussball-ffm.de\/wp-content\/uploads\/2026\/09\/weste-11-300x200.jpg 300w, https:\/\/insideamateurfussball-ffm.de\/wp-content\/uploads\/2026\/09\/weste-11-768x511.jpg 768w, https:\/\/insideamateurfussball-ffm.de\/wp-content\/uploads\/2026\/09\/weste-11.jpg 1039w\" sizes=\"auto, (max-width: 640px) 100vw, 640px\" \/><\/p>\n<p><img loading=\"lazy\" decoding=\"async\" class=\"alignnone size-full wp-image-34591\" src=\"http:\/\/insideamateurfussball-ffm.de\/wp-content\/uploads\/2026\/09\/weste-preu-8.jpg\" alt=\"\" width=\"886\" height=\"640\" srcset=\"https:\/\/insideamateurfussball-ffm.de\/wp-content\/uploads\/2026\/09\/weste-preu-8.jpg 886w, https:\/\/insideamateurfussball-ffm.de\/wp-content\/uploads\/2026\/09\/weste-preu-8-300x217.jpg 300w, https:\/\/insideamateurfussball-ffm.de\/wp-content\/uploads\/2026\/09\/weste-preu-8-768x555.jpg 768w\" sizes=\"auto, (max-width: 886px) 100vw, 886px\" \/><\/p>\n<p><img loading=\"lazy\" decoding=\"async\" class=\"alignnone size-full wp-image-34592\" src=\"http:\/\/insideamateurfussball-ffm.de\/wp-content\/uploads\/2026\/09\/weste-preus-10.jpg\" alt=\"\" width=\"886\" height=\"615\" srcset=\"https:\/\/insideamateurfussball-ffm.de\/wp-content\/uploads\/2026\/09\/weste-preus-10.jpg 886w, https:\/\/insideamateurfussball-ffm.de\/wp-content\/uploads\/2026\/09\/weste-preus-10-300x208.jpg 300w, https:\/\/insideamateurfussball-ffm.de\/wp-content\/uploads\/2026\/09\/weste-preus-10-768x533.jpg 768w\" sizes=\"auto, (max-width: 886px) 100vw, 886px\" \/><\/p>\n<p><img loading=\"lazy\" decoding=\"async\" class=\"alignnone size-full wp-image-34593\" src=\"http:\/\/insideamateurfussball-ffm.de\/wp-content\/uploads\/2026\/09\/weste-preus-17.jpg\" alt=\"\" width=\"874\" height=\"616\" srcset=\"https:\/\/insideamateurfussball-ffm.de\/wp-content\/uploads\/2026\/09\/weste-preus-17.jpg 874w, https:\/\/insideamateurfussball-ffm.de\/wp-content\/uploads\/2026\/09\/weste-preus-17-300x211.jpg 300w, https:\/\/insideamateurfussball-ffm.de\/wp-content\/uploads\/2026\/09\/weste-preus-17-768x541.jpg 768w\" sizes=\"auto, (max-width: 874px) 100vw, 874px\" \/><\/p>\n<p><img loading=\"lazy\" decoding=\"async\" class=\"alignnone size-full wp-image-34594\" src=\"http:\/\/insideamateurfussball-ffm.de\/wp-content\/uploads\/2026\/09\/west-preu-2.jpg\" alt=\"\" width=\"886\" height=\"598\" srcset=\"https:\/\/insideamateurfussball-ffm.de\/wp-content\/uploads\/2026\/09\/west-preu-2.jpg 886w, https:\/\/insideamateurfussball-ffm.de\/wp-content\/uploads\/2026\/09\/west-preu-2-300x202.jpg 300w, https:\/\/insideamateurfussball-ffm.de\/wp-content\/uploads\/2026\/09\/west-preu-2-768x518.jpg 768w\" sizes=\"auto, (max-width: 886px) 100vw, 886px\" \/><\/p>\n<p><img loading=\"lazy\" decoding=\"async\" class=\"alignnone size-full wp-image-34595\" src=\"http:\/\/insideamateurfussball-ffm.de\/wp-content\/uploads\/2026\/09\/weste-mannsc1.jpg\" alt=\"\" width=\"860\" height=\"595\" srcset=\"https:\/\/insideamateurfussball-ffm.de\/wp-content\/uploads\/2026\/09\/weste-mannsc1.jpg 860w, https:\/\/insideamateurfussball-ffm.de\/wp-content\/uploads\/2026\/09\/weste-mannsc1-300x208.jpg 300w, https:\/\/insideamateurfussball-ffm.de\/wp-content\/uploads\/2026\/09\/weste-mannsc1-768x531.jpg 768w\" sizes=\"auto, (max-width: 860px) 100vw, 860px\" \/><\/p>\n<p><img loading=\"lazy\" decoding=\"async\" class=\"alignnone size-full wp-image-34596\" src=\"http:\/\/insideamateurfussball-ffm.de\/wp-content\/uploads\/2026\/09\/weste-preus-4.jpg\" alt=\"\" width=\"886\" height=\"583\" srcset=\"https:\/\/insideamateurfussball-ffm.de\/wp-content\/uploads\/2026\/09\/weste-preus-4.jpg 886w, https:\/\/insideamateurfussball-ffm.de\/wp-content\/uploads\/2026\/09\/weste-preus-4-300x197.jpg 300w, https:\/\/insideamateurfussball-ffm.de\/wp-content\/uploads\/2026\/09\/weste-preus-4-768x505.jpg 768w\" sizes=\"auto, (max-width: 886px) 100vw, 886px\" \/><\/p>\n<p><img loading=\"lazy\" decoding=\"async\" class=\"alignnone size-full wp-image-34597\" src=\"http:\/\/insideamateurfussball-ffm.de\/wp-content\/uploads\/2026\/09\/weste-preus-13.jpg\" alt=\"\" width=\"886\" height=\"618\" srcset=\"https:\/\/insideamateurfussball-ffm.de\/wp-content\/uploads\/2026\/09\/weste-preus-13.jpg 886w, https:\/\/insideamateurfussball-ffm.de\/wp-content\/uploads\/2026\/09\/weste-preus-13-300x209.jpg 300w, https:\/\/insideamateurfussball-ffm.de\/wp-content\/uploads\/2026\/09\/weste-preus-13-768x536.jpg 768w\" sizes=\"auto, (max-width: 886px) 100vw, 886px\" \/><\/p>\n<p><img loading=\"lazy\" decoding=\"async\" class=\"alignnone size-full wp-image-34598\" src=\"http:\/\/insideamateurfussball-ffm.de\/wp-content\/uploads\/2026\/09\/weste-preus-19.jpg\" alt=\"\" width=\"886\" height=\"612\" srcset=\"https:\/\/insideamateurfussball-ffm.de\/wp-content\/uploads\/2026\/09\/weste-preus-19.jpg 886w, https:\/\/insideamateurfussball-ffm.de\/wp-content\/uploads\/2026\/09\/weste-preus-19-300x207.jpg 300w, https:\/\/insideamateurfussball-ffm.de\/wp-content\/uploads\/2026\/09\/weste-preus-19-768x530.jpg 768w\" sizes=\"auto, (max-width: 886px) 100vw, 886px\" \/><\/p>\n<p><img loading=\"lazy\" decoding=\"async\" class=\"alignnone size-full wp-image-34599\" src=\"http:\/\/insideamateurfussball-ffm.de\/wp-content\/uploads\/2026\/09\/west-preus-6.jpg\" alt=\"\" width=\"886\" height=\"589\" srcset=\"https:\/\/insideamateurfussball-ffm.de\/wp-content\/uploads\/2026\/09\/west-preus-6.jpg 886w, https:\/\/insideamateurfussball-ffm.de\/wp-content\/uploads\/2026\/09\/west-preus-6-300x199.jpg 300w, https:\/\/insideamateurfussball-ffm.de\/wp-content\/uploads\/2026\/09\/west-preus-6-768x511.jpg 768w\" sizes=\"auto, (max-width: 886px) 100vw, 886px\" \/><\/p>\n<p>&nbsp;<\/p>\n","protected":false},"excerpt":{"rendered":"<p>F\u00fcnfter Sieg im f\u00fcnften Spiel der SG Westend, die den bisher unbesiegten SV Viktoria Preu\u00dfen 1:0 bezwang und am Sonntag als Tabellenf\u00fchrer zum ebenfalls verlustpunktfreien FC Posavina zum Topspiel f\u00e4hrt.\u00a0 SG Westend &#8211; SV Viktoria Preu\u00dfen 1:0 (0:0) Das Tor des Tages an der Sondershausenstra\u00dfe markierte auf dem gro\u00dfen Rasenplatz Kenam Hadzic nach dem Seitenwechsel [&hellip;]<\/p>\n","protected":false},"author":1,"featured_media":34577,"comment_status":"closed","ping_status":"closed","sticky":true,"template":"","format":"standard","meta":{"footnotes":""},"categories":[2],"tags":[],"class_list":["post-34576","post","type-post","status-publish","format-standard","has-post-thumbnail","hentry","category-kreisoberliga-frankfurt"],"_links":{"self":[{"href":"https:\/\/insideamateurfussball-ffm.de\/index.php?rest_route=\/wp\/v2\/posts\/34576","targetHints":{"allow":["GET"]}}],"collection":[{"href":"https:\/\/insideamateurfussball-ffm.de\/index.php?rest_route=\/wp\/v2\/posts"}],"about":[{"href":"https:\/\/insideamateurfussball-ffm.de\/index.php?rest_route=\/wp\/v2\/types\/post"}],"author":[{"embeddable":true,"href":"https:\/\/insideamateurfussball-ffm.de\/index.php?rest_route=\/wp\/v2\/users\/1"}],"replies":[{"embeddable":true,"href":"https:\/\/insideamateurfussball-ffm.de\/index.php?rest_route=%2Fwp%2Fv2%2Fcomments&post=34576"}],"version-history":[{"count":3,"href":"https:\/\/insideamateurfussball-ffm.de\/index.php?rest_route=\/wp\/v2\/posts\/34576\/revisions"}],"predecessor-version":[{"id":34601,"href":"https:\/\/insideamateurfussball-ffm.de\/index.php?rest_route=\/wp\/v2\/posts\/34576\/revisions\/34601"}],"wp:featuredmedia":[{"embeddable":true,"href":"https:\/\/insideamateurfussball-ffm.de\/index.php?rest_route=\/wp\/v2\/media\/34577"}],"wp:attachment":[{"href":"https:\/\/insideamateurfussball-ffm.de\/index.php?rest_route=%2Fwp%2Fv2%2Fmedia&parent=34576"}],"wp:term":[{"taxonomy":"category","embeddable":true,"href":"https:\/\/insideamateurfussball-ffm.de\/index.php?rest_route=%2Fwp%2Fv2%2Fcategories&post=34576"},{"taxonomy":"post_tag","embeddable":true,"href":"https:\/\/insideamateurfussball-ffm.de\/index.php?rest_route=%2Fwp%2Fv2%2Ftags&post=34576"}],"curies":[{"name":"wp","href":"https:\/\/api.w.org\/{rel}","templated":true}]}}