{"id":34573,"date":"2026-09-02T19:09:00","date_gmt":"2026-09-02T18:09:00","guid":{"rendered":"https:\/\/insideamateurfussball-ffm.de\/?p=34573"},"modified":"2026-09-04T16:02:10","modified_gmt":"2026-09-04T15:02:10","slug":"makkabi-nach-81-oben-dran","status":"publish","type":"post","link":"https:\/\/insideamateurfussball-ffm.de\/?p=34573","title":{"rendered":"Makkabi nach 8:1 oben dran"},"content":{"rendered":"<h5><strong><span style=\"font-size: 16px; font-family: 'comic sans ms', sans-serif;\">Mit dem 8:1-Kantersieg gegen Aufsteiger TuS Nieder-Eschbach geht die Tendenz f\u00fcr Mitfavorit TuS Makkabi mit dem dritten Sieg nach oben. Damit gelang der Sprung auf den f\u00fcnften Rang gegen die G\u00e4ste aus dem Norden der Stadt, denen nach der ersten Niederlage auch noch ein Spielverlust am gr\u00fcnen Tisch droht. Am 1. Spieltag gegen Concordia Eschersheim (2:1) kam ein Spieler ohne Passbild zum Einsatz, der Verein hat Einspruch gegen die 0:3-Umwertung eingelegt.\u00a0<\/span><\/strong><\/h5>\n<figure id=\"attachment_34314\" aria-describedby=\"caption-attachment-34314\" style=\"width: 150px\" class=\"wp-caption alignleft\"><img loading=\"lazy\" decoding=\"async\" class=\"wp-image-34314 size-thumbnail\" src=\"http:\/\/insideamateurfussball-ffm.de\/wp-content\/uploads\/2026\/08\/makka-gudes-7-150x150.jpg\" alt=\"\" width=\"150\" height=\"150\" \/><figcaption id=\"caption-attachment-34314\" class=\"wp-caption-text\">Makkabi gewann 8:1. Foto: Mithat G\u00fcrser.\u00a0<\/figcaption><\/figure>\n<h5><span style=\"font-family: 'comic sans ms', sans-serif; font-size: 16px;\">TuS Makkabi &#8211; TuS Nieder-Eschbach 8:1 (5:0)<\/span><\/h5>\n<p><img loading=\"lazy\" decoding=\"async\" class=\"alignnone size-full wp-image-90\" src=\"http:\/\/insideamateurfussball-ffm.de\/wp-content\/uploads\/2022\/05\/makkabi-neu.jpg\" alt=\"\" width=\"80\" height=\"80\" \/><img loading=\"lazy\" decoding=\"async\" class=\"alignnone size-full wp-image-3202\" src=\"http:\/\/insideamateurfussball-ffm.de\/wp-content\/uploads\/2022\/10\/nieder-eschb.png\" alt=\"\" width=\"57\" height=\"80\" \/><\/p>\n<p><span style=\"font-family: 'comic sans ms', sans-serif;\">Am neuen Makkabi-Campus unterlief den G\u00e4sten durch Marcel Hofmann ein Eigentor (11.). Kurz danach erh\u00f6hte Makkabi mit Leon Suhr (14.). Die Gelb-Rote Karte gegen Nico Raimondi wegen einer Unsportlichkeit schw\u00e4chte die G\u00e4ste (20.). &#8222;Nico bekommt den Ellbogen ins Gesicht, Makkabi spielt weiter und macht das 2:0. Unabh\u00e4ngig davon waren wir nicht da, es war ein gebrauchter Tag&#8220;, erz\u00e4hlte Nieder-Eschbachs Trainer Michele Raimondi. <\/span><\/p>\n<p><span style=\"font-family: 'comic sans ms', sans-serif;\">So konnten die Hausherren mit Jakop Zapke (23.), David Hrvacanin (29.) und Daniel Chimuanya Isika (45.\/+1) bis zur Pause auf 5:0 davon ziehen. <\/span><span style=\"font-family: 'comic sans ms', sans-serif;\">Nach dem Seitenwechsel ging der Torreigen weiter: Leon Suhr (49.) und Philipp Hahn (54.) stellten auf 7:0, dann erzielte Nieder-Eschbach durch Leon Valentic den Ehrentreffer (56.). <\/span><\/p>\n<p><span style=\"font-family: 'comic sans ms', sans-serif;\">Den Schlusspunkt setzte Amen Binyame Fesseha (63.), dabei blieb es auch. &#8222;Wir waren richtig gut, hatten Chancen im Minutentakt&#8220;, erkl\u00e4rte Makkabi-Trainer Lasse Krakow, der sich \u00fcber die kurzfristige Absage des Kreispokalspiels durch B-Ligist TSG Nieder-Erlenbach \u00e4rgerte: &#8222;Ich habe Spieler im Kader, die auch mal spielen wollen.&#8220; <\/span><\/p>\n<p><span style=\"font-family: 'comic sans ms', sans-serif;\">F\u00fcr Makkabi geht es am Sonntag mit dem Ausw\u00e4rtsspiel beim FC Germania Enkheim weiter. Zeitgleich geht es f\u00fcr Nieder-Eschbach in einem weiteren prestigetr\u00e4chtigen Nord-Derby gegen Mitaufsteiger SV Bonames darum, wieder in die Spur zu kommen.\u00a0 \u00a0<\/span><\/p>\n<h5><span style=\"font-family: 'comic sans ms', sans-serif; font-size: 16px;\"><strong>Schiedsrichter: Torben Ebeling (Spvgg. Eltville). Zuschauer: 68. Tore: 1:0 Marcel Hofmann (11.\/Eigentor), 2:0 Leon Suhr (14.), 3:0 Jakob Zapke (23.), 4:0 David Hrvacanin (29.), 5:0 Daniel Chimuanya Isika (45.\/+1), 6:0 Leon Suhr (49.), 7:0 Philipp Hahn (54.), 7:1 Leon Valentic (56.), 8:1 Amen Binyame Fesseha (63.).<\/strong><\/span><\/h5>\n<h5><span style=\"font-size: 16px;\"> \u00a0<\/span><\/h5>\n","protected":false},"excerpt":{"rendered":"<p>Mit dem 8:1-Kantersieg gegen Aufsteiger TuS Nieder-Eschbach geht die Tendenz f\u00fcr Mitfavorit TuS Makkabi mit dem dritten Sieg nach oben. Damit gelang der Sprung auf den f\u00fcnften Rang gegen die G\u00e4ste aus dem Norden der Stadt, denen nach der ersten Niederlage auch noch ein Spielverlust am gr\u00fcnen Tisch droht. Am 1. Spieltag gegen Concordia Eschersheim [&hellip;]<\/p>\n","protected":false},"author":1,"featured_media":34314,"comment_status":"closed","ping_status":"closed","sticky":true,"template":"","format":"standard","meta":{"footnotes":""},"categories":[2],"tags":[],"class_list":["post-34573","post","type-post","status-publish","format-standard","has-post-thumbnail","hentry","category-kreisoberliga-frankfurt"],"_links":{"self":[{"href":"https:\/\/insideamateurfussball-ffm.de\/index.php?rest_route=\/wp\/v2\/posts\/34573","targetHints":{"allow":["GET"]}}],"collection":[{"href":"https:\/\/insideamateurfussball-ffm.de\/index.php?rest_route=\/wp\/v2\/posts"}],"about":[{"href":"https:\/\/insideamateurfussball-ffm.de\/index.php?rest_route=\/wp\/v2\/types\/post"}],"author":[{"embeddable":true,"href":"https:\/\/insideamateurfussball-ffm.de\/index.php?rest_route=\/wp\/v2\/users\/1"}],"replies":[{"embeddable":true,"href":"https:\/\/insideamateurfussball-ffm.de\/index.php?rest_route=%2Fwp%2Fv2%2Fcomments&post=34573"}],"version-history":[{"count":2,"href":"https:\/\/insideamateurfussball-ffm.de\/index.php?rest_route=\/wp\/v2\/posts\/34573\/revisions"}],"predecessor-version":[{"id":34575,"href":"https:\/\/insideamateurfussball-ffm.de\/index.php?rest_route=\/wp\/v2\/posts\/34573\/revisions\/34575"}],"wp:featuredmedia":[{"embeddable":true,"href":"https:\/\/insideamateurfussball-ffm.de\/index.php?rest_route=\/wp\/v2\/media\/34314"}],"wp:attachment":[{"href":"https:\/\/insideamateurfussball-ffm.de\/index.php?rest_route=%2Fwp%2Fv2%2Fmedia&parent=34573"}],"wp:term":[{"taxonomy":"category","embeddable":true,"href":"https:\/\/insideamateurfussball-ffm.de\/index.php?rest_route=%2Fwp%2Fv2%2Fcategories&post=34573"},{"taxonomy":"post_tag","embeddable":true,"href":"https:\/\/insideamateurfussball-ffm.de\/index.php?rest_route=%2Fwp%2Fv2%2Ftags&post=34573"}],"curies":[{"name":"wp","href":"https:\/\/api.w.org\/{rel}","templated":true}]}}