{"id":3455,"date":"2022-10-24T22:27:49","date_gmt":"2022-10-24T20:27:49","guid":{"rendered":"http:\/\/insideamateurfussball-ffm.de\/?p=3455"},"modified":"2025-01-10T14:24:31","modified_gmt":"2025-01-10T13:24:31","slug":"seckbach-ohne-offensive-zu-harmlos","status":"publish","type":"post","link":"https:\/\/insideamateurfussball-ffm.de\/?p=3455","title":{"rendered":"Seckbach ohne Offensive zu harmlos"},"content":{"rendered":"<h4>Die FG Seckbach bleibt in der Gruppenliga Frankfurt West als einziger Vertreter des Kreises Frankfurt in der Abstiegszone. Gegen Tabellenf\u00fchrer FC Neu-Anspach unterlag das Team von Spielertrainer Manuel May aber nur mit 0:1 (0:1).<\/h4>\n<figure id=\"attachment_3456\" aria-describedby=\"caption-attachment-3456\" style=\"width: 1220px\" class=\"wp-caption alignnone\"><img loading=\"lazy\" decoding=\"async\" class=\"wp-image-3456 size-full\" src=\"http:\/\/insideamateurfussball-ffm.de\/wp-content\/uploads\/2022\/10\/kalbachvsseckbach-15.jpg\" alt=\"\" width=\"1220\" height=\"1829\" \/><figcaption id=\"caption-attachment-3456\" class=\"wp-caption-text\"><\/strong> <strong>Wataru Murata wurde zur Pause f\u00fcr Armin Denck eingewechselt. Archivfoto: Anzzo Sports. <\/strong><\/figcaption><\/figure>\n<h4>FG Seckbach &#8211; FC Neu-Anspach 0:1 (0:1)<\/h4>\n<p><img loading=\"lazy\" decoding=\"async\" class=\"alignnone size-full wp-image-544\" src=\"http:\/\/insideamateurfussball-ffm.de\/wp-content\/uploads\/2022\/06\/Seckbach.jpg\" alt=\"\" width=\"80\" height=\"80\" \/><img loading=\"lazy\" decoding=\"async\" class=\"alignnone size-full wp-image-2292\" src=\"http:\/\/insideamateurfussball-ffm.de\/wp-content\/uploads\/2022\/08\/FCNA.jpg\" alt=\"\" width=\"80\" height=\"79\" \/><\/p>\n<p><span style=\"color: #333333;\">Seckbach bleibt als einziger Verein aus dem Kreis Frankfurt auf einem Abstiegsplatz. Maziar Namavizadeh vollendete den m\u00fchsamen Sieg des Tabellenf\u00fchrers mit einem Flachschuss aus 18 Metern (36.). Ansonsten gab es auf dem Rasenplatz an der Hochst\u00e4dter Stra\u00dfe kaum Torchancen zu notieren. Auch im zweiten Abschnitt spielte Seckbach aus einer guten Grundordnung heraus, es machte sich aber das Fehlen der kompletten Offensivreihe mit Raphael Sahl, Jonas Scheitza und Maximilian Waas bemerkbar. Die Gelb-Rote Karte erhielt der Seckbacher Luis Rodrigo Melendo (82.). &#8222;Ohne die Offensivleute waren wir zu harmlos&#8220;, gab der Seckbacher Spielausschuss-Vorsitzende Jo Nareike zu.<\/span><\/p>\n<h4>Schiedsrichter: Michael Bauer. Zuschauer: 120.<\/h4>\n<h4>Tor: 0:1 Maziar Namavizadeh (36.).<\/h4>\n","protected":false},"excerpt":{"rendered":"<p>Die FG Seckbach bleibt in der Gruppenliga Frankfurt West als einziger Vertreter des Kreises Frankfurt in der Abstiegszone. Gegen Tabellenf\u00fchrer FC Neu-Anspach unterlag das Team von Spielertrainer Manuel May aber nur mit 0:1 (0:1). FG Seckbach &#8211; FC Neu-Anspach 0:1 (0:1) Seckbach bleibt als einziger Verein aus dem Kreis Frankfurt auf einem Abstiegsplatz. Maziar Namavizadeh [&hellip;]<\/p>\n","protected":false},"author":1,"featured_media":0,"comment_status":"open","ping_status":"open","sticky":false,"template":"","format":"standard","meta":{"footnotes":""},"categories":[13],"tags":[],"class_list":["post-3455","post","type-post","status-publish","format-standard","hentry","category-gruppenliga-frankfurt-west"],"_links":{"self":[{"href":"https:\/\/insideamateurfussball-ffm.de\/index.php?rest_route=\/wp\/v2\/posts\/3455","targetHints":{"allow":["GET"]}}],"collection":[{"href":"https:\/\/insideamateurfussball-ffm.de\/index.php?rest_route=\/wp\/v2\/posts"}],"about":[{"href":"https:\/\/insideamateurfussball-ffm.de\/index.php?rest_route=\/wp\/v2\/types\/post"}],"author":[{"embeddable":true,"href":"https:\/\/insideamateurfussball-ffm.de\/index.php?rest_route=\/wp\/v2\/users\/1"}],"replies":[{"embeddable":true,"href":"https:\/\/insideamateurfussball-ffm.de\/index.php?rest_route=%2Fwp%2Fv2%2Fcomments&post=3455"}],"version-history":[{"count":1,"href":"https:\/\/insideamateurfussball-ffm.de\/index.php?rest_route=\/wp\/v2\/posts\/3455\/revisions"}],"predecessor-version":[{"id":3457,"href":"https:\/\/insideamateurfussball-ffm.de\/index.php?rest_route=\/wp\/v2\/posts\/3455\/revisions\/3457"}],"wp:attachment":[{"href":"https:\/\/insideamateurfussball-ffm.de\/index.php?rest_route=%2Fwp%2Fv2%2Fmedia&parent=3455"}],"wp:term":[{"taxonomy":"category","embeddable":true,"href":"https:\/\/insideamateurfussball-ffm.de\/index.php?rest_route=%2Fwp%2Fv2%2Fcategories&post=3455"},{"taxonomy":"post_tag","embeddable":true,"href":"https:\/\/insideamateurfussball-ffm.de\/index.php?rest_route=%2Fwp%2Fv2%2Ftags&post=3455"}],"curies":[{"name":"wp","href":"https:\/\/api.w.org\/{rel}","templated":true}]}}