{"id":34548,"date":"2026-09-04T13:38:22","date_gmt":"2026-09-04T12:38:22","guid":{"rendered":"https:\/\/insideamateurfussball-ffm.de\/?p=34548"},"modified":"2026-09-04T13:38:22","modified_gmt":"2026-09-04T12:38:22","slug":"titelverteidiger-bornheim-souveraen-in-runde-2","status":"publish","type":"post","link":"https:\/\/insideamateurfussball-ffm.de\/?p=34548","title":{"rendered":"Titelverteidiger Bornheim souver\u00e4n in Runde 2"},"content":{"rendered":"<p>Im Topspiel der ersten Runde des Frankfurter Kreispokals setzte sich der Verbandsligist und Titelverteidiger SG Bornheim beim Gruppenligisten FC Tempo souver\u00e4n mit 6:1 durch, 4 Tore zwischen der 60. und der 68.Minute entschieden das Spiel.<\/p>\n<figure id=\"attachment_34565\" aria-describedby=\"caption-attachment-34565\" style=\"width: 2560px\" class=\"wp-caption alignnone\"><img loading=\"lazy\" decoding=\"async\" class=\"wp-image-34565 size-full\" src=\"http:\/\/insideamateurfussball-ffm.de\/wp-content\/uploads\/2026\/09\/KPO_FCTempo-SGB_260903-210-scaled.jpg\" alt=\"\" width=\"2560\" height=\"1707\" srcset=\"https:\/\/insideamateurfussball-ffm.de\/wp-content\/uploads\/2026\/09\/KPO_FCTempo-SGB_260903-210-scaled.jpg 2560w, https:\/\/insideamateurfussball-ffm.de\/wp-content\/uploads\/2026\/09\/KPO_FCTempo-SGB_260903-210-300x200.jpg 300w, https:\/\/insideamateurfussball-ffm.de\/wp-content\/uploads\/2026\/09\/KPO_FCTempo-SGB_260903-210-1024x683.jpg 1024w, https:\/\/insideamateurfussball-ffm.de\/wp-content\/uploads\/2026\/09\/KPO_FCTempo-SGB_260903-210-768x512.jpg 768w, https:\/\/insideamateurfussball-ffm.de\/wp-content\/uploads\/2026\/09\/KPO_FCTempo-SGB_260903-210-1536x1024.jpg 1536w, https:\/\/insideamateurfussball-ffm.de\/wp-content\/uploads\/2026\/09\/KPO_FCTempo-SGB_260903-210-2048x1365.jpg 2048w\" sizes=\"auto, (max-width: 2560px) 100vw, 2560px\" \/><figcaption id=\"caption-attachment-34565\" class=\"wp-caption-text\">Teklu Tewelde legt sich den Ball zum Freisto\u00df zurecht, der zum 1:0 f\u00fchrt. Foto: Andre Sturmeit<\/figcaption><\/figure>\n<h4>FC Tempo &#8211; SG Bornheim 1:6 (1:2)<\/h4>\n<p><img loading=\"lazy\" decoding=\"async\" class=\"alignnone size-full wp-image-31\" src=\"http:\/\/insideamateurfussball-ffm.de\/wp-content\/uploads\/2021\/11\/Tempo.jpg\" alt=\"\" width=\"80\" height=\"80\" \/><img loading=\"lazy\" decoding=\"async\" class=\"alignnone size-full wp-image-119\" src=\"http:\/\/insideamateurfussball-ffm.de\/wp-content\/uploads\/2022\/05\/Bornheim.jpg\" alt=\"\" width=\"80\" height=\"80\" \/><\/p>\n<p>In der ersten Runde des Frankfurter Kreispokals empfing der Gruppenligist FC Tempo, letzte Saison als Tabellendritter knapp an der Relegation zur Verbandsliga gescheitert, den Verbandsligisten SG Bornheim, der in der Relegation zur Hessenliga erst im Finale gescheitert war. Tempos Trainer Nenad Malbasa meinte vor dem Spiel: \u201eheute spielen alle, die da sind, auf der Bank sitzen drei Mann aus der zweiten Mannschaft.\u201c Auch bei der SG Bornheim durfte die junge Garde ran, erg\u00e4nzt durch zwei Spieler der A-Jugend und zwei Spieler aus der zweiten Mannschaft, Teklu Tewelde und Ben sowie Jannis Schwarz sollten die Mannschaft f\u00fchren. Vor zwei Jahren konnte der FC Tempo die Bornheimer aus dem Pokal werfen, in der zweiten Runde gelang ein Sieg nach Elfmeterschie\u00dfen.<\/p>\n<p>Doch die Bornheimer zeigten auch in dieser Besetzung trotz einiger Abspielfehler ihre spielerische Klasse und gingen in der 17.Minute durch einen Freisto\u00df von Teklu Tewelde durch die Mauer mit 1:0 in F\u00fchrung. In der 23.Minute ging ein Kopfball des 10 Meter vor dem Tor freistehenden Tempo-Spielers weit am Geh\u00e4use vorbei, und in der 27.Minute hatte Bornheim viel Gl\u00fcck, dass Torwart Younes Hamouti nicht vom Platz gestellt wurde. Nach einem langen Ball lief Luka Lazarevic allein aufs Tor zu, hob den Ball \u00fcber den herauseilenden Hamouti und wurde au\u00dferhalb des Strafraums von diesem zu Fall gebracht, doch die Pfeife des Schiedsrichters blieb zum Unmut der Gastgeber stumm. Wer wei\u00df, wie sich die Partie entwickelt h\u00e4tte, wenn die Ginnheimer ab diesem Zeitpunkt in \u00dcberzahl gespielt h\u00e4tten.<\/p>\n<p>Nach einer vergebenen Chance von Nils Unbehaun in der 34.Minute war es dann Jannis Schwarz nur drei Minuten sp\u00e4ter, der Bornheim mit 2:0 in F\u00fchrung brachte, er nahm 10 Meter vor dem Tor den Ball an und vollendete aus einer Bewegung heraus (37.). \u00dcberraschend kam Tempo dann in der 40.Minute zum Anschlusstreffer, nach einer flachen Hereingabe schob Filip Sucic den Ball aus 5 Metern ins Tor zum 1:2-Halbzeitstand.\u00a0 Nachdem Hamouti in der 42. und 48.Minute mit Glanzparaden den Ausgleich verhindert hatte, fiel in den Minuten 60-68 die Entscheidung, zweimal der eingewechselte Maxim Akulov und zweimal Finn Sams erh\u00f6hten auf 6:1, die restlichen zwanzig Minuten hatte Tempo auch nach den Einwechslungen nichts mehr entgegenzusetzen, somit zog Bornheim in die zweite Runde ein und wartet jetzt bei der Auslosung auf den n\u00e4chsten Gegner.<\/p>\n<p>SG-Trainer Christian Bader war zufrieden: \u201eerste Halbzeit haben wir uns unn\u00f6tig schwergetan, zweite Halbzeit ging es dann pl\u00f6tzlich und schnell, da war das Spiel relativ schnell durch. Ich glaube, der Sieg war am Ende auch in der H\u00f6he verdient, zum Schluss war es souver\u00e4n.\u201c Tempos 1.Vorsitzende Vladimir Matijevic sprach bereits in der Halbzeit von einem schwierigen Beginn dieser Saison, der sp\u00e4t verpasste Relegationsplatz, drei Ausf\u00e4lle zu Beginn der Saison durch R\u00fccktritt und Verletzung sowie die Urlaubszeit haben ihren Tribut gefordert. Nach dem Spiel sagte Matijevic:\u201c f\u00fcr und war das heute wie ein Freundschaftsspiel, f\u00fcr uns ist der Sonntag wichtiger. Die letzten 5 Wochen haben wir zu wenig Punkte geholt, wir m\u00fcssen jetzt Gas geben und uns auf die Liga konzentrieren. Bornheim ist jetzt f\u00fcr uns ein oder zwei Stufen zu hoch, heute war Bornheim die bessere Mannschaft und wir gratulieren dem Gegner.\u201c<\/p>\n<p>Der FC Tempo bestreitet sein n\u00e4chstes Spiel am Sonntag gegen die FG Seckbach, w\u00e4hrend die SG Bornheim Sonntag zum VfB Ginsheim reisen muss. Die Auslosung zur zweiten Runde findet am 21.09.2026 statt.<\/p>\n<h4>Schiedsrichter: Simeon Elias Thomm (Spvgg. 03Fechenheim). Zuschauer: 105.<\/h4>\n<h4>Tore: 0:1 Teklu Tewelde (17.), 0:2 Jannis Schwarz (37.), 1:2 Filip Sucic (40.), 1:3 Maxim Akulov (60.), 1:4 Finn Sams (63.), 1:5 Finn Sams (65.), 1:6 Maxim Akulov (68.)<\/h4>\n<blockquote>\n<h4>Andre Sturmeit hat wieder die Fotos bereitgestellt.<\/h4>\n<\/blockquote>\n\n\n<figure class=\"wp-block-image size-large\"><img loading=\"lazy\" decoding=\"async\" width=\"1024\" height=\"683\" src=\"http:\/\/insideamateurfussball-ffm.de\/wp-content\/uploads\/2026\/09\/KPO_FCTempo-SGB_260903-41-1024x683.jpg\" alt=\"\" class=\"wp-image-34550\" srcset=\"https:\/\/insideamateurfussball-ffm.de\/wp-content\/uploads\/2026\/09\/KPO_FCTempo-SGB_260903-41-1024x683.jpg 1024w, https:\/\/insideamateurfussball-ffm.de\/wp-content\/uploads\/2026\/09\/KPO_FCTempo-SGB_260903-41-300x200.jpg 300w, https:\/\/insideamateurfussball-ffm.de\/wp-content\/uploads\/2026\/09\/KPO_FCTempo-SGB_260903-41-768x512.jpg 768w, https:\/\/insideamateurfussball-ffm.de\/wp-content\/uploads\/2026\/09\/KPO_FCTempo-SGB_260903-41-1536x1024.jpg 1536w, https:\/\/insideamateurfussball-ffm.de\/wp-content\/uploads\/2026\/09\/KPO_FCTempo-SGB_260903-41-2048x1365.jpg 2048w\" sizes=\"auto, (max-width: 1024px) 100vw, 1024px\" \/><\/figure>\n\n\n\n<figure class=\"wp-block-image size-large\"><img loading=\"lazy\" decoding=\"async\" width=\"1024\" height=\"683\" src=\"http:\/\/insideamateurfussball-ffm.de\/wp-content\/uploads\/2026\/09\/KPO_FCTempo-SGB_260903-22-1024x683.jpg\" alt=\"\" class=\"wp-image-34549\" srcset=\"https:\/\/insideamateurfussball-ffm.de\/wp-content\/uploads\/2026\/09\/KPO_FCTempo-SGB_260903-22-1024x683.jpg 1024w, https:\/\/insideamateurfussball-ffm.de\/wp-content\/uploads\/2026\/09\/KPO_FCTempo-SGB_260903-22-300x200.jpg 300w, https:\/\/insideamateurfussball-ffm.de\/wp-content\/uploads\/2026\/09\/KPO_FCTempo-SGB_260903-22-768x512.jpg 768w, https:\/\/insideamateurfussball-ffm.de\/wp-content\/uploads\/2026\/09\/KPO_FCTempo-SGB_260903-22-1536x1024.jpg 1536w, https:\/\/insideamateurfussball-ffm.de\/wp-content\/uploads\/2026\/09\/KPO_FCTempo-SGB_260903-22-2048x1365.jpg 2048w\" sizes=\"auto, (max-width: 1024px) 100vw, 1024px\" \/><\/figure>\n\n\n\n<figure class=\"wp-block-image size-large\"><img loading=\"lazy\" decoding=\"async\" width=\"1024\" height=\"683\" src=\"http:\/\/insideamateurfussball-ffm.de\/wp-content\/uploads\/2026\/09\/KPO_FCTempo-SGB_260903-55-1024x683.jpg\" alt=\"\" class=\"wp-image-34551\" srcset=\"https:\/\/insideamateurfussball-ffm.de\/wp-content\/uploads\/2026\/09\/KPO_FCTempo-SGB_260903-55-1024x683.jpg 1024w, https:\/\/insideamateurfussball-ffm.de\/wp-content\/uploads\/2026\/09\/KPO_FCTempo-SGB_260903-55-300x200.jpg 300w, https:\/\/insideamateurfussball-ffm.de\/wp-content\/uploads\/2026\/09\/KPO_FCTempo-SGB_260903-55-768x512.jpg 768w, https:\/\/insideamateurfussball-ffm.de\/wp-content\/uploads\/2026\/09\/KPO_FCTempo-SGB_260903-55-1536x1024.jpg 1536w, https:\/\/insideamateurfussball-ffm.de\/wp-content\/uploads\/2026\/09\/KPO_FCTempo-SGB_260903-55-2048x1365.jpg 2048w\" sizes=\"auto, (max-width: 1024px) 100vw, 1024px\" \/><\/figure>\n\n\n\n<figure class=\"wp-block-image size-large\"><img loading=\"lazy\" decoding=\"async\" width=\"1024\" height=\"683\" src=\"http:\/\/insideamateurfussball-ffm.de\/wp-content\/uploads\/2026\/09\/KPO_FCTempo-SGB_260903-77-1024x683.jpg\" alt=\"\" class=\"wp-image-34552\" srcset=\"https:\/\/insideamateurfussball-ffm.de\/wp-content\/uploads\/2026\/09\/KPO_FCTempo-SGB_260903-77-1024x683.jpg 1024w, https:\/\/insideamateurfussball-ffm.de\/wp-content\/uploads\/2026\/09\/KPO_FCTempo-SGB_260903-77-300x200.jpg 300w, https:\/\/insideamateurfussball-ffm.de\/wp-content\/uploads\/2026\/09\/KPO_FCTempo-SGB_260903-77-768x512.jpg 768w, https:\/\/insideamateurfussball-ffm.de\/wp-content\/uploads\/2026\/09\/KPO_FCTempo-SGB_260903-77-1536x1024.jpg 1536w, https:\/\/insideamateurfussball-ffm.de\/wp-content\/uploads\/2026\/09\/KPO_FCTempo-SGB_260903-77-2048x1365.jpg 2048w\" sizes=\"auto, (max-width: 1024px) 100vw, 1024px\" \/><\/figure>\n\n\n\n<figure class=\"wp-block-image size-large\"><img loading=\"lazy\" decoding=\"async\" width=\"1024\" height=\"683\" src=\"http:\/\/insideamateurfussball-ffm.de\/wp-content\/uploads\/2026\/09\/KPO_FCTempo-SGB_260903-104-1024x683.jpg\" alt=\"\" class=\"wp-image-34553\" srcset=\"https:\/\/insideamateurfussball-ffm.de\/wp-content\/uploads\/2026\/09\/KPO_FCTempo-SGB_260903-104-1024x683.jpg 1024w, https:\/\/insideamateurfussball-ffm.de\/wp-content\/uploads\/2026\/09\/KPO_FCTempo-SGB_260903-104-300x200.jpg 300w, https:\/\/insideamateurfussball-ffm.de\/wp-content\/uploads\/2026\/09\/KPO_FCTempo-SGB_260903-104-768x512.jpg 768w, https:\/\/insideamateurfussball-ffm.de\/wp-content\/uploads\/2026\/09\/KPO_FCTempo-SGB_260903-104-1536x1024.jpg 1536w, https:\/\/insideamateurfussball-ffm.de\/wp-content\/uploads\/2026\/09\/KPO_FCTempo-SGB_260903-104-2048x1365.jpg 2048w\" sizes=\"auto, (max-width: 1024px) 100vw, 1024px\" \/><\/figure>\n\n\n\n<figure class=\"wp-block-image size-large\"><img loading=\"lazy\" decoding=\"async\" width=\"1024\" height=\"683\" src=\"http:\/\/insideamateurfussball-ffm.de\/wp-content\/uploads\/2026\/09\/KPO_FCTempo-SGB_260903-111-1024x683.jpg\" alt=\"\" class=\"wp-image-34554\" srcset=\"https:\/\/insideamateurfussball-ffm.de\/wp-content\/uploads\/2026\/09\/KPO_FCTempo-SGB_260903-111-1024x683.jpg 1024w, https:\/\/insideamateurfussball-ffm.de\/wp-content\/uploads\/2026\/09\/KPO_FCTempo-SGB_260903-111-300x200.jpg 300w, https:\/\/insideamateurfussball-ffm.de\/wp-content\/uploads\/2026\/09\/KPO_FCTempo-SGB_260903-111-768x512.jpg 768w, https:\/\/insideamateurfussball-ffm.de\/wp-content\/uploads\/2026\/09\/KPO_FCTempo-SGB_260903-111-1536x1024.jpg 1536w, https:\/\/insideamateurfussball-ffm.de\/wp-content\/uploads\/2026\/09\/KPO_FCTempo-SGB_260903-111-2048x1365.jpg 2048w\" sizes=\"auto, (max-width: 1024px) 100vw, 1024px\" \/><\/figure>\n\n\n\n<figure class=\"wp-block-image size-large\"><img loading=\"lazy\" decoding=\"async\" width=\"1024\" height=\"683\" src=\"http:\/\/insideamateurfussball-ffm.de\/wp-content\/uploads\/2026\/09\/KPO_FCTempo-SGB_260903-118-1024x683.jpg\" alt=\"\" class=\"wp-image-34555\" srcset=\"https:\/\/insideamateurfussball-ffm.de\/wp-content\/uploads\/2026\/09\/KPO_FCTempo-SGB_260903-118-1024x683.jpg 1024w, https:\/\/insideamateurfussball-ffm.de\/wp-content\/uploads\/2026\/09\/KPO_FCTempo-SGB_260903-118-300x200.jpg 300w, https:\/\/insideamateurfussball-ffm.de\/wp-content\/uploads\/2026\/09\/KPO_FCTempo-SGB_260903-118-768x512.jpg 768w, https:\/\/insideamateurfussball-ffm.de\/wp-content\/uploads\/2026\/09\/KPO_FCTempo-SGB_260903-118-1536x1024.jpg 1536w, https:\/\/insideamateurfussball-ffm.de\/wp-content\/uploads\/2026\/09\/KPO_FCTempo-SGB_260903-118-2048x1365.jpg 2048w\" sizes=\"auto, (max-width: 1024px) 100vw, 1024px\" \/><\/figure>\n\n\n\n<figure class=\"wp-block-image size-large\"><img loading=\"lazy\" decoding=\"async\" width=\"1024\" height=\"683\" src=\"http:\/\/insideamateurfussball-ffm.de\/wp-content\/uploads\/2026\/09\/KPO_FCTempo-SGB_260903-119-1024x683.jpg\" alt=\"\" class=\"wp-image-34556\" srcset=\"https:\/\/insideamateurfussball-ffm.de\/wp-content\/uploads\/2026\/09\/KPO_FCTempo-SGB_260903-119-1024x683.jpg 1024w, https:\/\/insideamateurfussball-ffm.de\/wp-content\/uploads\/2026\/09\/KPO_FCTempo-SGB_260903-119-300x200.jpg 300w, https:\/\/insideamateurfussball-ffm.de\/wp-content\/uploads\/2026\/09\/KPO_FCTempo-SGB_260903-119-768x512.jpg 768w, https:\/\/insideamateurfussball-ffm.de\/wp-content\/uploads\/2026\/09\/KPO_FCTempo-SGB_260903-119-1536x1024.jpg 1536w, https:\/\/insideamateurfussball-ffm.de\/wp-content\/uploads\/2026\/09\/KPO_FCTempo-SGB_260903-119-2048x1365.jpg 2048w\" sizes=\"auto, (max-width: 1024px) 100vw, 1024px\" \/><\/figure>\n\n\n\n<figure class=\"wp-block-image size-large\"><img loading=\"lazy\" decoding=\"async\" width=\"1024\" height=\"683\" src=\"http:\/\/insideamateurfussball-ffm.de\/wp-content\/uploads\/2026\/09\/KPO_FCTempo-SGB_260903-130-1024x683.jpg\" alt=\"\" class=\"wp-image-34557\" srcset=\"https:\/\/insideamateurfussball-ffm.de\/wp-content\/uploads\/2026\/09\/KPO_FCTempo-SGB_260903-130-1024x683.jpg 1024w, https:\/\/insideamateurfussball-ffm.de\/wp-content\/uploads\/2026\/09\/KPO_FCTempo-SGB_260903-130-300x200.jpg 300w, https:\/\/insideamateurfussball-ffm.de\/wp-content\/uploads\/2026\/09\/KPO_FCTempo-SGB_260903-130-768x512.jpg 768w, https:\/\/insideamateurfussball-ffm.de\/wp-content\/uploads\/2026\/09\/KPO_FCTempo-SGB_260903-130-1536x1024.jpg 1536w, https:\/\/insideamateurfussball-ffm.de\/wp-content\/uploads\/2026\/09\/KPO_FCTempo-SGB_260903-130-2048x1365.jpg 2048w\" sizes=\"auto, (max-width: 1024px) 100vw, 1024px\" \/><\/figure>\n\n\n\n<figure class=\"wp-block-image size-large\"><img loading=\"lazy\" decoding=\"async\" width=\"1024\" height=\"683\" src=\"http:\/\/insideamateurfussball-ffm.de\/wp-content\/uploads\/2026\/09\/KPO_FCTempo-SGB_260903-186-1024x683.jpg\" alt=\"\" class=\"wp-image-34563\" srcset=\"https:\/\/insideamateurfussball-ffm.de\/wp-content\/uploads\/2026\/09\/KPO_FCTempo-SGB_260903-186-1024x683.jpg 1024w, https:\/\/insideamateurfussball-ffm.de\/wp-content\/uploads\/2026\/09\/KPO_FCTempo-SGB_260903-186-300x200.jpg 300w, https:\/\/insideamateurfussball-ffm.de\/wp-content\/uploads\/2026\/09\/KPO_FCTempo-SGB_260903-186-768x512.jpg 768w, https:\/\/insideamateurfussball-ffm.de\/wp-content\/uploads\/2026\/09\/KPO_FCTempo-SGB_260903-186-1536x1024.jpg 1536w, https:\/\/insideamateurfussball-ffm.de\/wp-content\/uploads\/2026\/09\/KPO_FCTempo-SGB_260903-186-2048x1365.jpg 2048w\" sizes=\"auto, (max-width: 1024px) 100vw, 1024px\" \/><\/figure>\n\n\n\n<figure class=\"wp-block-image size-large\"><img loading=\"lazy\" decoding=\"async\" width=\"1024\" height=\"683\" src=\"http:\/\/insideamateurfussball-ffm.de\/wp-content\/uploads\/2026\/09\/KPO_FCTempo-SGB_260903-155-1024x683.jpg\" alt=\"\" class=\"wp-image-34559\" srcset=\"https:\/\/insideamateurfussball-ffm.de\/wp-content\/uploads\/2026\/09\/KPO_FCTempo-SGB_260903-155-1024x683.jpg 1024w, https:\/\/insideamateurfussball-ffm.de\/wp-content\/uploads\/2026\/09\/KPO_FCTempo-SGB_260903-155-300x200.jpg 300w, https:\/\/insideamateurfussball-ffm.de\/wp-content\/uploads\/2026\/09\/KPO_FCTempo-SGB_260903-155-768x512.jpg 768w, https:\/\/insideamateurfussball-ffm.de\/wp-content\/uploads\/2026\/09\/KPO_FCTempo-SGB_260903-155-1536x1024.jpg 1536w, https:\/\/insideamateurfussball-ffm.de\/wp-content\/uploads\/2026\/09\/KPO_FCTempo-SGB_260903-155-2048x1365.jpg 2048w\" sizes=\"auto, (max-width: 1024px) 100vw, 1024px\" \/><\/figure>\n\n\n\n<figure class=\"wp-block-image size-large\"><img loading=\"lazy\" decoding=\"async\" width=\"1024\" height=\"683\" src=\"http:\/\/insideamateurfussball-ffm.de\/wp-content\/uploads\/2026\/09\/KPO_FCTempo-SGB_260903-159-1024x683.jpg\" alt=\"\" class=\"wp-image-34560\" srcset=\"https:\/\/insideamateurfussball-ffm.de\/wp-content\/uploads\/2026\/09\/KPO_FCTempo-SGB_260903-159-1024x683.jpg 1024w, https:\/\/insideamateurfussball-ffm.de\/wp-content\/uploads\/2026\/09\/KPO_FCTempo-SGB_260903-159-300x200.jpg 300w, https:\/\/insideamateurfussball-ffm.de\/wp-content\/uploads\/2026\/09\/KPO_FCTempo-SGB_260903-159-768x512.jpg 768w, https:\/\/insideamateurfussball-ffm.de\/wp-content\/uploads\/2026\/09\/KPO_FCTempo-SGB_260903-159-1536x1024.jpg 1536w, https:\/\/insideamateurfussball-ffm.de\/wp-content\/uploads\/2026\/09\/KPO_FCTempo-SGB_260903-159-2048x1365.jpg 2048w\" sizes=\"auto, (max-width: 1024px) 100vw, 1024px\" \/><\/figure>\n\n\n\n<figure class=\"wp-block-image size-large\"><img loading=\"lazy\" decoding=\"async\" width=\"1024\" height=\"683\" src=\"http:\/\/insideamateurfussball-ffm.de\/wp-content\/uploads\/2026\/09\/KPO_FCTempo-SGB_260903-172-1024x683.jpg\" alt=\"\" class=\"wp-image-34561\" srcset=\"https:\/\/insideamateurfussball-ffm.de\/wp-content\/uploads\/2026\/09\/KPO_FCTempo-SGB_260903-172-1024x683.jpg 1024w, https:\/\/insideamateurfussball-ffm.de\/wp-content\/uploads\/2026\/09\/KPO_FCTempo-SGB_260903-172-300x200.jpg 300w, https:\/\/insideamateurfussball-ffm.de\/wp-content\/uploads\/2026\/09\/KPO_FCTempo-SGB_260903-172-768x512.jpg 768w, https:\/\/insideamateurfussball-ffm.de\/wp-content\/uploads\/2026\/09\/KPO_FCTempo-SGB_260903-172-1536x1024.jpg 1536w, https:\/\/insideamateurfussball-ffm.de\/wp-content\/uploads\/2026\/09\/KPO_FCTempo-SGB_260903-172-2048x1365.jpg 2048w\" sizes=\"auto, (max-width: 1024px) 100vw, 1024px\" \/><\/figure>\n\n\n\n<figure class=\"wp-block-image size-large\"><img loading=\"lazy\" decoding=\"async\" width=\"1024\" height=\"683\" src=\"http:\/\/insideamateurfussball-ffm.de\/wp-content\/uploads\/2026\/09\/KPO_FCTempo-SGB_260903-175-1024x683.jpg\" alt=\"\" class=\"wp-image-34562\" srcset=\"https:\/\/insideamateurfussball-ffm.de\/wp-content\/uploads\/2026\/09\/KPO_FCTempo-SGB_260903-175-1024x683.jpg 1024w, https:\/\/insideamateurfussball-ffm.de\/wp-content\/uploads\/2026\/09\/KPO_FCTempo-SGB_260903-175-300x200.jpg 300w, https:\/\/insideamateurfussball-ffm.de\/wp-content\/uploads\/2026\/09\/KPO_FCTempo-SGB_260903-175-768x512.jpg 768w, https:\/\/insideamateurfussball-ffm.de\/wp-content\/uploads\/2026\/09\/KPO_FCTempo-SGB_260903-175-1536x1024.jpg 1536w, https:\/\/insideamateurfussball-ffm.de\/wp-content\/uploads\/2026\/09\/KPO_FCTempo-SGB_260903-175-2048x1365.jpg 2048w\" sizes=\"auto, (max-width: 1024px) 100vw, 1024px\" \/><\/figure>\n\n\n\n<figure class=\"wp-block-image size-large\"><img loading=\"lazy\" decoding=\"async\" width=\"1024\" height=\"683\" src=\"http:\/\/insideamateurfussball-ffm.de\/wp-content\/uploads\/2026\/09\/KPO_FCTempo-SGB_260903-186-1024x683.jpg\" alt=\"\" class=\"wp-image-34563\" srcset=\"https:\/\/insideamateurfussball-ffm.de\/wp-content\/uploads\/2026\/09\/KPO_FCTempo-SGB_260903-186-1024x683.jpg 1024w, https:\/\/insideamateurfussball-ffm.de\/wp-content\/uploads\/2026\/09\/KPO_FCTempo-SGB_260903-186-300x200.jpg 300w, https:\/\/insideamateurfussball-ffm.de\/wp-content\/uploads\/2026\/09\/KPO_FCTempo-SGB_260903-186-768x512.jpg 768w, https:\/\/insideamateurfussball-ffm.de\/wp-content\/uploads\/2026\/09\/KPO_FCTempo-SGB_260903-186-1536x1024.jpg 1536w, https:\/\/insideamateurfussball-ffm.de\/wp-content\/uploads\/2026\/09\/KPO_FCTempo-SGB_260903-186-2048x1365.jpg 2048w\" sizes=\"auto, (max-width: 1024px) 100vw, 1024px\" \/><\/figure>\n\n\n\n<figure class=\"wp-block-image size-large\"><img loading=\"lazy\" decoding=\"async\" width=\"1024\" height=\"683\" src=\"http:\/\/insideamateurfussball-ffm.de\/wp-content\/uploads\/2026\/09\/KPO_FCTempo-SGB_260903-202-1024x683.jpg\" alt=\"\" class=\"wp-image-34564\" srcset=\"https:\/\/insideamateurfussball-ffm.de\/wp-content\/uploads\/2026\/09\/KPO_FCTempo-SGB_260903-202-1024x683.jpg 1024w, https:\/\/insideamateurfussball-ffm.de\/wp-content\/uploads\/2026\/09\/KPO_FCTempo-SGB_260903-202-300x200.jpg 300w, https:\/\/insideamateurfussball-ffm.de\/wp-content\/uploads\/2026\/09\/KPO_FCTempo-SGB_260903-202-768x512.jpg 768w, https:\/\/insideamateurfussball-ffm.de\/wp-content\/uploads\/2026\/09\/KPO_FCTempo-SGB_260903-202-1536x1024.jpg 1536w, https:\/\/insideamateurfussball-ffm.de\/wp-content\/uploads\/2026\/09\/KPO_FCTempo-SGB_260903-202-2048x1365.jpg 2048w\" sizes=\"auto, (max-width: 1024px) 100vw, 1024px\" \/><\/figure>\n\n\n\n<figure class=\"wp-block-image size-large\"><img loading=\"lazy\" decoding=\"async\" width=\"1024\" height=\"683\" src=\"http:\/\/insideamateurfussball-ffm.de\/wp-content\/uploads\/2026\/09\/KPO_FCTempo-SGB_260903-216-1024x683.jpg\" alt=\"\" class=\"wp-image-34566\" srcset=\"https:\/\/insideamateurfussball-ffm.de\/wp-content\/uploads\/2026\/09\/KPO_FCTempo-SGB_260903-216-1024x683.jpg 1024w, https:\/\/insideamateurfussball-ffm.de\/wp-content\/uploads\/2026\/09\/KPO_FCTempo-SGB_260903-216-300x200.jpg 300w, https:\/\/insideamateurfussball-ffm.de\/wp-content\/uploads\/2026\/09\/KPO_FCTempo-SGB_260903-216-768x512.jpg 768w, https:\/\/insideamateurfussball-ffm.de\/wp-content\/uploads\/2026\/09\/KPO_FCTempo-SGB_260903-216-1536x1024.jpg 1536w, https:\/\/insideamateurfussball-ffm.de\/wp-content\/uploads\/2026\/09\/KPO_FCTempo-SGB_260903-216-2048x1365.jpg 2048w\" sizes=\"auto, (max-width: 1024px) 100vw, 1024px\" \/><\/figure>\n\n\n\n<figure class=\"wp-block-image size-large\"><img loading=\"lazy\" decoding=\"async\" width=\"1024\" height=\"683\" src=\"http:\/\/insideamateurfussball-ffm.de\/wp-content\/uploads\/2026\/09\/KPO_FCTempo-SGB_260903-231-1024x683.jpg\" alt=\"\" class=\"wp-image-34567\" srcset=\"https:\/\/insideamateurfussball-ffm.de\/wp-content\/uploads\/2026\/09\/KPO_FCTempo-SGB_260903-231-1024x683.jpg 1024w, https:\/\/insideamateurfussball-ffm.de\/wp-content\/uploads\/2026\/09\/KPO_FCTempo-SGB_260903-231-300x200.jpg 300w, https:\/\/insideamateurfussball-ffm.de\/wp-content\/uploads\/2026\/09\/KPO_FCTempo-SGB_260903-231-768x512.jpg 768w, https:\/\/insideamateurfussball-ffm.de\/wp-content\/uploads\/2026\/09\/KPO_FCTempo-SGB_260903-231-1536x1024.jpg 1536w, https:\/\/insideamateurfussball-ffm.de\/wp-content\/uploads\/2026\/09\/KPO_FCTempo-SGB_260903-231-2048x1365.jpg 2048w\" sizes=\"auto, (max-width: 1024px) 100vw, 1024px\" \/><\/figure>\n\n\n\n<figure class=\"wp-block-image size-large\"><img loading=\"lazy\" decoding=\"async\" width=\"1024\" height=\"683\" src=\"http:\/\/insideamateurfussball-ffm.de\/wp-content\/uploads\/2026\/09\/KPO_FCTempo-SGB_260903-242-1024x683.jpg\" alt=\"\" class=\"wp-image-34568\" srcset=\"https:\/\/insideamateurfussball-ffm.de\/wp-content\/uploads\/2026\/09\/KPO_FCTempo-SGB_260903-242-1024x683.jpg 1024w, https:\/\/insideamateurfussball-ffm.de\/wp-content\/uploads\/2026\/09\/KPO_FCTempo-SGB_260903-242-300x200.jpg 300w, https:\/\/insideamateurfussball-ffm.de\/wp-content\/uploads\/2026\/09\/KPO_FCTempo-SGB_260903-242-768x512.jpg 768w, https:\/\/insideamateurfussball-ffm.de\/wp-content\/uploads\/2026\/09\/KPO_FCTempo-SGB_260903-242-1536x1024.jpg 1536w, https:\/\/insideamateurfussball-ffm.de\/wp-content\/uploads\/2026\/09\/KPO_FCTempo-SGB_260903-242-2048x1365.jpg 2048w\" sizes=\"auto, (max-width: 1024px) 100vw, 1024px\" \/><\/figure>\n","protected":false},"excerpt":{"rendered":"<p>Im Topspiel der ersten Runde des Frankfurter Kreispokals setzte sich der Verbandsligist und Titelverteidiger SG Bornheim beim Gruppenligisten FC Tempo souver\u00e4n mit 6:1 durch, 4 Tore zwischen der 60. und der 68.Minute entschieden das Spiel. FC Tempo &#8211; SG Bornheim 1:6 (1:2) In der ersten Runde des Frankfurter Kreispokals empfing der Gruppenligist FC Tempo, letzte [&hellip;]<\/p>\n","protected":false},"author":3,"featured_media":34565,"comment_status":"closed","ping_status":"open","sticky":true,"template":"","format":"standard","meta":{"footnotes":""},"categories":[9],"tags":[],"class_list":["post-34548","post","type-post","status-publish","format-standard","has-post-thumbnail","hentry","category-kreispokal"],"_links":{"self":[{"href":"https:\/\/insideamateurfussball-ffm.de\/index.php?rest_route=\/wp\/v2\/posts\/34548","targetHints":{"allow":["GET"]}}],"collection":[{"href":"https:\/\/insideamateurfussball-ffm.de\/index.php?rest_route=\/wp\/v2\/posts"}],"about":[{"href":"https:\/\/insideamateurfussball-ffm.de\/index.php?rest_route=\/wp\/v2\/types\/post"}],"author":[{"embeddable":true,"href":"https:\/\/insideamateurfussball-ffm.de\/index.php?rest_route=\/wp\/v2\/users\/3"}],"replies":[{"embeddable":true,"href":"https:\/\/insideamateurfussball-ffm.de\/index.php?rest_route=%2Fwp%2Fv2%2Fcomments&post=34548"}],"version-history":[{"count":4,"href":"https:\/\/insideamateurfussball-ffm.de\/index.php?rest_route=\/wp\/v2\/posts\/34548\/revisions"}],"predecessor-version":[{"id":34572,"href":"https:\/\/insideamateurfussball-ffm.de\/index.php?rest_route=\/wp\/v2\/posts\/34548\/revisions\/34572"}],"wp:featuredmedia":[{"embeddable":true,"href":"https:\/\/insideamateurfussball-ffm.de\/index.php?rest_route=\/wp\/v2\/media\/34565"}],"wp:attachment":[{"href":"https:\/\/insideamateurfussball-ffm.de\/index.php?rest_route=%2Fwp%2Fv2%2Fmedia&parent=34548"}],"wp:term":[{"taxonomy":"category","embeddable":true,"href":"https:\/\/insideamateurfussball-ffm.de\/index.php?rest_route=%2Fwp%2Fv2%2Fcategories&post=34548"},{"taxonomy":"post_tag","embeddable":true,"href":"https:\/\/insideamateurfussball-ffm.de\/index.php?rest_route=%2Fwp%2Fv2%2Ftags&post=34548"}],"curies":[{"name":"wp","href":"https:\/\/api.w.org\/{rel}","templated":true}]}}