{"id":34545,"date":"2026-09-04T10:31:10","date_gmt":"2026-09-04T09:31:10","guid":{"rendered":"https:\/\/insideamateurfussball-ffm.de\/?p=34545"},"modified":"2026-09-04T10:31:10","modified_gmt":"2026-09-04T09:31:10","slug":"tuerkguecue-frankfurt-und-trainer-daudi-trennen-sich","status":"publish","type":"post","link":"https:\/\/insideamateurfussball-ffm.de\/?p=34545","title":{"rendered":"T\u00fcrkg\u00fcc\u00fc Frankfurt und Trainer Daudi trennen sich"},"content":{"rendered":"<p>Das Trainergespann um Trainer Siar Daudi und Co-Trainer Winfried Klein und T\u00fcrkg\u00fcc\u00fc Frankfurt gehen ab sofort getrennte Wege, nach dem 6.Spieltag und drei Siegen und zwei Niederlagen gab der Verein die Trennung bekannt, anbei die Statements des Vorstandsvorsitzenden Ufuk Yalcin und\u00a0 des ehemaligen Trainergespanns.<\/p>\n<figure id=\"attachment_31949\" aria-describedby=\"caption-attachment-31949\" style=\"width: 1254px\" class=\"wp-caption alignnone\"><img loading=\"lazy\" decoding=\"async\" class=\"wp-image-31949 size-full\" src=\"http:\/\/insideamateurfussball-ffm.de\/wp-content\/uploads\/2026\/04\/tuerkguecuetrainerdaudi.jpeg\" alt=\"\" width=\"1254\" height=\"1254\" srcset=\"https:\/\/insideamateurfussball-ffm.de\/wp-content\/uploads\/2026\/04\/tuerkguecuetrainerdaudi.jpeg 1254w, https:\/\/insideamateurfussball-ffm.de\/wp-content\/uploads\/2026\/04\/tuerkguecuetrainerdaudi-300x300.jpeg 300w, https:\/\/insideamateurfussball-ffm.de\/wp-content\/uploads\/2026\/04\/tuerkguecuetrainerdaudi-1024x1024.jpeg 1024w, https:\/\/insideamateurfussball-ffm.de\/wp-content\/uploads\/2026\/04\/tuerkguecuetrainerdaudi-150x150.jpeg 150w, https:\/\/insideamateurfussball-ffm.de\/wp-content\/uploads\/2026\/04\/tuerkguecuetrainerdaudi-768x768.jpeg 768w\" sizes=\"auto, (max-width: 1254px) 100vw, 1254px\" \/><figcaption id=\"caption-attachment-31949\" class=\"wp-caption-text\">Die Zusammenarbeit des Vereins mit dem Trainer wurde bereits nach sechs Spieltagen beendet. Foto: Verein<\/figcaption><\/figure>\n<p><img loading=\"lazy\" decoding=\"async\" class=\"alignnone size-full wp-image-17\" src=\"http:\/\/insideamateurfussball-ffm.de\/wp-content\/uploads\/2021\/11\/Tuerkguecue.jpg\" alt=\"\" width=\"72\" height=\"80\" \/><\/p>\n<p>Am Mittwoch kam die Nachricht, dass sich T\u00fcrkg\u00fcc\u00fc Frankfurt vom Trainergespann Daudi\/Klein getrennt hat. Hierzu die Statements der Beteiligten.<\/p>\n<p>Ufuk Yalcin, 1.Vorsitzender des Vereins: &#8222;Die Zusammenarbeit mit unserem Trainerstab Siar Daudi und Winnie Klein wird beendet. Nach unserem letzten Sonntagspiel hat sich der Vorstand zusammengesetzt und eine weitere Zusammenarbeit ausgeschlossen.<br \/>\nNach einem guten Gespr\u00e4ch konnten wir uns mit gemeinsamen Einverst\u00e4ndnis trennen.<\/p>\n<p>Wir danken Siar und Winnie f\u00fcr den gemeinsamen Einsatz und w\u00fcnschen f\u00fcr die Zukunft alles Gute.<br \/>\nAls Interimsl\u00f6sung wird Murat Tiryaki die Mannschaft \u00fcbernehmen, bis wir einen Nachfolger pr\u00e4sentieren k\u00f6nnen.&#8220;<\/p>\n<p>Wir holten auch eine Stellungnahme von Trainer Siar Daudi ein:<\/p>\n<p>&#8222;Winfried Klein und ich haben uns im Einvernehmen mit der Vereinsf\u00fchrung dazu entschieden, unsere T\u00e4tigkeit als Trainer zu beenden.<\/p>\n<p>Nach einem \u00fcberzeugenden Start mit drei Siegen aus drei Spielen entstand aus unserer Sicht zunehmend Unruhe im Umfeld. Bereits nach dem zweiten Spiel haben wir in einer Krisensitzung mit Vorstand und sportlicher Leitung konkrete Punkte angesprochen, die f\u00fcr uns f\u00fcr eine vertrauensvolle Zusammenarbeit entscheidend waren.<\/p>\n<p>Leider hatten wir zunehmend den Eindruck, dass bestimmte Strukturen und pers\u00f6nliche Verflechtungen innerhalb des Vereins unsere Arbeit erschwerten. Aus unserer Sicht entstand dabei eine Dynamik, in der unser sportlicher Erfolg nicht von allen Seiten positiv aufgenommen wurde und wir zunehmend das Gef\u00fchl hatten, dass man uns eher aus dem Umfeld herausdr\u00e4ngen wollte, anstatt bestehende Differenzen offen mit uns zu besprechen.<\/p>\n<p>Das entspricht nicht unserer Vorstellung von Zusammenarbeit und einem professionellen sportlichen Umfeld.<\/p>\n<p>Wir sind beide seit vielen Jahren im Fu\u00dfball t\u00e4tig und stehen f\u00fcr klare Strukturen, Offenheit, Vertrauen und gegenseitigen Respekt. Deshalb haben wir uns entschieden, konsequent zu unseren Prinzipien zu stehen und diesen Schritt zu gehen.<\/p>\n<p>Trotz allem bleibt unser Eindruck vom Verein insgesamt positiv: Es gibt viele tolle Menschen, eine starke Mannschaft und enormes sportliches Potenzial.<\/p>\n<p>Wir w\u00fcnschen der Mannschaft und dem Verein f\u00fcr die Zukunft alles Gute und hoffen, dass nun die notwendige Ruhe einkehrt und der sportliche Erfolg wieder im Mittelpunkt steht.&#8220;<\/p>\n<p>Am kommenden Wochenende empf\u00e4ngt T\u00fcrkg\u00fcc\u00fc Frankfurt, nach seinen namhaften Zug\u00e4ngen oft als Mitfavorit in der Gruppenliga genannt, den Aufsteiger FC Germania 08 Ginnheim.<\/p>\n","protected":false},"excerpt":{"rendered":"<p>Das Trainergespann um Trainer Siar Daudi und Co-Trainer Winfried Klein und T\u00fcrkg\u00fcc\u00fc Frankfurt gehen ab sofort getrennte Wege, nach dem 6.Spieltag und drei Siegen und zwei Niederlagen gab der Verein die Trennung bekannt, anbei die Statements des Vorstandsvorsitzenden Ufuk Yalcin und\u00a0 des ehemaligen Trainergespanns. Am Mittwoch kam die Nachricht, dass sich T\u00fcrkg\u00fcc\u00fc Frankfurt vom Trainergespann [&hellip;]<\/p>\n","protected":false},"author":3,"featured_media":31949,"comment_status":"closed","ping_status":"open","sticky":true,"template":"","format":"standard","meta":{"footnotes":""},"categories":[13],"tags":[],"class_list":["post-34545","post","type-post","status-publish","format-standard","has-post-thumbnail","hentry","category-gruppenliga-frankfurt-west"],"_links":{"self":[{"href":"https:\/\/insideamateurfussball-ffm.de\/index.php?rest_route=\/wp\/v2\/posts\/34545","targetHints":{"allow":["GET"]}}],"collection":[{"href":"https:\/\/insideamateurfussball-ffm.de\/index.php?rest_route=\/wp\/v2\/posts"}],"about":[{"href":"https:\/\/insideamateurfussball-ffm.de\/index.php?rest_route=\/wp\/v2\/types\/post"}],"author":[{"embeddable":true,"href":"https:\/\/insideamateurfussball-ffm.de\/index.php?rest_route=\/wp\/v2\/users\/3"}],"replies":[{"embeddable":true,"href":"https:\/\/insideamateurfussball-ffm.de\/index.php?rest_route=%2Fwp%2Fv2%2Fcomments&post=34545"}],"version-history":[{"count":2,"href":"https:\/\/insideamateurfussball-ffm.de\/index.php?rest_route=\/wp\/v2\/posts\/34545\/revisions"}],"predecessor-version":[{"id":34547,"href":"https:\/\/insideamateurfussball-ffm.de\/index.php?rest_route=\/wp\/v2\/posts\/34545\/revisions\/34547"}],"wp:featuredmedia":[{"embeddable":true,"href":"https:\/\/insideamateurfussball-ffm.de\/index.php?rest_route=\/wp\/v2\/media\/31949"}],"wp:attachment":[{"href":"https:\/\/insideamateurfussball-ffm.de\/index.php?rest_route=%2Fwp%2Fv2%2Fmedia&parent=34545"}],"wp:term":[{"taxonomy":"category","embeddable":true,"href":"https:\/\/insideamateurfussball-ffm.de\/index.php?rest_route=%2Fwp%2Fv2%2Fcategories&post=34545"},{"taxonomy":"post_tag","embeddable":true,"href":"https:\/\/insideamateurfussball-ffm.de\/index.php?rest_route=%2Fwp%2Fv2%2Ftags&post=34545"}],"curies":[{"name":"wp","href":"https:\/\/api.w.org\/{rel}","templated":true}]}}