{"id":34529,"date":"2026-09-02T16:28:45","date_gmt":"2026-09-02T15:28:45","guid":{"rendered":"https:\/\/insideamateurfussball-ffm.de\/?p=34529"},"modified":"2026-09-02T16:29:23","modified_gmt":"2026-09-02T15:29:23","slug":"trotz-30-concordia-nicht-eingespielt","status":"publish","type":"post","link":"https:\/\/insideamateurfussball-ffm.de\/?p=34529","title":{"rendered":"Trotz 3:0: Concordia nicht eingespielt"},"content":{"rendered":"<h5><strong><span style=\"font-size: 16px; font-family: 'comic sans ms', sans-serif;\">Trotz des 3:0-Sieges bei Gruppenliga-Absteiger VfL Germania 94 ist Concordia Eschersheim urlaubsbedingt noch nicht eingespielt. Immerhin gelang den Gr\u00fcn-Wei\u00dfen aber auf neutralem Platz in Hausen der zweite Saisonsieg. Zudem kommen wahrscheinlich drei Z\u00e4hler aus einem Sportgerichtsurteil hinzu. F\u00fcr Germania 94 geht die Talfahrt nach dem Abstieg weiter. Nur ein Punkt steht aus f\u00fcnf Partien zu Buche, das bedeutet vorletzter Platz in der Tabelle. Zudem wurde das Kreispokalspiel gegen die Spvgg. Oberrad aus Personalmangel abgesagt.\u00a0<\/span><\/strong><\/h5>\n<figure id=\"attachment_34530\" aria-describedby=\"caption-attachment-34530\" style=\"width: 150px\" class=\"wp-caption alignleft\"><img loading=\"lazy\" decoding=\"async\" class=\"wp-image-34530 size-thumbnail\" src=\"http:\/\/insideamateurfussball-ffm.de\/wp-content\/uploads\/2026\/09\/conc-hellas-5-150x150.jpg\" alt=\"\" width=\"150\" height=\"150\" \/><figcaption id=\"caption-attachment-34530\" class=\"wp-caption-text\">Die Concordia ist noch nicht eingespielt. Foto: Archiv Mithat G\u00fcrser.<\/figcaption><\/figure>\n<h5><span style=\"font-family: 'comic sans ms', sans-serif; font-size: 16px;\">VfL Germania 94 &#8211; Concordia Eschersheim 0:3 (0:1)<\/span><\/h5>\n<p><img loading=\"lazy\" decoding=\"async\" class=\"alignnone size-full wp-image-11577\" src=\"http:\/\/insideamateurfussball-ffm.de\/wp-content\/uploads\/2023\/08\/Germania-94.jpg\" alt=\"\" width=\"80\" height=\"80\" \/><img loading=\"lazy\" decoding=\"async\" class=\"alignnone size-full wp-image-37\" src=\"http:\/\/insideamateurfussball-ffm.de\/wp-content\/uploads\/2021\/11\/1sv07_news2_4178_01_01_02.jpg\" alt=\"\" width=\"80\" height=\"80\" \/><\/p>\n<p><span style=\"font-family: 'comic sans ms', sans-serif;\">Nach dem 3:13-Debakel in Heddernheim wollte Germania 94 anders auftreten auf seinem Ausweichplatz in Hausen, wo der Gruppenliga-Absteiger bis auf weiteres seine Heimspiele austragen muss. Mit Feldspieler Mohamed Uadeh im Tor und der R\u00fcckkehr von Kapit\u00e4n Moussa Zie Quattara, dem Ersten Vorsitzenden des Traditionsvereins, gelang dies teilweise. <\/span><\/p>\n<p><span style=\"font-family: 'comic sans ms', sans-serif;\">Die G\u00e4ste, denen die Punkte von der 1:2-Niederlage in Nieder-Eschbach zugesprochen werden\u00a0 (Nieder-Eschbach hatte einen Spieler ohne Passbild eingesetzt, es l\u00e4uft noch ein Einspruch gegen das Sportgerichtsurteil), gingen durch Jan Vossen auf Querpass von Elias Zimmermann in F\u00fchrung (34.). Danach hatte die Germania die einzige echte Chance, die Concordia-Keeper Nick Gutschmidt stark parierte. Direkt nach der Pause war die Sache nach dem 2:0 mit einem Schlenzer von Saba Kvaratskhelia vom Strafraumeck durch (47.).<\/span><\/p>\n<h5><span style=\"font-family: 'comic sans ms', sans-serif; font-size: 16px;\">&#8222;Wir bekommen unter der Woche keine Elf zusammen.&#8220; (Germania-Vorsitzender Moussa Zie Ouattara).<\/span><\/h5>\n<p><span style=\"font-family: 'comic sans ms', sans-serif;\">In der Schlussminute gewann Ruben Kimmig den Ball, f\u00fchrte einen Steckpass auf Josef Olguin aus, der aus zehn Metern oben ins Eck traf (90.). &#8222;Wir sind immer noch in der Urlaubsphase und alles andere als eingespielt, hatten aber trotzdem Chancen f\u00fcr drei Spiele. Die Dinger, die wir gemacht haben waren sch\u00f6n anzusehen, aber wir hatten auch viele unn\u00f6tige Schlampigkeiten im Spiel&#8220;, erkl\u00e4rte Concordia-Trainer Roland Stipp. Germania 94 sagte das Kreispokal-Spiel der 1. Runde gegen Gruppenligist Spvgg. 05 Oberrad kurzfristig ab. <\/span><\/p>\n<p><span style=\"font-family: 'comic sans ms', sans-serif;\">&#8222;Wir bekommen unter der Woche keine Elf zusammen&#8220;, erkl\u00e4rte Ouattara. Es gelte nun, sich auf das Ausw\u00e4rtsspiel am Sonntag bei der SG Harheim (15 Uhr) vorzubereiten. Concordia Eschersheim ist am Mittwochabend im Kreispokal bei KOL-Absteiger FFV Sportfreunde 04 im Einsatz (19.30 Uhr). Sonntag sind die Concorden spielfrei und spielen danach das Rosegger-Derby am 13. September beim aktuellen Schlusslicht BSC Schwarz-Wei\u00df 19 aus.\u00a0<\/span><\/p>\n<h5><span style=\"font-family: 'comic sans ms', sans-serif;\"><strong><span style=\"font-size: 16px;\">Schiedsrichter: Robin Hammer (KG Wittgenborn). Zuschauer: 60. Tore: 0:1 Jan Vossen (34.), 0:2 Saba Kvaratskhelia (47.), 0:3 Josef Olguin Ellmeier (90.). <\/span><\/strong>\u00a0 \u00a0<\/span><\/h5>\n","protected":false},"excerpt":{"rendered":"<p>Trotz des 3:0-Sieges bei Gruppenliga-Absteiger VfL Germania 94 ist Concordia Eschersheim urlaubsbedingt noch nicht eingespielt. Immerhin gelang den Gr\u00fcn-Wei\u00dfen aber auf neutralem Platz in Hausen der zweite Saisonsieg. Zudem kommen wahrscheinlich drei Z\u00e4hler aus einem Sportgerichtsurteil hinzu. F\u00fcr Germania 94 geht die Talfahrt nach dem Abstieg weiter. Nur ein Punkt steht aus f\u00fcnf Partien zu [&hellip;]<\/p>\n","protected":false},"author":1,"featured_media":34530,"comment_status":"closed","ping_status":"closed","sticky":true,"template":"","format":"standard","meta":{"footnotes":""},"categories":[2],"tags":[],"class_list":["post-34529","post","type-post","status-publish","format-standard","has-post-thumbnail","hentry","category-kreisoberliga-frankfurt"],"_links":{"self":[{"href":"https:\/\/insideamateurfussball-ffm.de\/index.php?rest_route=\/wp\/v2\/posts\/34529","targetHints":{"allow":["GET"]}}],"collection":[{"href":"https:\/\/insideamateurfussball-ffm.de\/index.php?rest_route=\/wp\/v2\/posts"}],"about":[{"href":"https:\/\/insideamateurfussball-ffm.de\/index.php?rest_route=\/wp\/v2\/types\/post"}],"author":[{"embeddable":true,"href":"https:\/\/insideamateurfussball-ffm.de\/index.php?rest_route=\/wp\/v2\/users\/1"}],"replies":[{"embeddable":true,"href":"https:\/\/insideamateurfussball-ffm.de\/index.php?rest_route=%2Fwp%2Fv2%2Fcomments&post=34529"}],"version-history":[{"count":3,"href":"https:\/\/insideamateurfussball-ffm.de\/index.php?rest_route=\/wp\/v2\/posts\/34529\/revisions"}],"predecessor-version":[{"id":34533,"href":"https:\/\/insideamateurfussball-ffm.de\/index.php?rest_route=\/wp\/v2\/posts\/34529\/revisions\/34533"}],"wp:featuredmedia":[{"embeddable":true,"href":"https:\/\/insideamateurfussball-ffm.de\/index.php?rest_route=\/wp\/v2\/media\/34530"}],"wp:attachment":[{"href":"https:\/\/insideamateurfussball-ffm.de\/index.php?rest_route=%2Fwp%2Fv2%2Fmedia&parent=34529"}],"wp:term":[{"taxonomy":"category","embeddable":true,"href":"https:\/\/insideamateurfussball-ffm.de\/index.php?rest_route=%2Fwp%2Fv2%2Fcategories&post=34529"},{"taxonomy":"post_tag","embeddable":true,"href":"https:\/\/insideamateurfussball-ffm.de\/index.php?rest_route=%2Fwp%2Fv2%2Ftags&post=34529"}],"curies":[{"name":"wp","href":"https:\/\/api.w.org\/{rel}","templated":true}]}}