{"id":34520,"date":"2026-09-01T17:56:20","date_gmt":"2026-09-01T16:56:20","guid":{"rendered":"https:\/\/insideamateurfussball-ffm.de\/?p=34520"},"modified":"2026-09-01T17:57:12","modified_gmt":"2026-09-01T16:57:12","slug":"loerke-fuehrt-enkheim-zum-sieg-in-roedelheim","status":"publish","type":"post","link":"https:\/\/insideamateurfussball-ffm.de\/?p=34520","title":{"rendered":"Loerke f\u00fchrt Enkheim zum Sieg in R\u00f6delheim"},"content":{"rendered":"<h6><span style=\"font-size: 20px; font-family: 'courier new', courier, monospace;\"><strong>Es wird wohl eine schwere Saison f\u00fcr den 1. R\u00f6delheimer FC 02, der nach der 1:2-Heimniederlage gegen den FC Germania Enkheim mit nur zwei Punkten weiter sieglos bleibt. Die G\u00e4ste hingegen stehen mit zehn Punkten auf Rang vier und streben eine bessere Runde als in der Vorsaison an.<\/strong>\u00a0<\/span><\/h6>\n<figure id=\"attachment_31457\" aria-describedby=\"caption-attachment-31457\" style=\"width: 150px\" class=\"wp-caption aligncenter\"><img loading=\"lazy\" decoding=\"async\" class=\"wp-image-31457 size-thumbnail\" src=\"http:\/\/insideamateurfussball-ffm.de\/wp-content\/uploads\/2026\/04\/HoellEnkheim-150x150.jpg\" alt=\"\" width=\"150\" height=\"150\" srcset=\"https:\/\/insideamateurfussball-ffm.de\/wp-content\/uploads\/2026\/04\/HoellEnkheim-150x150.jpg 150w, https:\/\/insideamateurfussball-ffm.de\/wp-content\/uploads\/2026\/04\/HoellEnkheim-300x300.jpg 300w, https:\/\/insideamateurfussball-ffm.de\/wp-content\/uploads\/2026\/04\/HoellEnkheim-1024x1024.jpg 1024w, https:\/\/insideamateurfussball-ffm.de\/wp-content\/uploads\/2026\/04\/HoellEnkheim-768x768.jpg 768w, https:\/\/insideamateurfussball-ffm.de\/wp-content\/uploads\/2026\/04\/HoellEnkheim-1536x1536.jpg 1536w, https:\/\/insideamateurfussball-ffm.de\/wp-content\/uploads\/2026\/04\/HoellEnkheim.jpg 1600w\" sizes=\"auto, (max-width: 150px) 100vw, 150px\" \/><figcaption id=\"caption-attachment-31457\" class=\"wp-caption-text\">Enkheims Trainer Lukas H\u00f6ll (Mitte). Foto: Archiv.<\/figcaption><\/figure>\n<h6><strong><span style=\"font-family: 'courier new', courier, monospace; font-size: 20px;\">1. R\u00f6delheimer FC 02 &#8211; FC Germania Enkheim 1:2 (0:2)<\/span><\/strong><\/h6>\n<p><img loading=\"lazy\" decoding=\"async\" class=\"alignnone size-full wp-image-333\" src=\"http:\/\/insideamateurfussball-ffm.de\/wp-content\/uploads\/2022\/05\/Roedelheim.jpg\" alt=\"\" width=\"80\" height=\"73\" \/><img loading=\"lazy\" decoding=\"async\" class=\"alignnone size-full wp-image-1537\" src=\"http:\/\/insideamateurfussball-ffm.de\/wp-content\/uploads\/2022\/07\/Enkheim.jpg\" alt=\"\" width=\"63\" height=\"80\" \/><\/p>\n<p><span style=\"font-family: 'courier new', courier, monospace; font-size: 20px;\">&#8222;Beide Teams agierten auf Augenh\u00f6he, ein Unentschieden w\u00e4re das gerechte <\/span><span style=\"font-family: 'courier new', courier, monospace; font-size: 20px;\">Ergebnis gewesen. Doch Fussball ist kein Spiel, bei dem derjenige <\/span><span style=\"font-family: 'courier new', courier, monospace; font-size: 20px;\">gewinnt, der mehr den Ball hat und das Spiel bestimmt sondern der mehr <\/span><span style=\"font-family: 'courier new', courier, monospace; font-size: 20px;\">Tore als der andere schie\u00dft&#8220;, bilanzierte RFC-Pressesprecher Volker Flauaus. <\/span><span style=\"font-family: 'courier new', courier, monospace; font-size: 20px;\">So war es denn auch an dem warmen <\/span><span style=\"font-family: 'courier new', courier, monospace; font-size: 20px;\">Nachmittag auf dem Sportplatz &#8222;An der Westerbach&#8220;. Germania Enkheim <\/span><span style=\"font-family: 'courier new', courier, monospace; font-size: 20px;\">nutzte konsequent und mit einigem Gl\u00fcck die wenigen Chancen. Christian <\/span><span style=\"font-family: 'courier new', courier, monospace; font-size: 20px;\">Loerke erzielte mit der Hacke den wichtigen F\u00fchrungstreffer (18.), der der <\/span><span style=\"font-family: 'courier new', courier, monospace; font-size: 20px;\">Germania noch mehr Sicherheit gab. Der Club zeigte sich offensiv <\/span><span style=\"font-family: 'courier new', courier, monospace; font-size: 20px;\">engagiert, doch au\u00dfer drei Fernsch\u00fcssen, die der hervorragend haltende <\/span><span style=\"font-family: 'courier new', courier, monospace; font-size: 20px;\">Keeper Matej Klaric gedankenschnell entsch\u00e4rfte, gab es keine klaren <\/span><span style=\"font-family: 'courier new', courier, monospace; font-size: 20px;\">Chancen.<\/span><\/p>\n<p><span style=\"font-family: 'courier new', courier, monospace; font-size: 20px;\"> Mehrere Eckb\u00e4lle segelten in den Strafraum der G\u00e4ste, doch <\/span><span style=\"font-family: 'courier new', courier, monospace; font-size: 20px;\">immer konnte gerade noch gekl\u00e4rt werden bevor es richtig gef\u00e4hrlich <\/span><span style=\"font-family: 'courier new', courier, monospace; font-size: 20px;\">wurde. Dann in der 45. Minute die vorentscheidende Szene, als der Club <\/span><span style=\"font-family: 'courier new', courier, monospace; font-size: 20px;\">vollkommen aufger\u00fcckt war, die Defensive total vernachl\u00e4ssigte und <\/span><span style=\"font-family: 'courier new', courier, monospace; font-size: 20px;\">wiederum Loerke konnte v\u00f6llig frei auf Torh\u00fcter Theo Wedel <\/span><span style=\"font-family: 'courier new', courier, monospace; font-size: 20px;\">zulaufen und diesen zur 2:0 F\u00fchrung \u00fcberwinden (45.\/+1). Die zweite Halbzeit war <\/span><span style=\"font-family: 'courier new', courier, monospace; font-size: 20px;\">gerade mal f\u00fcnf Minuten alt, als Niklas Vogt den Anschlusstreffer auf <\/span><span style=\"font-family: 'courier new', courier, monospace; font-size: 20px;\">dem Fu\u00df hatte, doch erneut spielte Klaric nicht mit. Er lenkte den <\/span><span style=\"font-family: 'courier new', courier, monospace; font-size: 20px;\">scharf geschossenen Ball an den Pfosten, von dort ging er ins Toraus.<\/span><\/p>\n<h6><strong><span style=\"font-family: 'courier new', courier, monospace; font-size: 20px;\">&#8222;Es bleibt nur die Hoffnung auf das n\u00e4chste Spiel, dass man vielleicht auch mal das Spielgl\u00fcck auf seinen Seiten hat&#8220;. (RFC-Sprecher Volker Flauaus).<\/span><\/strong><\/h6>\n<p><span style=\"font-family: 'courier new', courier, monospace; font-size: 20px;\">Der Club bestimmte das Spiel, doch klare Chancen ergaben sich wenige. <\/span><span style=\"font-family: 'courier new', courier, monospace; font-size: 20px;\">Als Paskal Marinic sich nach einem langen Ball in der 60. Minute <\/span><span style=\"font-family: 'courier new', courier, monospace; font-size: 20px;\">energisch durchsetzte und zum Anschlusstreffer traf, keimte noch einmal <\/span><span style=\"font-family: 'courier new', courier, monospace; font-size: 20px;\">Hoffnung auf. Doch trotz der vorgenommenen f\u00fcnf Auswechselungen und dem <\/span><span style=\"font-family: 'courier new', courier, monospace; font-size: 20px;\">Bem\u00fchen um den Ausgleich sollte dieser nicht fallen. Eine dicke <\/span><span style=\"font-family: 'courier new', courier, monospace; font-size: 20px;\">Chance gab es noch, Florian Meinshausen kam nach klugem Pass von Ertap <\/span><span style=\"font-family: 'courier new', courier, monospace; font-size: 20px;\">Turgut frei im Strafraum zum Schuss, doch trat in den Boden, traf den <\/span><span style=\"font-family: 'courier new', courier, monospace; font-size: 20px;\">Ball nicht richtig und verletzte sich auch noch dabei. Eine typische <\/span><span style=\"font-family: 'courier new', courier, monospace; font-size: 20px;\">Szene in dieser Saison, letzte Saison h\u00e4tte er mit <\/span><span style=\"font-family: 'courier new', courier, monospace; font-size: 20px;\">Sicherheit ein Tor <\/span><span style=\"font-family: 'courier new', courier, monospace; font-size: 20px;\">erzielt.<\/span><\/p>\n<p><span style=\"font-family: 'courier new', courier, monospace; font-size: 20px;\">&#8222;Es bleibt nur die Hoffnung auf das n\u00e4chste Spiel, dass man <\/span><span style=\"font-family: 'courier new', courier, monospace; font-size: 20px;\">vielleicht auch mal das Spielgl\u00fcck auf seinen Seiten hat&#8220;, meinte Flauaus in Referenz auf das Gastspiel beim SV Viktoria Preu\u00dfen. Enkheims Trainer Lukas H\u00f6ll fand: &#8222;R\u00f6delheim hat uns \u00fcber den Kampf alles abverlangt in einem absolut fairen Spiel mit einer tollen Schirileistung, der auf tolle Art alles abmoderiert hat. Ich bin sehr zufrieden mit dem Engagement und dem Teamgeist der Mannschaft.&#8220; F\u00fcr Germania Enkheim geht es am Sonntag mit dem interessanten Heimspiel gegen TuS Makkabi weiter. &#8222;Ein unfassbar schweres Spiel, aber wir wollen Makkabi \u00e4rgern und Punkte holen&#8220;, so der fr\u00fchere Kalbacher.<\/span><\/p>\n<h6><span style=\"font-family: 'courier new', courier, monospace; font-size: 20px;\"><span style=\"font-family: 'courier new', courier, monospace;\"><strong>Schiedsrichter: Philip Hodgkinson (SV Schierstadt). Zuschauer: 45. Tore: 0:1, 0:2 Christian Loerke (18.\/45.+1), 1:2 Paskal Marinic (60.).<\/strong><\/span><strong>\u00a0<\/strong> \u00a0<\/span><\/h6>\n<p>&nbsp;<\/p>\n","protected":false},"excerpt":{"rendered":"<p>Es wird wohl eine schwere Saison f\u00fcr den 1. R\u00f6delheimer FC 02, der nach der 1:2-Heimniederlage gegen den FC Germania Enkheim mit nur zwei Punkten weiter sieglos bleibt. Die G\u00e4ste hingegen stehen mit zehn Punkten auf Rang vier und streben eine bessere Runde als in der Vorsaison an.\u00a0 1. R\u00f6delheimer FC 02 &#8211; FC Germania [&hellip;]<\/p>\n","protected":false},"author":1,"featured_media":31457,"comment_status":"closed","ping_status":"closed","sticky":true,"template":"","format":"standard","meta":{"footnotes":""},"categories":[2],"tags":[],"class_list":["post-34520","post","type-post","status-publish","format-standard","has-post-thumbnail","hentry","category-kreisoberliga-frankfurt"],"_links":{"self":[{"href":"https:\/\/insideamateurfussball-ffm.de\/index.php?rest_route=\/wp\/v2\/posts\/34520","targetHints":{"allow":["GET"]}}],"collection":[{"href":"https:\/\/insideamateurfussball-ffm.de\/index.php?rest_route=\/wp\/v2\/posts"}],"about":[{"href":"https:\/\/insideamateurfussball-ffm.de\/index.php?rest_route=\/wp\/v2\/types\/post"}],"author":[{"embeddable":true,"href":"https:\/\/insideamateurfussball-ffm.de\/index.php?rest_route=\/wp\/v2\/users\/1"}],"replies":[{"embeddable":true,"href":"https:\/\/insideamateurfussball-ffm.de\/index.php?rest_route=%2Fwp%2Fv2%2Fcomments&post=34520"}],"version-history":[{"count":4,"href":"https:\/\/insideamateurfussball-ffm.de\/index.php?rest_route=\/wp\/v2\/posts\/34520\/revisions"}],"predecessor-version":[{"id":34524,"href":"https:\/\/insideamateurfussball-ffm.de\/index.php?rest_route=\/wp\/v2\/posts\/34520\/revisions\/34524"}],"wp:featuredmedia":[{"embeddable":true,"href":"https:\/\/insideamateurfussball-ffm.de\/index.php?rest_route=\/wp\/v2\/media\/31457"}],"wp:attachment":[{"href":"https:\/\/insideamateurfussball-ffm.de\/index.php?rest_route=%2Fwp%2Fv2%2Fmedia&parent=34520"}],"wp:term":[{"taxonomy":"category","embeddable":true,"href":"https:\/\/insideamateurfussball-ffm.de\/index.php?rest_route=%2Fwp%2Fv2%2Fcategories&post=34520"},{"taxonomy":"post_tag","embeddable":true,"href":"https:\/\/insideamateurfussball-ffm.de\/index.php?rest_route=%2Fwp%2Fv2%2Ftags&post=34520"}],"curies":[{"name":"wp","href":"https:\/\/api.w.org\/{rel}","templated":true}]}}