{"id":3452,"date":"2022-10-24T22:12:03","date_gmt":"2022-10-24T20:12:03","guid":{"rendered":"http:\/\/insideamateurfussball-ffm.de\/?p=3452"},"modified":"2025-01-10T14:24:36","modified_gmt":"2025-01-10T13:24:36","slug":"kalbach-bangt-um-verletzten-torjaeger-gara-ali","status":"publish","type":"post","link":"https:\/\/insideamateurfussball-ffm.de\/?p=3452","title":{"rendered":"Kalbach bangt um verletzten Torj\u00e4ger Gara Ali"},"content":{"rendered":"<h4>Der H\u00f6henflug des FC Kalbach setzte sich am Sonntag in der Gruppenliga Frankfurt West fort. Die Mannschaft von Trainer Aaz-Dine Zarioh gewann bei der Usinger TSG mit 2:0 (2:0). Tore durch? Na klar: 2x Achraf Gara Ali, der nun schon bei 27 Treffern steht. Ob die n\u00e4chsten Wochen welche dazu kommen, erscheint fraglich. Denn der Goalgetter schied verletzt aus.<\/h4>\n<figure id=\"attachment_3453\" aria-describedby=\"caption-attachment-3453\" style=\"width: 2560px\" class=\"wp-caption alignnone\"><img loading=\"lazy\" decoding=\"async\" class=\"wp-image-3453 size-full\" src=\"http:\/\/insideamateurfussball-ffm.de\/wp-content\/uploads\/2022\/10\/kalbachvsseckbach-68-scaled.jpg\" alt=\"\" width=\"2560\" height=\"1707\" \/><figcaption id=\"caption-attachment-3453\" class=\"wp-caption-text\"><strong>Achraf Gara Ali ist der Torj\u00e4ger schlechthin. In Usingen schied der St\u00fcrmer verletzt aus. Wir hoffen, dass die Verletzung nicht so schlimm ist. Foto: Anzzo Sports.<\/strong><\/figcaption><\/figure>\n<h4>Usinger TSG &#8211; FC Kalbach 0:2 (0:2)<\/h4>\n<p><img loading=\"lazy\" decoding=\"async\" class=\"alignnone size-full wp-image-597\" src=\"http:\/\/insideamateurfussball-ffm.de\/wp-content\/uploads\/2022\/06\/UTSG.jpg\" alt=\"\" width=\"72\" height=\"80\" \/><img loading=\"lazy\" decoding=\"async\" class=\"alignnone size-full wp-image-16\" src=\"http:\/\/insideamateurfussball-ffm.de\/wp-content\/uploads\/2021\/11\/kalbach-wappen.jpg\" alt=\"\" width=\"80\" height=\"80\" \/><\/p>\n<p><span style=\"color: #333333;\">Fr\u00fch hatte Torj\u00e4ger Achraf Gara Ali auf dem Kunstrasenplatz an den Mucken\u00e4ckern mit seinen Saisontreffern 26 und 27 f\u00fcr einen 2:0-Vorsprung gesorgt. In der 66. Spielminute wurde der Kalbacher Goalgetter aber derart r\u00fcde gefoult, dass Gara Ali verletzt ausgewechselt und ins Krankenhaus gebracht wurde. &#8222;Das war eine Unversch\u00e4mtheit. Der Usinger Spieler ist Gara Ali nachgelaufen und hat ihm voll in den Kn\u00f6chel getreten&#8220;, regte sich Kalbachs Sportlicher Leiter Manfred Meyer auf.<\/span><\/p>\n<h4>Auch Usinger Vidovic schwer verletzt<\/h4>\n<p><span style=\"color: #333333;\">&#8222;Wir m\u00fcssen nun hoffen, dass die Verletzung vielleicht nicht so schwerwiegend ist.&#8220; Zum Spielgeschehen sagte Meyer: &#8222;20 Minuten haben wir hervorragend gespielt, danach hat jeder sein eigenes S\u00fcppchen gekocht. Usingen hat dann mehr investiert, der Sieg war aber nie gef\u00e4hrdet.&#8220; Der Usinger Ivan Vidovic erlitt mehrfache Fingerbr\u00fcche und musste auch ins Krankenhaus.<\/span><\/p>\n<h4>Schiedsrichter: Mark-Oliver Ney (Wiesbaden). Zuschauer: 120.<\/h4>\n<h4>Tore: 0:1, 0:2 Achraf Gara Ali (3.\/17.).<\/h4>\n","protected":false},"excerpt":{"rendered":"<p>Der H\u00f6henflug des FC Kalbach setzte sich am Sonntag in der Gruppenliga Frankfurt West fort. Die Mannschaft von Trainer Aaz-Dine Zarioh gewann bei der Usinger TSG mit 2:0 (2:0). Tore durch? Na klar: 2x Achraf Gara Ali, der nun schon bei 27 Treffern steht. Ob die n\u00e4chsten Wochen welche dazu kommen, erscheint fraglich. Denn der [&hellip;]<\/p>\n","protected":false},"author":1,"featured_media":0,"comment_status":"open","ping_status":"open","sticky":false,"template":"","format":"standard","meta":{"footnotes":""},"categories":[13],"tags":[],"class_list":["post-3452","post","type-post","status-publish","format-standard","hentry","category-gruppenliga-frankfurt-west"],"_links":{"self":[{"href":"https:\/\/insideamateurfussball-ffm.de\/index.php?rest_route=\/wp\/v2\/posts\/3452","targetHints":{"allow":["GET"]}}],"collection":[{"href":"https:\/\/insideamateurfussball-ffm.de\/index.php?rest_route=\/wp\/v2\/posts"}],"about":[{"href":"https:\/\/insideamateurfussball-ffm.de\/index.php?rest_route=\/wp\/v2\/types\/post"}],"author":[{"embeddable":true,"href":"https:\/\/insideamateurfussball-ffm.de\/index.php?rest_route=\/wp\/v2\/users\/1"}],"replies":[{"embeddable":true,"href":"https:\/\/insideamateurfussball-ffm.de\/index.php?rest_route=%2Fwp%2Fv2%2Fcomments&post=3452"}],"version-history":[{"count":1,"href":"https:\/\/insideamateurfussball-ffm.de\/index.php?rest_route=\/wp\/v2\/posts\/3452\/revisions"}],"predecessor-version":[{"id":3454,"href":"https:\/\/insideamateurfussball-ffm.de\/index.php?rest_route=\/wp\/v2\/posts\/3452\/revisions\/3454"}],"wp:attachment":[{"href":"https:\/\/insideamateurfussball-ffm.de\/index.php?rest_route=%2Fwp%2Fv2%2Fmedia&parent=3452"}],"wp:term":[{"taxonomy":"category","embeddable":true,"href":"https:\/\/insideamateurfussball-ffm.de\/index.php?rest_route=%2Fwp%2Fv2%2Fcategories&post=3452"},{"taxonomy":"post_tag","embeddable":true,"href":"https:\/\/insideamateurfussball-ffm.de\/index.php?rest_route=%2Fwp%2Fv2%2Ftags&post=3452"}],"curies":[{"name":"wp","href":"https:\/\/api.w.org\/{rel}","templated":true}]}}