{"id":34516,"date":"2026-09-01T17:24:50","date_gmt":"2026-09-01T16:24:50","guid":{"rendered":"https:\/\/insideamateurfussball-ffm.de\/?p=34516"},"modified":"2026-09-01T17:24:50","modified_gmt":"2026-09-01T16:24:50","slug":"posavina-wird-ruf-als-aufstiegsanwaerter-gerecht","status":"publish","type":"post","link":"https:\/\/insideamateurfussball-ffm.de\/?p=34516","title":{"rendered":"Posavina wird Ruf als Aufstiegsanw\u00e4rter gerecht"},"content":{"rendered":"<h6><strong><span style=\"font-size: 20px; font-family: 'courier new', courier, monospace;\">Der FC Posavina wird seinem Ruf als Aufstiegsaspirant in der Kreisoberliga Frankfurt gerecht. Der 5:2-Ausw\u00e4rtssieg bei Wiederaufsteiger SG Bornheim\/Gr\u00fcn-Wei\u00df war der vierte Sieg im vierten Spiel. Das bedeutet Rang zwei f\u00fcr das Team des neuen Trainers Raduan Belaajel vor dem Topspiel am Sonntag gegen den mit f\u00fcnf Siegen gestarteten Tabellenf\u00fchrer SG Westend.\u00a0<\/span><\/strong><\/h6>\n<figure id=\"attachment_34517\" aria-describedby=\"caption-attachment-34517\" style=\"width: 150px\" class=\"wp-caption aligncenter\"><img loading=\"lazy\" decoding=\"async\" class=\"wp-image-34517 size-thumbnail\" src=\"http:\/\/insideamateurfussball-ffm.de\/wp-content\/uploads\/2026\/09\/Born-Po-150x150.jpg\" alt=\"\" width=\"150\" height=\"150\" srcset=\"https:\/\/insideamateurfussball-ffm.de\/wp-content\/uploads\/2026\/09\/Born-Po-150x150.jpg 150w, https:\/\/insideamateurfussball-ffm.de\/wp-content\/uploads\/2026\/09\/Born-Po-300x300.jpg 300w, https:\/\/insideamateurfussball-ffm.de\/wp-content\/uploads\/2026\/09\/Born-Po-1024x1024.jpg 1024w, https:\/\/insideamateurfussball-ffm.de\/wp-content\/uploads\/2026\/09\/Born-Po-768x768.jpg 768w, https:\/\/insideamateurfussball-ffm.de\/wp-content\/uploads\/2026\/09\/Born-Po-1536x1536.jpg 1536w, https:\/\/insideamateurfussball-ffm.de\/wp-content\/uploads\/2026\/09\/Born-Po.jpg 2048w\" sizes=\"auto, (max-width: 150px) 100vw, 150px\" \/><figcaption id=\"caption-attachment-34517\" class=\"wp-caption-text\">Posavina startet gut in die Saison. Foto: Silvio Gie\u00dfler\/groundhopper.org<\/figcaption><\/figure>\n<h6><strong><span style=\"font-family: 'courier new', courier, monospace; font-size: 20px;\">SG Bornheim\/Gr\u00fcn-Wei\u00df II &#8211; FC Posavina 2:5 (1:3)<\/span><\/strong><\/h6>\n<p><img loading=\"lazy\" decoding=\"async\" class=\"alignnone size-full wp-image-119\" src=\"http:\/\/insideamateurfussball-ffm.de\/wp-content\/uploads\/2022\/05\/Bornheim.jpg\" alt=\"\" width=\"80\" height=\"80\" \/><img loading=\"lazy\" decoding=\"async\" class=\"alignnone size-full wp-image-22\" src=\"http:\/\/insideamateurfussball-ffm.de\/wp-content\/uploads\/2021\/11\/posavina.jpg\" alt=\"\" width=\"63\" height=\"80\" \/><\/p>\n<p><span style=\"font-family: 'courier new', courier, monospace; font-size: 20px;\">Bornheim II bleibt nach dem Wiederaufstieg ohne Sieg und der schlechteste der vier Neulinge. Obwohl den Gastgebern die Anfangsphase geh\u00f6rte und die Bornheimer Reserve durch Mohamed Fannich El Fachtali die erste Chance hatte, gelang den G\u00e4sten durch den vom FC Croatia gekommenen Ante Coric die F\u00fchrung (10.), die El Fachtali aber per Foulelfmeter egalisierte (16.).<\/span><\/p>\n<p><span style=\"font-family: 'courier new', courier, monospace; font-size: 20px;\"> Anto Arlovic traf zur erneuten G\u00e4stef\u00fchrung (27.) und erh\u00f6hte zum 3:1 (34.). Nach dem Seitenwechsel markierte Arlovic seinen dritten Treffer (47.). Die robusten und \u00fcberlegenen Kroaten zogen mit Stanko Budimir (66.) auf 5:1 davon. El Fachtali verk\u00fcrzte noch zum Endstand (69.). <\/span><\/p>\n<p><span style=\"font-family: 'courier new', courier, monospace; font-size: 20px;\">Auf Seiten der G\u00e4ste erhielt der dreifache Torsch\u00fctze Anto Arlovic wegen Unsportlichkeit die Gelb-Rote Karte (73.). &#8222;Wir belohnen uns einfach nicht, machen gutes Spiele, kommen aber nach R\u00fcckst\u00e4nden schwer zur\u00fcck&#8220;, haderte Bornheims Trainer Christian Ehmes nach zwei Punkten in f\u00fcnf Spielen. Am Dienstag sind die Oberr\u00e4der in der 1. Runde des neu geschaffenen Reserve-Cups beim A-Ligisten Spvgg. 05 Oberrad gefordert (20 Uhr). <\/span><\/p>\n<p><span style=\"font-family: 'courier new', courier, monospace; font-size: 20px;\">Am Sonntag steht mit dem Spiel beim SV Blau-Gelb ein besonderes Spiel an, denn es wird um 16.45 Uhr im DFB-Campus auf Platz 4 gespielt. &#8222;Jetzt freuen wir uns auf das Spitzenspiel am kommenden Sonntag gegen Westend&#8220;, k\u00fcndigte Posavina-Sprecher Zrinko Tomic an.<\/span><\/p>\n<h6><span style=\"font-family: 'courier new', courier, monospace; font-size: 20px;\"><span style=\"font-family: 'courier new', courier, monospace;\"><strong>Schiedsrichter: Udo Mogk (KSV Bingenheim). Zuschauer: 50. Tore: 0:1 Ante Coric (10.), 1:1 Mohamed Fannich El Fachtali (16.\/Foulelfmeter), 1:2, 1:3, 1:4 Anto Arlovic (27.\/34.\/47.), 1:5 Stanko Budimir (66.), 2:5 Mohamed Fannich El Fachtali (69.).<\/strong>\u00a0 <\/span>\u00a0 \u00a0 \u00a0<\/span><\/h6>\n<p>&nbsp;<\/p>\n<p>&nbsp;<\/p>\n","protected":false},"excerpt":{"rendered":"<p>Der FC Posavina wird seinem Ruf als Aufstiegsaspirant in der Kreisoberliga Frankfurt gerecht. Der 5:2-Ausw\u00e4rtssieg bei Wiederaufsteiger SG Bornheim\/Gr\u00fcn-Wei\u00df war der vierte Sieg im vierten Spiel. Das bedeutet Rang zwei f\u00fcr das Team des neuen Trainers Raduan Belaajel vor dem Topspiel am Sonntag gegen den mit f\u00fcnf Siegen gestarteten Tabellenf\u00fchrer SG Westend.\u00a0 SG Bornheim\/Gr\u00fcn-Wei\u00df II [&hellip;]<\/p>\n","protected":false},"author":1,"featured_media":34517,"comment_status":"closed","ping_status":"closed","sticky":true,"template":"","format":"standard","meta":{"footnotes":""},"categories":[2],"tags":[],"class_list":["post-34516","post","type-post","status-publish","format-standard","has-post-thumbnail","hentry","category-kreisoberliga-frankfurt"],"_links":{"self":[{"href":"https:\/\/insideamateurfussball-ffm.de\/index.php?rest_route=\/wp\/v2\/posts\/34516","targetHints":{"allow":["GET"]}}],"collection":[{"href":"https:\/\/insideamateurfussball-ffm.de\/index.php?rest_route=\/wp\/v2\/posts"}],"about":[{"href":"https:\/\/insideamateurfussball-ffm.de\/index.php?rest_route=\/wp\/v2\/types\/post"}],"author":[{"embeddable":true,"href":"https:\/\/insideamateurfussball-ffm.de\/index.php?rest_route=\/wp\/v2\/users\/1"}],"replies":[{"embeddable":true,"href":"https:\/\/insideamateurfussball-ffm.de\/index.php?rest_route=%2Fwp%2Fv2%2Fcomments&post=34516"}],"version-history":[{"count":2,"href":"https:\/\/insideamateurfussball-ffm.de\/index.php?rest_route=\/wp\/v2\/posts\/34516\/revisions"}],"predecessor-version":[{"id":34519,"href":"https:\/\/insideamateurfussball-ffm.de\/index.php?rest_route=\/wp\/v2\/posts\/34516\/revisions\/34519"}],"wp:featuredmedia":[{"embeddable":true,"href":"https:\/\/insideamateurfussball-ffm.de\/index.php?rest_route=\/wp\/v2\/media\/34517"}],"wp:attachment":[{"href":"https:\/\/insideamateurfussball-ffm.de\/index.php?rest_route=%2Fwp%2Fv2%2Fmedia&parent=34516"}],"wp:term":[{"taxonomy":"category","embeddable":true,"href":"https:\/\/insideamateurfussball-ffm.de\/index.php?rest_route=%2Fwp%2Fv2%2Fcategories&post=34516"},{"taxonomy":"post_tag","embeddable":true,"href":"https:\/\/insideamateurfussball-ffm.de\/index.php?rest_route=%2Fwp%2Fv2%2Ftags&post=34516"}],"curies":[{"name":"wp","href":"https:\/\/api.w.org\/{rel}","templated":true}]}}