{"id":34507,"date":"2026-08-31T06:28:00","date_gmt":"2026-08-31T05:28:00","guid":{"rendered":"https:\/\/insideamateurfussball-ffm.de\/?p=34507"},"modified":"2026-09-01T15:58:23","modified_gmt":"2026-09-01T14:58:23","slug":"unterliederbach-trotz-niederlage-gegen-waldgirmes-zehnter","status":"publish","type":"post","link":"https:\/\/insideamateurfussball-ffm.de\/?p=34507","title":{"rendered":"Unterliederbach trotz Niederlage gegen Waldgirmes Zehnter"},"content":{"rendered":"<h6><span style=\"font-size: 20px; font-family: 'courier new', courier, monospace;\"><strong>Nach dem Aufstieg in die Verbandsliga Mitte m\u00f6chten wir auch den VfB Unterliederbach in unsere Berichterstattung aufnehmen. Der Verein aus dem westlichen Stadtteil unterlag am Sonntag dem Hessenliga-Absteiger SC Waldgirmes mit 2:5 und steht nach f\u00fcnf Spielen mit zwei Siegen und drei Niederlagen auf Rang zehn.<\/strong>\u00a0<\/span><\/h6>\n<figure id=\"attachment_34508\" aria-describedby=\"caption-attachment-34508\" style=\"width: 150px\" class=\"wp-caption aligncenter\"><img loading=\"lazy\" decoding=\"async\" class=\"wp-image-34508 size-thumbnail\" src=\"http:\/\/insideamateurfussball-ffm.de\/wp-content\/uploads\/2026\/09\/SCW-150x150.jpg\" alt=\"\" width=\"150\" height=\"150\" \/><figcaption id=\"caption-attachment-34508\" class=\"wp-caption-text\">Waldgirmes spielte neun Jahre Hessenliga. Foto: Archiv PA.<\/figcaption><\/figure>\n<h6><strong><span style=\"font-family: 'courier new', courier, monospace; font-size: 20px;\">VfB Unterliederbach &#8211; SC Waldgirmes 2:5 (1:2)<\/span><\/strong><\/h6>\n<p><img loading=\"lazy\" decoding=\"async\" class=\"alignnone size-full wp-image-4690\" src=\"http:\/\/insideamateurfussball-ffm.de\/wp-content\/uploads\/2023\/01\/Unterliederbach.jpg\" alt=\"\" width=\"62\" height=\"80\" \/><img loading=\"lazy\" decoding=\"async\" class=\"alignnone size-full wp-image-2461\" src=\"http:\/\/insideamateurfussball-ffm.de\/wp-content\/uploads\/2022\/09\/Waldgi.jpg\" alt=\"\" width=\"78\" height=\"80\" \/><\/p>\n<p><span style=\"font-family: 'courier new', courier, monospace; font-size: 20px;\">Wechselnde Ergebnisse spiegeln den Start der Unterliederbacher wider. Zu Saisonbeginn hatte es eine 0:3-Heimniederlage gegen den TSV Steinbach Haiger II gegeben. Eine Woche danach setzte es beim Aufsteiger SG Obbornhofen\/Bellersheim eine 1:2-Niederlage. Es folgten aber zwei Siege: Ausw\u00e4rts mit 6:3 bei Schlusslicht FC Waldbrunn und daheim 3:2 gegen TSF Heuchelheim. <\/span><\/p>\n<p><span style=\"font-family: 'courier new', courier, monospace; font-size: 20px;\">Im Kreispokal war hingegen schon in der 1. Runde Endstation mit der 2:4-Niederlage beim Kreisoberligisten FSC Eschborn. Zweite Tage sp\u00e4ter wurde noch ein Freundschaftsspiel gegen den S\u00fcd-Verbandsligisten Kickers Offenbach II eingelegt (0:1). <\/span><\/p>\n<p><span style=\"font-family: 'courier new', courier, monospace; font-size: 20px;\">Gegen Waldgirmes geriet der VfB fr\u00fch mit Gegentoren von Nico G\u00f6tz per Foulelfmeter (3.) und Marius Glasauer (13.) mit 0:2 ins Hintertreffen. Per Foulelfmeter verk\u00fcrzte Justin Matthews (17.). Nach dem Seitenwechsel sorgte Luis Stephan f\u00fcr das 3:1 der Mittelhessen (48.). <\/span><\/p>\n<p><span style=\"font-family: 'courier new', courier, monospace; font-size: 20px;\">Max Behnen baute die F\u00fchrung aus (88.), Kevin Faro verk\u00fcrzte (89.) und Behnen stellte den Endstand her (90.). Am Sonntag kommt es zum Stadtderby beim SV Zeilsheim (15.30 Uhr).<\/span><\/p>\n<h6><strong><span style=\"font-family: 'courier new', courier, monospace; font-size: 20px;\"><span style=\"font-family: 'courier new', courier, monospace;\">Schiedsrichter: Marius Ulbrich (SV Ph\u00f6nix D\u00fcdelsheim). Tore: 0:1 Nico G\u00f6tz (3.\/Foulelfmeter), 0:2 Marius Glasauer (13.), 1:2 Justin Matthews (17.\/Foulelfmeter), 1:3 Luis Stephan (48.), 1:4 Max Behnen (88.), 2:4 Kevin Faro (89.), 2:5 Max Behnen (90.).<\/span>\u00a0<\/span><\/strong><\/h6>\n","protected":false},"excerpt":{"rendered":"<p>Nach dem Aufstieg in die Verbandsliga Mitte m\u00f6chten wir auch den VfB Unterliederbach in unsere Berichterstattung aufnehmen. Der Verein aus dem westlichen Stadtteil unterlag am Sonntag dem Hessenliga-Absteiger SC Waldgirmes mit 2:5 und steht nach f\u00fcnf Spielen mit zwei Siegen und drei Niederlagen auf Rang zehn.\u00a0 VfB Unterliederbach &#8211; SC Waldgirmes 2:5 (1:2) Wechselnde Ergebnisse [&hellip;]<\/p>\n","protected":false},"author":1,"featured_media":34508,"comment_status":"closed","ping_status":"closed","sticky":true,"template":"","format":"standard","meta":{"footnotes":""},"categories":[32],"tags":[],"class_list":["post-34507","post","type-post","status-publish","format-standard","has-post-thumbnail","hentry","category-verbandsliga-mitte"],"_links":{"self":[{"href":"https:\/\/insideamateurfussball-ffm.de\/index.php?rest_route=\/wp\/v2\/posts\/34507","targetHints":{"allow":["GET"]}}],"collection":[{"href":"https:\/\/insideamateurfussball-ffm.de\/index.php?rest_route=\/wp\/v2\/posts"}],"about":[{"href":"https:\/\/insideamateurfussball-ffm.de\/index.php?rest_route=\/wp\/v2\/types\/post"}],"author":[{"embeddable":true,"href":"https:\/\/insideamateurfussball-ffm.de\/index.php?rest_route=\/wp\/v2\/users\/1"}],"replies":[{"embeddable":true,"href":"https:\/\/insideamateurfussball-ffm.de\/index.php?rest_route=%2Fwp%2Fv2%2Fcomments&post=34507"}],"version-history":[{"count":3,"href":"https:\/\/insideamateurfussball-ffm.de\/index.php?rest_route=\/wp\/v2\/posts\/34507\/revisions"}],"predecessor-version":[{"id":34511,"href":"https:\/\/insideamateurfussball-ffm.de\/index.php?rest_route=\/wp\/v2\/posts\/34507\/revisions\/34511"}],"wp:featuredmedia":[{"embeddable":true,"href":"https:\/\/insideamateurfussball-ffm.de\/index.php?rest_route=\/wp\/v2\/media\/34508"}],"wp:attachment":[{"href":"https:\/\/insideamateurfussball-ffm.de\/index.php?rest_route=%2Fwp%2Fv2%2Fmedia&parent=34507"}],"wp:term":[{"taxonomy":"category","embeddable":true,"href":"https:\/\/insideamateurfussball-ffm.de\/index.php?rest_route=%2Fwp%2Fv2%2Fcategories&post=34507"},{"taxonomy":"post_tag","embeddable":true,"href":"https:\/\/insideamateurfussball-ffm.de\/index.php?rest_route=%2Fwp%2Fv2%2Ftags&post=34507"}],"curies":[{"name":"wp","href":"https:\/\/api.w.org\/{rel}","templated":true}]}}