{"id":34500,"date":"2026-08-28T22:02:00","date_gmt":"2026-08-28T21:02:00","guid":{"rendered":"https:\/\/insideamateurfussball-ffm.de\/?p=34500"},"modified":"2026-08-31T21:24:15","modified_gmt":"2026-08-31T20:24:15","slug":"die-pokalwoche-in-der-grossen-uebersicht","status":"publish","type":"post","link":"https:\/\/insideamateurfussball-ffm.de\/?p=34500","title":{"rendered":"Die Pokalwoche in der gro\u00dfen \u00dcbersicht"},"content":{"rendered":"<h6><span style=\"font-size: 20px; font-family: 'courier new', courier, monospace;\"><strong>Sechs Begegnungen und zwei Spielabsagen verzeichnete die zweite Woche der 1. Runde im Kreispokal. Dabei strichen zwei Kreisoberligisten \u00fcberraschend gegen Gegner aus der Kreisliga A oder B \u00fcberraschend die Segel. In der dritten Woche steigen dann auch die Gruppen- und Verbandsligisten in den Wettbewerb ein.<\/strong><\/span><\/h6>\n<figure id=\"attachment_34501\" aria-describedby=\"caption-attachment-34501\" style=\"width: 150px\" class=\"wp-caption aligncenter\"><img loading=\"lazy\" decoding=\"async\" class=\"wp-image-34501 size-thumbnail\" src=\"http:\/\/insideamateurfussball-ffm.de\/wp-content\/uploads\/2026\/08\/Nie-TSG-150x150.jpg\" alt=\"\" width=\"150\" height=\"150\" \/><figcaption id=\"caption-attachment-34501\" class=\"wp-caption-text\">Die TSG Niederrad schaffte in Nieder-Eschbach den Pokalcoup. Foto: PA.<\/figcaption><\/figure>\n<h6><strong><span style=\"font-family: 'courier new', courier, monospace; font-size: 20px;\">SC Riedberg &#8211; GSU Hellas 7:1 (5:0)<\/span><\/strong><\/h6>\n<p><img loading=\"lazy\" decoding=\"async\" class=\"alignnone size-full wp-image-16632\" src=\"http:\/\/insideamateurfussball-ffm.de\/wp-content\/uploads\/2024\/02\/SC-Riedberg-neu.png\" alt=\"\" width=\"80\" height=\"80\" \/><img loading=\"lazy\" decoding=\"async\" class=\"alignnone size-full wp-image-17152\" src=\"http:\/\/insideamateurfussball-ffm.de\/wp-content\/uploads\/2024\/03\/GSU-Hellas.png\" alt=\"\" width=\"80\" height=\"80\" \/><\/p>\n<p><span style=\"font-family: 'courier new', courier, monospace; font-size: 20px;\">Der Tabellenf\u00fchrer der Kreisliga A (Gruppe 1) deklassierte den Kreisoberliga-Absteiger, der in die Gruppe 2 eingestuft wurde. Im ersten Abschnitt f\u00fchrte der Pokalfinalist von 2024 durch Ivan Bogdan Hartmann (9.), Nenad Stanojevic (15.\/24.) und Mimoun Zaouzaou (27.) mit 4:0. Das l\u00e4ssige Abwehrverhalten brachte GSU-Torh\u00fcter Salim Akaouch auf die Palme. Lautstark beschimpfte der Neuzugang seine Mitspieler, erhielt vom Schiedsrichter die Rote Karte und w\u00fctete beim Verlassen des Spielfeldes weiter gegen seine Leute (36.). Ersatzkeeper Dimitrios Bochlos ging zwischen die Pfosten, ein Feldspieler musste daf\u00fcr raus. Stanojevic erh\u00f6hte vor der Pause auf 5:0 (44.). Nach dem Seitenwechsel markierte Timucin Demirci das 6:0 (54.). Jan Schn\u00fccker gelang der GSU-Ehrentreffer (63.). Den Schlusspunkt setzte Hartmann (80.) f\u00fcr die Riedberger, die verdient die 2. Runde erreichen. Der erst vor der Saison gekommene Trainer Jorge Huberman nahm nach dem Abpfiff gemeinsam mit Co-Trainer Soufian Taadou seinen Hut und gab den R\u00fccktritt bekannt.\u00a0<\/span><\/p>\n<h6><span style=\"font-family: 'courier new', courier, monospace; font-size: 20px;\"><span style=\"font-family: 'courier new', courier, monospace;\"><strong>Schiedsrichter: Kofi Becha (Spvgg. Fechenheim). Tore: 1:0 Ivan Bogdan Hartmann (9.), 2:0, 3:0 Nenad Stanojevic (15.\/24.), 4:0 Mimoun Zaouzaou (27.), 5:0 Nenad Stanojevic (44.), 6:0 Timucin Demirci (54.), 6:1 Jan Schn\u00fccker (63.), 7:1 Ivan Bogdan Hartman (80.).\u00a0<\/strong><\/span><\/span><\/h6>\n<h6><strong><span style=\"font-family: 'courier new', courier, monospace; font-size: 20px;\">SG 28 &#8211; BSC Schwarz-Wei\u00df 19 3:2 (1:1)<\/span><\/strong><\/h6>\n<p><img loading=\"lazy\" decoding=\"async\" class=\"alignnone size-full wp-image-19900\" src=\"http:\/\/insideamateurfussball-ffm.de\/wp-content\/uploads\/2024\/07\/sg1928.jpeg\" alt=\"\" width=\"68\" height=\"80\" \/><img loading=\"lazy\" decoding=\"async\" class=\"alignnone size-full wp-image-285\" src=\"http:\/\/insideamateurfussball-ffm.de\/wp-content\/uploads\/2022\/05\/BSC-19.jpg\" alt=\"\" width=\"80\" height=\"61\" \/><\/p>\n<p><span style=\"font-family: 'courier new', courier, monospace; font-size: 20px;\">Pokalcoup an der Ackermannwiese! Der auf Rang 12 stehende B-Ligist kann das Schlusslicht der Kreisoberliga aus dem Pokal werfen. Die G\u00e4stef\u00fchrung mit Anas Ahzaoui (34.) glich Deniz Dogan aus (39.). Nach dem Seitenwechsel blieb es beim packenden Pokalfight, denn der Au\u00dfenseiter lag durch Sefa Konca (56.) vorne und erh\u00f6hte durch Soufiane Yachou (66.) auf 3:1, ehe der Favorit durch Rhanem Nassim noch mal herankam (78.). Die SG 28 hofft nun bei der Auslosung am 21. September (im Stadion am Bornheimer Hang) auf ein attraktives Los.\u00a0<\/span><\/p>\n<h6><strong><span style=\"font-family: 'courier new', courier, monospace; font-size: 20px;\">Schiedsrichter: Metehan Babat (FC Serkeftin 92). Tore: 0:1 Anas Ahzaoui (34.), 1:1 Deniz Dogan (39.), 2:1 Sefa Konca (56.), 3:1 Soufiane Yaachou (66.), 3:2 Rhanem Nassim (78.).<\/span><\/strong><\/h6>\n<h6><strong><span style=\"font-family: 'courier new', courier, monospace; font-size: 20px;\">FC Heisenrath Goldstein &#8211; SV Viktoria Preu\u00dfen Nichtantritt Heim Wertung 0:3\u00a0<\/span><\/strong><\/h6>\n<p><img loading=\"lazy\" decoding=\"async\" class=\"alignnone size-full wp-image-761\" src=\"http:\/\/insideamateurfussball-ffm.de\/wp-content\/uploads\/2022\/06\/Heisen.jpg\" alt=\"\" width=\"80\" height=\"73\" \/><img loading=\"lazy\" decoding=\"async\" class=\"alignnone size-full wp-image-12\" src=\"http:\/\/insideamateurfussball-ffm.de\/wp-content\/uploads\/2021\/11\/preussen.jpg\" alt=\"\" width=\"72\" height=\"80\" \/><\/p>\n<p><span style=\"font-family: 'courier new', courier, monospace; font-size: 20px;\">Der A-Ligist aus dem S\u00fcdwesten sagte die Begegnung zwei Tage vorher aus Personalmangel ab. Die Preu\u00dfen stehen damit kampflos in Runde zwei.\u00a0<\/span><\/p>\n<h6><strong><span style=\"font-family: 'courier new', courier, monospace; font-size: 20px;\">FC Corumspor &#8211; FC Posavina Nichtantritt Heim Wertung 0:3\u00a0<\/span><\/strong><\/h6>\n<p><img loading=\"lazy\" decoding=\"async\" class=\"alignnone size-full wp-image-170\" src=\"http:\/\/insideamateurfussball-ffm.de\/wp-content\/uploads\/2022\/05\/Corum.jpg\" alt=\"\" width=\"80\" height=\"80\" \/><img loading=\"lazy\" decoding=\"async\" class=\"alignnone size-full wp-image-22\" src=\"http:\/\/insideamateurfussball-ffm.de\/wp-content\/uploads\/2021\/11\/posavina.jpg\" alt=\"\" width=\"63\" height=\"80\" \/><\/p>\n<p><span style=\"font-family: 'courier new', courier, monospace; font-size: 20px;\">Auch diesbez\u00fcglich erreichte den Pokalspielleiter eine Mail, dass der gerade in die A-Klasse aufgestiegene Verein auf das Pokalspiel gegen KOL-Spitzenteam Posavina verzichtet, somit sind die Riederw\u00e4lder Kroaten kampflos in Runde 2.\u00a0<\/span><\/p>\n<h6><strong><span style=\"font-family: 'courier new', courier, monospace; font-size: 20px;\">FC Gudesding &#8211; SG Westend 4:3 (2:1)<\/span><\/strong><\/h6>\n<p><img loading=\"lazy\" decoding=\"async\" class=\"alignnone size-full wp-image-10\" src=\"http:\/\/insideamateurfussball-ffm.de\/wp-content\/uploads\/2021\/11\/Gudesding.jpg\" alt=\"\" width=\"64\" height=\"80\" \/><img loading=\"lazy\" decoding=\"async\" class=\"alignnone size-full wp-image-611\" src=\"http:\/\/insideamateurfussball-ffm.de\/wp-content\/uploads\/2022\/06\/Westend.png\" alt=\"\" width=\"69\" height=\"80\" \/><\/p>\n<p><span style=\"font-family: 'courier new', courier, monospace; font-size: 20px;\">Somit fand sp\u00e4t um 20.30 Uhr nur eine Pokalbegegnung statt und diese f\u00fchrte im Ostpark zwei Kreisoberligisten zusammen. Beide Teams rotierten, aber es entwickelte sich ein feines Pokalspiel. Die F\u00fchrung durch Neuzugang Tom Deifuss (10.) egalisierte Max B\u00f6rsig (14.). Nach einer halben Stunde f\u00fchrte Gudesding durch Fabian Lifka (30.) und diese baute Abderrafik Imeghry nach dem Seitenwechsel aus (47.). Nachdem Lifka auf 4:1 stellte (68.), kam der KOL-Spitzenreiter mit Gedeon Nsemi (88.) und Mustafa Ilhan (90.\/+7). &#8222;Wir hatten eine gute Qualit\u00e4t auf dem Platz&#8220;, lobte Gudesding-Trainer Maik Rudolf. Westend-Trainer Vait Arslanoski sagte: &#8222;Es war ein faires Spiel. Gudesding ist ein geiler Verein. Den Trainer sch\u00e4tze ich sehr. Das hat Spa\u00df gemacht, wir sind aber leider ausgeschieden.&#8220;\u00a0<\/span><\/p>\n<h6><strong><span style=\"font-family: 'courier new', courier, monospace; font-size: 20px;\">Schiedsrichter: Frank Kunold (FV Bad Vilbel). Zuschauer: 200. Tore: 1:0 Tom Deifuss (10.), 1:1 Max B\u00f6rsig (14.), 2:1 Fabian Lifka (30.), 3:1 Abderrafik Imeghry (47.), 4:1 Fabian Lifka (68.), 4:2 Gedeon Nsemi (88.), 4:3 Mustafa Ilhan (90.\/+7).<\/span><\/strong><\/h6>\n<h6><strong><span style=\"font-family: 'courier new', courier, monospace; font-size: 20px;\">TuS Nieder-Eschbach &#8211; TSG Niederrad 2:3 (1:1)<\/span><\/strong><\/h6>\n<p><img loading=\"lazy\" decoding=\"async\" class=\"alignnone size-full wp-image-3202\" src=\"http:\/\/insideamateurfussball-ffm.de\/wp-content\/uploads\/2022\/10\/nieder-eschb.png\" alt=\"\" width=\"57\" height=\"80\" \/><img loading=\"lazy\" decoding=\"async\" class=\"alignnone size-full wp-image-343\" src=\"http:\/\/insideamateurfussball-ffm.de\/wp-content\/uploads\/2022\/05\/TSG-Niederrad.jpg\" alt=\"\" width=\"68\" height=\"80\" \/><\/p>\n<p><span style=\"font-family: 'courier new', courier, monospace; font-size: 20px;\">Hier musste das Heimrecht gedreht werden, da die TSG Niederrad kein Flutlicht hat und auf der Hahnstra\u00dfe keine Kapazit\u00e4t frei war. So wurde beim Kreisoberliga-Aufsteiger gespielt und die Gr\u00fcn-Wei\u00dfen aus Niederrad schafften durchaus eine \u00dcberraschung. Und das obwohl die rotierenden Gastgeber durch Marios Theodoridis i F\u00fchrung gingen (26.), aber kurz vor dem Halbzeitpfiff glich der gerade eingewechselte Cem Bagdu aus (45.\/+1). Nach dem Seitenwechsel ging der A-Klasse-Aufsteiger in F\u00fchrung durch Kadir Kuscu (51.) und baute diese durch Ahmet Keser aus (69.). Nico Raimondi verk\u00fcrzte noch per Foulelfmeter (77.), das Ausscheiden von Nieder-Eschbach war aber nicht zu verhindern. TSG Niederrad zieht trotz Ausw\u00e4rtsspiel beim klassenh\u00f6heren Gegner in die 2. Runde ein.\u00a0<\/span><\/p>\n<h6><strong><span style=\"font-family: 'courier new', courier, monospace; font-size: 20px;\">Schiedsrichter: Christoph Hogg (FFC Victoria). Zuschauer: 65. Tore: 1:0 Marios Theodoridis (26.), 1:1 Cem Bagdu (45.\/+1), 1:2 Kadir Kuscu (51), 1:3 Ahmet Keser (69.), 2:3 Nico Raimondi (77.\/Foulelfmeter).<\/span><\/strong><\/h6>\n<h6><strong><span style=\"font-family: 'courier new', courier, monospace; font-size: 20px;\">FV 09 Eschersheim &#8211; 1. R\u00f6delheimer FC 02 2:7 (0:6)<\/span><\/strong><\/h6>\n<p><img loading=\"lazy\" decoding=\"async\" class=\"alignnone size-full wp-image-3204\" src=\"http:\/\/insideamateurfussball-ffm.de\/wp-content\/uploads\/2022\/10\/fv-09.jpg\" alt=\"\" width=\"80\" height=\"78\" \/><img loading=\"lazy\" decoding=\"async\" class=\"alignnone size-full wp-image-333\" src=\"http:\/\/insideamateurfussball-ffm.de\/wp-content\/uploads\/2022\/05\/Roedelheim.jpg\" alt=\"\" width=\"80\" height=\"73\" \/><\/p>\n<p><span style=\"font-family: 'courier new', courier, monospace; font-size: 20px;\">Der Kreisoberligist zeigte am Berkersheimer Weg den Zwei-Klassen-Unterschied im ersten Abschnitt deutlich auf. Felix Tim Werner Conradi (13.), Sebastian Gheorghita (19.), Philipp Zajonz (30.), Florian Meinshausen (34.), Niklas Vogt (37.) und Ertap Turgut (44.) legten ein halbes Dutzend Tore vor. Nach dem Seitenwechsel verk\u00fcrzte Eschersheim mit Zoran Gavran (61.) und Yones Aidi (74.), den Schlusspunkt setzte der R\u00f6delheimer Onur Yildiz (83.).\u00a0<\/span><\/p>\n<h6><span style=\"font-family: 'courier new', courier, monospace; font-size: 20px;\"><strong>Schiedsrichter: Goran Culjak (FSV Frankfurt). Zuschauer: 30. Tore: 0:1 Felix Tim Werner Conradi (13.), 0:2 Sebastian Gheorghita (19.), 0:3 Philipp Zajonz (30.), 0:4 Florian Meinshausen (34.), 0:5 Niklas Vogt (37.), 0:6 Ertap Turgut (44.), 1:6 Zoran Gavran (61.), 2:6 Yones Aidi (74.), 2:7 Onur Yildiz (83.).<\/strong>\u00a0<\/span><\/h6>\n<h6><strong><span style=\"font-family: 'courier new', courier, monospace; font-size: 20px;\">SG Harheim &#8211; SV Blau-Gelb 4:0 (2:0)<\/span><\/strong><\/h6>\n<p><img loading=\"lazy\" decoding=\"async\" class=\"alignnone size-full wp-image-284\" src=\"http:\/\/insideamateurfussball-ffm.de\/wp-content\/uploads\/2022\/05\/Harheim.jpg\" alt=\"\" width=\"78\" height=\"80\" \/><img loading=\"lazy\" decoding=\"async\" class=\"alignnone size-full wp-image-355\" src=\"http:\/\/insideamateurfussball-ffm.de\/wp-content\/uploads\/2022\/05\/Blau-Gelb.jpg\" alt=\"\" width=\"79\" height=\"80\" \/><\/p>\n<p><span style=\"font-family: 'courier new', courier, monospace; font-size: 20px;\">Das Kreisoberliga-Duell ging klar an die Harheimer gegen den personell d\u00fcnn besetzten Aufsteiger. Lukas G\u00e4rtner (36.) und Fabian Urban per Freisto\u00df (45.) trafen vor der Pause f\u00fcr Harheim. Nach dem Seitenwechsel erh\u00f6hten Dario Stange (59.) und erneut G\u00e4rtner (74.). &#8222;Wir waren sehr stark dezimiert durch Verletzungen und Krankheiten und hatten nur zwei Wechselspieler auf der Bank. Harheim hatte acht Ersatzspieler. Am Ende geht das Spiel zwei Tore zu hoch f\u00fcr mich aus&#8220;, fand Blau-Gelb-Trainer Sascha Schwuchow.\u00a0<\/span><\/p>\n<h6><span style=\"font-family: 'courier new', courier, monospace; font-size: 20px;\"><strong><span style=\"font-family: 'courier new', courier, monospace;\">Schiedsrichter: Emrah Ertem (SC Goldstein). Zuschauer: 107. Tore: 1:0 Lukas G\u00e4rtner (36.), 2:0 Fabian Urban (45.), 3:0 Dario Stange (59.), 4:0 Lukas G\u00e4rtner (74.). <\/span>\u00a0<\/strong>\u00a0<\/span><\/h6>\n<p>&nbsp;<\/p>\n<p>&nbsp;<\/p>\n<p>&nbsp;<\/p>\n<p>&nbsp;<\/p>\n<p>&nbsp;<\/p>\n<h6><\/h6>\n<h6><span style=\"font-family: 'courier new', courier, monospace; font-size: 20px;\"><span style=\"font-family: 'courier new', courier, monospace;\"> \u00a0<\/span>\u00a0<\/span><\/h6>\n","protected":false},"excerpt":{"rendered":"<p>Sechs Begegnungen und zwei Spielabsagen verzeichnete die zweite Woche der 1. Runde im Kreispokal. Dabei strichen zwei Kreisoberligisten \u00fcberraschend gegen Gegner aus der Kreisliga A oder B \u00fcberraschend die Segel. In der dritten Woche steigen dann auch die Gruppen- und Verbandsligisten in den Wettbewerb ein. SC Riedberg &#8211; GSU Hellas 7:1 (5:0) Der Tabellenf\u00fchrer der [&hellip;]<\/p>\n","protected":false},"author":1,"featured_media":34501,"comment_status":"closed","ping_status":"closed","sticky":true,"template":"","format":"standard","meta":{"footnotes":""},"categories":[9],"tags":[],"class_list":["post-34500","post","type-post","status-publish","format-standard","has-post-thumbnail","hentry","category-kreispokal"],"_links":{"self":[{"href":"https:\/\/insideamateurfussball-ffm.de\/index.php?rest_route=\/wp\/v2\/posts\/34500","targetHints":{"allow":["GET"]}}],"collection":[{"href":"https:\/\/insideamateurfussball-ffm.de\/index.php?rest_route=\/wp\/v2\/posts"}],"about":[{"href":"https:\/\/insideamateurfussball-ffm.de\/index.php?rest_route=\/wp\/v2\/types\/post"}],"author":[{"embeddable":true,"href":"https:\/\/insideamateurfussball-ffm.de\/index.php?rest_route=\/wp\/v2\/users\/1"}],"replies":[{"embeddable":true,"href":"https:\/\/insideamateurfussball-ffm.de\/index.php?rest_route=%2Fwp%2Fv2%2Fcomments&post=34500"}],"version-history":[{"count":5,"href":"https:\/\/insideamateurfussball-ffm.de\/index.php?rest_route=\/wp\/v2\/posts\/34500\/revisions"}],"predecessor-version":[{"id":34506,"href":"https:\/\/insideamateurfussball-ffm.de\/index.php?rest_route=\/wp\/v2\/posts\/34500\/revisions\/34506"}],"wp:featuredmedia":[{"embeddable":true,"href":"https:\/\/insideamateurfussball-ffm.de\/index.php?rest_route=\/wp\/v2\/media\/34501"}],"wp:attachment":[{"href":"https:\/\/insideamateurfussball-ffm.de\/index.php?rest_route=%2Fwp%2Fv2%2Fmedia&parent=34500"}],"wp:term":[{"taxonomy":"category","embeddable":true,"href":"https:\/\/insideamateurfussball-ffm.de\/index.php?rest_route=%2Fwp%2Fv2%2Fcategories&post=34500"},{"taxonomy":"post_tag","embeddable":true,"href":"https:\/\/insideamateurfussball-ffm.de\/index.php?rest_route=%2Fwp%2Fv2%2Ftags&post=34500"}],"curies":[{"name":"wp","href":"https:\/\/api.w.org\/{rel}","templated":true}]}}