{"id":34496,"date":"2026-08-31T16:54:12","date_gmt":"2026-08-31T15:54:12","guid":{"rendered":"https:\/\/insideamateurfussball-ffm.de\/?p=34496"},"modified":"2026-08-31T16:54:12","modified_gmt":"2026-08-31T15:54:12","slug":"oberrad-nach-spaetem-eigentor-nur-22","status":"publish","type":"post","link":"https:\/\/insideamateurfussball-ffm.de\/?p=34496","title":{"rendered":"Oberrad nach sp\u00e4tem Eigentor nur 2:2"},"content":{"rendered":"<p>Das Unentschieden gegen T\u00fcrk G\u00fcc\u00fc Friedberg II f\u00fchlt sich f\u00fcr die Spvgg. 05 Oberrad wie eine Niederlage an, weil der 2:2-Ausgleichstreffer f\u00fcr die G\u00e4ste durch ein Eigentor von Armin Gama erst in der Nachspielzeit zustande kam.<\/p>\n<figure id=\"attachment_34132\" aria-describedby=\"caption-attachment-34132\" style=\"width: 1772px\" class=\"wp-caption alignnone\"><img loading=\"lazy\" decoding=\"async\" class=\"wp-image-34132 size-full\" src=\"http:\/\/insideamateurfussball-ffm.de\/wp-content\/uploads\/2026\/08\/griesh-friedb11.jpg\" alt=\"\" width=\"1772\" height=\"1209\" srcset=\"https:\/\/insideamateurfussball-ffm.de\/wp-content\/uploads\/2026\/08\/griesh-friedb11.jpg 1772w, https:\/\/insideamateurfussball-ffm.de\/wp-content\/uploads\/2026\/08\/griesh-friedb11-300x205.jpg 300w, https:\/\/insideamateurfussball-ffm.de\/wp-content\/uploads\/2026\/08\/griesh-friedb11-1024x699.jpg 1024w, https:\/\/insideamateurfussball-ffm.de\/wp-content\/uploads\/2026\/08\/griesh-friedb11-768x524.jpg 768w, https:\/\/insideamateurfussball-ffm.de\/wp-content\/uploads\/2026\/08\/griesh-friedb11-1536x1048.jpg 1536w\" sizes=\"auto, (max-width: 1772px) 100vw, 1772px\" \/><figcaption id=\"caption-attachment-34132\" class=\"wp-caption-text\">Die Mannschaft von T\u00fcrk G\u00fcc\u00fc Friedberg durfte in Oberrad \u00fcber einen sp\u00e4ten Ausgleich jubeln. Foto: Archiv Mithat G\u00fcrser<\/figcaption><\/figure>\n<h4>Spvgg. 05 Oberrad &#8211; T\u00fcrk G\u00fcc\u00fc Friedberg II 2:2 (1:1)<\/h4>\n<p><img loading=\"lazy\" decoding=\"async\" class=\"alignnone size-full wp-image-137\" src=\"http:\/\/insideamateurfussball-ffm.de\/wp-content\/uploads\/2022\/05\/Oberrad05.jpg\" alt=\"\" width=\"79\" height=\"80\" \/><img loading=\"lazy\" decoding=\"async\" class=\"alignnone size-full wp-image-27272\" src=\"http:\/\/insideamateurfussball-ffm.de\/wp-content\/uploads\/2025\/08\/TGF-2.jpg\" alt=\"\" width=\"76\" height=\"80\" \/><\/p>\n<p>Die G\u00e4ste von T\u00fcrk G\u00fcc\u00fc Friedberg II erfreuten sich dieses Mal \u00fcber tatkr\u00e4ftige aus der Hessenliga-Mannschaft, insgesamt 5 Spieler aus dem Kader der ersten Mannschaft tauchten in der Startelf der G\u00e4ste auf. Oberrad wollte nach dem Sieg in der vergangenen Woche nachlegen und sich weiter in der Tabelle verbessern, in der 19.Minute brachte Neuzugang Tim Grabow die Gastgeber mit einem Schuss aus spitzem Winkel mit 1:0 in F\u00fchrung. 05-Trainer Maximilian Schmidt: \u201ein der ersten Halbzeit haben wir so gut wie nichts zugelassen, einmal musste unser Torwart Jannis eingreifen.\u201c Doch in der Nachspielzeit der ersten H\u00e4lfte kamen die G\u00e4ste doch noch zum Ausgleich, Lucas Bauer war nach einem Eckball der Torsch\u00fctze (45.+1).<\/p>\n<p>In der zweiten halbzeit war Oberrad nach den Worten ihres Trainers \u201e\u00fcberlegen\u201c und kam erst \u201erelativ sp\u00e4t\u201c zur erneuten F\u00fchrung, nach einer Vorbereitung von Mohamedelamin Camara traf Abdou Sarr in der 75.Minute ins eigene Tor. Doch wieder in der Nachspielzeit fiel der erneute Ausgleich f\u00fcr die G\u00e4ste, nach einem langen Einwurf ging der Ball von Oberrads Armin Gama ins eigene Tor (90.+2). Trainer Schmidt: \u201eschade, dass am Ende nur ein Punkt bleibt, aber der Gegner hat ein ordentliches Spiel gemacht.\u201c Und auch f\u00fcr Oberrad hei\u00dft es diese Woche: Pokal. Am Mittwoch muss man zum letztj\u00e4hrigen Gruppenliga-Absteiger VfL Germania 94 reisen, der in der Kreisoberliga nach f\u00fcnf Spielen noch auf den ersten Sieg wartet. Auch in der Gruppenliga geht es am Sonntag mit einem Ausw\u00e4rtsspiel weiter, man muss zum FC Olympia Fauerbach.<\/p>\n<h4>Schiedsrichter: Fynn-Felix Walter (SV Wiesbaden). Zuschauer: 100.<\/h4>\n<h4>Tore: 1:0 Tim Grabow (19.), 1:1 Luca Bauer (45.+1), 2:1 Abdou Sarr (75., Eigentor), 2:2 Armin Gama (90.+2, Eigentor)<\/h4>\n","protected":false},"excerpt":{"rendered":"<p>Das Unentschieden gegen T\u00fcrk G\u00fcc\u00fc Friedberg II f\u00fchlt sich f\u00fcr die Spvgg. 05 Oberrad wie eine Niederlage an, weil der 2:2-Ausgleichstreffer f\u00fcr die G\u00e4ste durch ein Eigentor von Armin Gama erst in der Nachspielzeit zustande kam. Spvgg. 05 Oberrad &#8211; T\u00fcrk G\u00fcc\u00fc Friedberg II 2:2 (1:1) Die G\u00e4ste von T\u00fcrk G\u00fcc\u00fc Friedberg II erfreuten sich [&hellip;]<\/p>\n","protected":false},"author":3,"featured_media":34132,"comment_status":"closed","ping_status":"open","sticky":true,"template":"","format":"standard","meta":{"footnotes":""},"categories":[13],"tags":[],"class_list":["post-34496","post","type-post","status-publish","format-standard","has-post-thumbnail","hentry","category-gruppenliga-frankfurt-west"],"_links":{"self":[{"href":"https:\/\/insideamateurfussball-ffm.de\/index.php?rest_route=\/wp\/v2\/posts\/34496","targetHints":{"allow":["GET"]}}],"collection":[{"href":"https:\/\/insideamateurfussball-ffm.de\/index.php?rest_route=\/wp\/v2\/posts"}],"about":[{"href":"https:\/\/insideamateurfussball-ffm.de\/index.php?rest_route=\/wp\/v2\/types\/post"}],"author":[{"embeddable":true,"href":"https:\/\/insideamateurfussball-ffm.de\/index.php?rest_route=\/wp\/v2\/users\/3"}],"replies":[{"embeddable":true,"href":"https:\/\/insideamateurfussball-ffm.de\/index.php?rest_route=%2Fwp%2Fv2%2Fcomments&post=34496"}],"version-history":[{"count":3,"href":"https:\/\/insideamateurfussball-ffm.de\/index.php?rest_route=\/wp\/v2\/posts\/34496\/revisions"}],"predecessor-version":[{"id":34499,"href":"https:\/\/insideamateurfussball-ffm.de\/index.php?rest_route=\/wp\/v2\/posts\/34496\/revisions\/34499"}],"wp:featuredmedia":[{"embeddable":true,"href":"https:\/\/insideamateurfussball-ffm.de\/index.php?rest_route=\/wp\/v2\/media\/34132"}],"wp:attachment":[{"href":"https:\/\/insideamateurfussball-ffm.de\/index.php?rest_route=%2Fwp%2Fv2%2Fmedia&parent=34496"}],"wp:term":[{"taxonomy":"category","embeddable":true,"href":"https:\/\/insideamateurfussball-ffm.de\/index.php?rest_route=%2Fwp%2Fv2%2Fcategories&post=34496"},{"taxonomy":"post_tag","embeddable":true,"href":"https:\/\/insideamateurfussball-ffm.de\/index.php?rest_route=%2Fwp%2Fv2%2Ftags&post=34496"}],"curies":[{"name":"wp","href":"https:\/\/api.w.org\/{rel}","templated":true}]}}