{"id":34488,"date":"2026-08-31T15:48:20","date_gmt":"2026-08-31T14:48:20","guid":{"rendered":"https:\/\/insideamateurfussball-ffm.de\/?p=34488"},"modified":"2026-08-31T15:48:20","modified_gmt":"2026-08-31T14:48:20","slug":"fechenheim-mit-zwei-verletzten-torhuetern-und-zwei-roten-karten","status":"publish","type":"post","link":"https:\/\/insideamateurfussball-ffm.de\/?p=34488","title":{"rendered":"Fechenheim mit zwei verletzten Torh\u00fctern und zwei roten Karten"},"content":{"rendered":"<p>Die Spvgg. 03 Fechenheim unterlag nach 1:0-F\u00fchrung zur Pause beim T\u00fcrkischen SV Bad Nauheim noch mit 1:4, neben zwei verletzten Torh\u00fctern gab es im Spiel auch zwei gelb-rote Karten, die das Personal weiter reduzieren.<\/p>\n<figure id=\"attachment_32208\" aria-describedby=\"caption-attachment-32208\" style=\"width: 2016px\" class=\"wp-caption alignnone\"><img loading=\"lazy\" decoding=\"async\" class=\"wp-image-32208 size-full\" src=\"http:\/\/insideamateurfussball-ffm.de\/wp-content\/uploads\/2026\/05\/seckbachnauheim04.jpg\" alt=\"\" width=\"2016\" height=\"1512\" srcset=\"https:\/\/insideamateurfussball-ffm.de\/wp-content\/uploads\/2026\/05\/seckbachnauheim04.jpg 2016w, https:\/\/insideamateurfussball-ffm.de\/wp-content\/uploads\/2026\/05\/seckbachnauheim04-300x225.jpg 300w, https:\/\/insideamateurfussball-ffm.de\/wp-content\/uploads\/2026\/05\/seckbachnauheim04-1024x768.jpg 1024w, https:\/\/insideamateurfussball-ffm.de\/wp-content\/uploads\/2026\/05\/seckbachnauheim04-768x576.jpg 768w, https:\/\/insideamateurfussball-ffm.de\/wp-content\/uploads\/2026\/05\/seckbachnauheim04-1536x1152.jpg 1536w\" sizes=\"auto, (max-width: 2016px) 100vw, 2016px\" \/><figcaption id=\"caption-attachment-32208\" class=\"wp-caption-text\">Die Mannschaft von Bad Nauheim setzte sich am Ende gegen Fechenheim durch. Foto Archiv MZ<\/figcaption><\/figure>\n<h4>T\u00fcrkischer SV Bad Nauheim &#8211; Spvgg. 03 Fechenheim 4:1 (0:1)<\/h4>\n<p><img loading=\"lazy\" decoding=\"async\" class=\"alignnone size-full wp-image-25899\" src=\"http:\/\/insideamateurfussball-ffm.de\/wp-content\/uploads\/2025\/05\/Tuerkischer-SV.jpg\" alt=\"\" width=\"99\" height=\"99\" \/><img loading=\"lazy\" decoding=\"async\" class=\"alignnone size-full wp-image-603\" src=\"http:\/\/insideamateurfussball-ffm.de\/wp-content\/uploads\/2022\/06\/Fech03.jpg\" alt=\"\" width=\"52\" height=\"80\" \/><\/p>\n<p>Ohne den gesperrten Yassin Chaouki standen Fechenheims Trainer Necip Incesu nur 13 Feldspieler und zwei Torh\u00fcter zur Verf\u00fcgung, bereits vor dem Spiel musste Torwart Fabian Mais passen, sodass der Neuzugang Hidayet Yapici zu seinem ersten Einsatz kam. Doch die Fechenheimer wollten das 0:7 gegen Karben vergessen machen, und es lief gut in der ersten Halbzeit, nach einer vergebenen gro\u00dfen Chance war es Roberto Martins Pereira in der 41.Minute, der die Bad Nauheimer schockte und die G\u00e4ste mit 1:0 in die Pause brachte. Doch mit der ersten Aktion in der zweiten Halbzeit glichen die Gastgeber aus, Samet \u00d6zisli erzielte in der 46.Minute das 1:1.<\/p>\n<p>Und die Bad Nauheimer legten in der 56.Minute durch ein Tor von Okan Savas zum 2:1 nach, beide Tore wurden \u00fcber die rechte Seite eingeleitet. In der 63.Minute dann die wohl vorentscheidende Szene, der Fechenheimer Amir Baja, bereits mit gelb vorbelastet, lie\u00df sich abseits des Geschehens zu einem Foul hinrei\u00dfen, was vom Linienrichter gesehen und vom Schiedsrichter mit gelb-rot geahndet wurde. Trainer Incesu: \u201ediese Disziplinlosigkeiten werden Folgen haben, das lasse ich mir nicht bieten.\u201c In der 85.Minute verletzte sich dann 03-Torwart Yapici und musste durch den angeschlagenen Mais, der auf der Bank Platz genommen hatte, ersetzt werden. In \u00dcberzahl erh\u00f6hte Bad Nauheim den Druck und kam sp\u00e4t noch zu zwei weiteren Toren, Abdul Baki \u00d6zisli in der 88.Minute und Bedirhan K\u00fct\u00fck (90.+1) erh\u00f6hten auf 4:1, doch f\u00fcr Fechenheim gab es noch einen weiteren Nackenschlag in der 3.Minute der Nachspielzeit, auch Enes Tuncay musste mit gelb-rot den Platz verlassen, was die Personalprobleme f\u00fcr das n\u00e4chste Spiel noch weiter versch\u00e4rft.<\/p>\n<p>Trainer Incesu nach dem Spiel: \u201eheute haben 9 Leute gefehlt, nur drei sa\u00dfen auf der Bank, nach der ersten roten Karte hat Bad Nauheim seine Qualit\u00e4ten ausgespielt und verdient gewonnen.\u201c Am Donnerstag empf\u00e4ngt die Spvgg. 03 Fechenheim im Kreispokal den Verbandsligisten FC Kalbach, am Wochenende kommt dann der Aufsteiger Spvgg. 02 Griesheim an die Birsteiner Stra\u00dfe.<\/p>\n<h4>Schiedsrichter: Henrik Schwarzer (SV Wehen-Wiesbaden). Zuschauer: 150.<\/h4>\n<h4>Tore: 0:1 Roberto Martins Pereira (41.), 1:1 Samet \u00d6zisli (46.), 2:1 Okan Savas (56.), 3:1 Abdul Baki \u00d6zisli (88.), 4:1 Bedirhan K\u00fct\u00fck (90.+1)<\/h4>\n<p>&nbsp;<\/p>\n","protected":false},"excerpt":{"rendered":"<p>Die Spvgg. 03 Fechenheim unterlag nach 1:0-F\u00fchrung zur Pause beim T\u00fcrkischen SV Bad Nauheim noch mit 1:4, neben zwei verletzten Torh\u00fctern gab es im Spiel auch zwei gelb-rote Karten, die das Personal weiter reduzieren. T\u00fcrkischer SV Bad Nauheim &#8211; Spvgg. 03 Fechenheim 4:1 (0:1) Ohne den gesperrten Yassin Chaouki standen Fechenheims Trainer Necip Incesu nur [&hellip;]<\/p>\n","protected":false},"author":3,"featured_media":32208,"comment_status":"closed","ping_status":"open","sticky":true,"template":"","format":"standard","meta":{"footnotes":""},"categories":[13],"tags":[],"class_list":["post-34488","post","type-post","status-publish","format-standard","has-post-thumbnail","hentry","category-gruppenliga-frankfurt-west"],"_links":{"self":[{"href":"https:\/\/insideamateurfussball-ffm.de\/index.php?rest_route=\/wp\/v2\/posts\/34488","targetHints":{"allow":["GET"]}}],"collection":[{"href":"https:\/\/insideamateurfussball-ffm.de\/index.php?rest_route=\/wp\/v2\/posts"}],"about":[{"href":"https:\/\/insideamateurfussball-ffm.de\/index.php?rest_route=\/wp\/v2\/types\/post"}],"author":[{"embeddable":true,"href":"https:\/\/insideamateurfussball-ffm.de\/index.php?rest_route=\/wp\/v2\/users\/3"}],"replies":[{"embeddable":true,"href":"https:\/\/insideamateurfussball-ffm.de\/index.php?rest_route=%2Fwp%2Fv2%2Fcomments&post=34488"}],"version-history":[{"count":3,"href":"https:\/\/insideamateurfussball-ffm.de\/index.php?rest_route=\/wp\/v2\/posts\/34488\/revisions"}],"predecessor-version":[{"id":34491,"href":"https:\/\/insideamateurfussball-ffm.de\/index.php?rest_route=\/wp\/v2\/posts\/34488\/revisions\/34491"}],"wp:featuredmedia":[{"embeddable":true,"href":"https:\/\/insideamateurfussball-ffm.de\/index.php?rest_route=\/wp\/v2\/media\/32208"}],"wp:attachment":[{"href":"https:\/\/insideamateurfussball-ffm.de\/index.php?rest_route=%2Fwp%2Fv2%2Fmedia&parent=34488"}],"wp:term":[{"taxonomy":"category","embeddable":true,"href":"https:\/\/insideamateurfussball-ffm.de\/index.php?rest_route=%2Fwp%2Fv2%2Fcategories&post=34488"},{"taxonomy":"post_tag","embeddable":true,"href":"https:\/\/insideamateurfussball-ffm.de\/index.php?rest_route=%2Fwp%2Fv2%2Ftags&post=34488"}],"curies":[{"name":"wp","href":"https:\/\/api.w.org\/{rel}","templated":true}]}}