{"id":34484,"date":"2026-08-31T15:12:51","date_gmt":"2026-08-31T14:12:51","guid":{"rendered":"https:\/\/insideamateurfussball-ffm.de\/?p=34484"},"modified":"2026-08-31T15:12:51","modified_gmt":"2026-08-31T14:12:51","slug":"seckbach-ueberrollt-tuerkguecue-in-den-ersten-25-minuten","status":"publish","type":"post","link":"https:\/\/insideamateurfussball-ffm.de\/?p=34484","title":{"rendered":"Seckbach \u00fcberrollt T\u00fcrkg\u00fcc\u00fc in den ersten 25 Minuten"},"content":{"rendered":"<p>Nach 25 Minuten f\u00fchrte die FG Seckbach gegen T\u00fcrkg\u00fcc\u00fc Frankfurt bereits mit 5:0, auch durch einen Hattrick von Enver Shabani, am Ende schickte man die mit gro\u00dfen Ambitionen in die Saison gestartete Mannschaft von Trainer Siar Daudi mit 7:3 nach Hause.<\/p>\n<figure id=\"attachment_33736\" aria-describedby=\"caption-attachment-33736\" style=\"width: 2016px\" class=\"wp-caption alignnone\"><img loading=\"lazy\" decoding=\"async\" class=\"wp-image-33736 size-full\" src=\"http:\/\/insideamateurfussball-ffm.de\/wp-content\/uploads\/2026\/08\/seckbachneuanspach12.jpg\" alt=\"\" width=\"2016\" height=\"1512\" srcset=\"https:\/\/insideamateurfussball-ffm.de\/wp-content\/uploads\/2026\/08\/seckbachneuanspach12.jpg 2016w, https:\/\/insideamateurfussball-ffm.de\/wp-content\/uploads\/2026\/08\/seckbachneuanspach12-300x225.jpg 300w, https:\/\/insideamateurfussball-ffm.de\/wp-content\/uploads\/2026\/08\/seckbachneuanspach12-1024x768.jpg 1024w, https:\/\/insideamateurfussball-ffm.de\/wp-content\/uploads\/2026\/08\/seckbachneuanspach12-768x576.jpg 768w, https:\/\/insideamateurfussball-ffm.de\/wp-content\/uploads\/2026\/08\/seckbachneuanspach12-1536x1152.jpg 1536w\" sizes=\"auto, (max-width: 2016px) 100vw, 2016px\" \/><figcaption id=\"caption-attachment-33736\" class=\"wp-caption-text\">Nach dem Startsieg gegen Neu-Anspach konnte die FG Seckbach im f\u00fcnften Spiel den zweiten Sieg feiern. Foto: Archiv MZ<\/figcaption><\/figure>\n<h4>FG Seckbach &#8211; T\u00fcrkg\u00fcc\u00fc Frankfurt 7:3 (5:1)<\/h4>\n<p><img loading=\"lazy\" decoding=\"async\" class=\"alignnone size-full wp-image-544\" src=\"http:\/\/insideamateurfussball-ffm.de\/wp-content\/uploads\/2022\/06\/Seckbach.jpg\" alt=\"\" width=\"80\" height=\"80\" \/><img loading=\"lazy\" decoding=\"async\" class=\"alignnone size-full wp-image-17\" src=\"http:\/\/insideamateurfussball-ffm.de\/wp-content\/uploads\/2021\/11\/Tuerkguecue.jpg\" alt=\"\" width=\"72\" height=\"80\" \/><\/p>\n<p>Aufgrund der anhaltenden Personalprobleme bei der FG Seckbach holte der derzeit verletzte Trainer Manuel May Enver Shabani aus der zweiten Mannschaft in seinen Kader, sein erster Startelfeinsatz gegen T\u00fcrkg\u00fcc\u00fc Frankfurt stellte sich als Gl\u00fccksgriff f\u00fcr den Trainer dar. Bei T\u00fcrkg\u00fcc\u00fc Frankfurt kam der kurzfristig verpflichtete Ozan Keskin, der in der Verbandsliga S\u00fcd bereits 6 Tore f\u00fcr seinen alten Verein DJK Spfr. Bad Homburg geschossen hatte, zum Einsatz. Aber das Spiel schrieb seine Geschichten \u00fcber die Torsch\u00fctzen, Florian Schuberth brachte die FG bereits in der 5.Minute mit 1:0 in F\u00fchrung. Dann folgte der Auftritt von Enver Shabani, der sein Team mit einem lupenreinen Hattrick (7., 16., 22.) innerhalb von 15 Minuten auf 4:0 nach vorn brachte, ehe erneut Schuberth mit dem 5:0 in der 25.Minute den Super-Start perfekt machte. FG-Trainer Manuel May: \u201edas war zu Anfang schon ein kurioses Spiel, wir sind hinten gut gestanden und vorne war jeder Schuss ein Treffer.\u201c T\u00fcrkg\u00fcc\u00fcs Trainer Siar Daudi war \u00fcber die erst halbe Stunde entsetzt:\u201c das grenzte schon fast an Arbeitsverweigerung, bei drei der ersten vier Tore haben wir durch schwere individuelle Fehler nachgeholfen.\u201c<\/p>\n<p>Dann brachte sich T\u00fcrkg\u00fcc\u00fcs Neuzugang Ozan Keskin auf die \u201eAnzeigetafel&#8220;, erst verk\u00fcrzte er in der 28.Minute zum 5:1-Pausenstand, in der zweiten Halbzeit erzielte er dann auch das 5:2 in der 64.Minute. Manuel May: \u201ein der zweiten Halbzeit haben wir einiges zugelassen und T\u00fcrkg\u00fcc\u00fc h\u00e4tte auch auf 5:3 herankommen k\u00f6nnen, zum Gl\u00fcck haben wir dann den n\u00e4chsten Treffer erzielt.\u201c Jakob Will d\u00e4mpfte die Hoffnungen von T\u00fcrkg\u00fcc\u00fc und erzielte in der 72.Minute das 6:2 f\u00fcr die Seckbacher, dem Schuberth mit seinem dritten Tor in der 80.Minute noch das 7:2 folgen lie\u00df. Das 7:3 durch einen von Noyan \u00d6z verwandelten Elfmeter in der 88.Minute war dann nur noch Ergebniskosmetik.<\/p>\n<p>Trainer May sprach von einem \u201everdienten Sieg\u201c: \u201edas war eine starke erste H\u00e4lfte und eine ordentliche zweite, das war wichtig, um nicht in einen Negativstrudel zu geraten.\u201c Mit ihrem zweiten Sieg im f\u00fcnften Spiel kletterten die Seckbacher damit auf Platz 10, w\u00e4hrend T\u00fcrkg\u00fcc\u00fc mit der zweiten Niederlage in Folge auf Platz 7 abrutschte, Trainer Daudi: \u201enach dem 0:5 haben wir zumindest ein bisschen Charakter bewiesen, nach den Ausf\u00e4llen in der Abwehr hatten wir eine bunt gemischte Viererkette auf dem Platz, das soll allerdings keine Ausrede f\u00fcr die erste halbe Stunde sein, in der wir krasse Fehler gemacht haben.\u201c<\/p>\n<p>Da T\u00fcrkg\u00fcc\u00fc Frankfurt in der ersten Runde des Kreispokals ein Freilos gezogen hatte, muss nur Seckbach in dieser Woche im Pokal ran, am Donnerstag geht es zum A-Ligisten TSG 51 Frankfurt. Am Wochenende m\u00fcssen beide wieder in der Liga ran: f\u00fcr die FG Seckbach geht es nach Ginnheim zum FC Tempo, der bisher in den Startl\u00f6chern h\u00e4ngengeblieben ist, f\u00fcr T\u00fcrkg\u00fcc\u00fc Frankfurt geht es um Wiedergutmachung gegen den Aufsteiger FC Germania 08 Ginnheim.<\/p>\n<h4>Schiedsrichter: Emre Can (FSV 1911 Sprachbr\u00fccken). Zuschauer: 130.<\/h4>\n<h4>Tore: 1:0 Florian Schuberth (5.), 2:0 Enver Shabani (7.), 3:0 Enver Shabani (16.), 4:0 Enver Shabani (22.), 5:0 Florian Schuberth (25.), 5:1 Ozan Keskin (28.), 5:2 Ozan Keskin (64.), 6:2 Jakob Will (72.), 7:2 Florian Schuberth (80.), 7:3 Noyan \u00d6z (88.)<\/h4>\n","protected":false},"excerpt":{"rendered":"<p>Nach 25 Minuten f\u00fchrte die FG Seckbach gegen T\u00fcrkg\u00fcc\u00fc Frankfurt bereits mit 5:0, auch durch einen Hattrick von Enver Shabani, am Ende schickte man die mit gro\u00dfen Ambitionen in die Saison gestartete Mannschaft von Trainer Siar Daudi mit 7:3 nach Hause. FG Seckbach &#8211; T\u00fcrkg\u00fcc\u00fc Frankfurt 7:3 (5:1) Aufgrund der anhaltenden Personalprobleme bei der FG [&hellip;]<\/p>\n","protected":false},"author":3,"featured_media":33736,"comment_status":"closed","ping_status":"open","sticky":true,"template":"","format":"standard","meta":{"footnotes":""},"categories":[13],"tags":[],"class_list":["post-34484","post","type-post","status-publish","format-standard","has-post-thumbnail","hentry","category-gruppenliga-frankfurt-west"],"_links":{"self":[{"href":"https:\/\/insideamateurfussball-ffm.de\/index.php?rest_route=\/wp\/v2\/posts\/34484","targetHints":{"allow":["GET"]}}],"collection":[{"href":"https:\/\/insideamateurfussball-ffm.de\/index.php?rest_route=\/wp\/v2\/posts"}],"about":[{"href":"https:\/\/insideamateurfussball-ffm.de\/index.php?rest_route=\/wp\/v2\/types\/post"}],"author":[{"embeddable":true,"href":"https:\/\/insideamateurfussball-ffm.de\/index.php?rest_route=\/wp\/v2\/users\/3"}],"replies":[{"embeddable":true,"href":"https:\/\/insideamateurfussball-ffm.de\/index.php?rest_route=%2Fwp%2Fv2%2Fcomments&post=34484"}],"version-history":[{"count":3,"href":"https:\/\/insideamateurfussball-ffm.de\/index.php?rest_route=\/wp\/v2\/posts\/34484\/revisions"}],"predecessor-version":[{"id":34487,"href":"https:\/\/insideamateurfussball-ffm.de\/index.php?rest_route=\/wp\/v2\/posts\/34484\/revisions\/34487"}],"wp:featuredmedia":[{"embeddable":true,"href":"https:\/\/insideamateurfussball-ffm.de\/index.php?rest_route=\/wp\/v2\/media\/33736"}],"wp:attachment":[{"href":"https:\/\/insideamateurfussball-ffm.de\/index.php?rest_route=%2Fwp%2Fv2%2Fmedia&parent=34484"}],"wp:term":[{"taxonomy":"category","embeddable":true,"href":"https:\/\/insideamateurfussball-ffm.de\/index.php?rest_route=%2Fwp%2Fv2%2Fcategories&post=34484"},{"taxonomy":"post_tag","embeddable":true,"href":"https:\/\/insideamateurfussball-ffm.de\/index.php?rest_route=%2Fwp%2Fv2%2Ftags&post=34484"}],"curies":[{"name":"wp","href":"https:\/\/api.w.org\/{rel}","templated":true}]}}