{"id":3448,"date":"2022-10-24T21:44:44","date_gmt":"2022-10-24T19:44:44","guid":{"rendered":"http:\/\/insideamateurfussball-ffm.de\/?p=3448"},"modified":"2025-01-10T14:24:41","modified_gmt":"2025-01-10T13:24:41","slug":"bosnien-trumpft-in-koenigstein-auf","status":"publish","type":"post","link":"https:\/\/insideamateurfussball-ffm.de\/?p=3448","title":{"rendered":"Bosnien trumpft in K\u00f6nigstein auf"},"content":{"rendered":"<h4>Zweiter 5:1-Sieg in Folge f\u00fcr den SV BKC Bosnien in der Gruppenliga Frankfurt West. Der Verbandsliga-Absteiger kommt jetzt ins Rollen und fegte nach der Usinger TSG mit dem 1. FC-TSG K\u00f6nigstein den zweiten Hochtaunus-Club vom Platz. In der Tabelle steht f\u00fcr den Ackermannwiesen-Club mit einer positiven Tordifferenz nun Rang zehn zu Buche.<\/h4>\n<figure id=\"attachment_3449\" aria-describedby=\"caption-attachment-3449\" style=\"width: 309px\" class=\"wp-caption alignnone\"><img loading=\"lazy\" decoding=\"async\" class=\"wp-image-3449\" src=\"http:\/\/insideamateurfussball-ffm.de\/wp-content\/uploads\/2022\/10\/tr28-300x212.jpg\" alt=\"\" width=\"309\" height=\"218\" \/><figcaption id=\"caption-attachment-3449\" class=\"wp-caption-text\"><strong>Hamza Reko (links) traf f\u00fcr die Bosnier in K\u00f6nigstein. Archivfoto: Mithat G\u00fcrser. <\/strong><\/figcaption><\/figure>\n<h4>1. FC-TSG K\u00f6nigstein &#8211; SV BKC Bosnien 1:5 (0:2)<\/h4>\n<p><img loading=\"lazy\" decoding=\"async\" class=\"alignnone size-full wp-image-1396\" src=\"http:\/\/insideamateurfussball-ffm.de\/wp-content\/uploads\/2022\/07\/koenigstein.png\" alt=\"\" width=\"80\" height=\"72\" \/><img loading=\"lazy\" decoding=\"async\" class=\"alignnone size-full wp-image-139\" src=\"http:\/\/insideamateurfussball-ffm.de\/wp-content\/uploads\/2022\/05\/Bosnien.jpg\" alt=\"\" width=\"79\" height=\"80\" \/><\/p>\n<p><span style=\"color: #333333;\">&#8222;Trotz vier \u00c4nderungen in der Startformation waren wir sogar noch einen Tick besser als beim 5:1 in der Vorwoche gegen Usingen. Es gibt solche Phasen, da triffst Du alles. Wir waren einfach vorne gnadenlos&#8220;, sagte Asmir Husanovic, der Sportliche Leiter der Bosnier, nach der Galavorstellung auf dem Kunstrasenplatz am K\u00f6nigsteiner Kreisel. Adis Hasecic hatte die G\u00e4ste mit zwei Toren auf die Siegerstra\u00dfe gebracht (14.\/22.).<\/span><\/p>\n<blockquote>\n<h4>&#8222;Wir m\u00fcssen nun weitermachen und weitere Siege nachlegen&#8220; (Bosniens Sportlicher Leiter Asmir Husanovic)<\/h4>\n<\/blockquote>\n<p><span style=\"color: #333333;\">Nach Wiederbeginn erh\u00f6hte Sturmkollege Hamza Reko (48.), bis den Gastgebern durch Krish Raweri der Anschluss gelang (62.). Ersan Rovcanin (68.) und Eldin Kurtanovic (87.) schossen den Ausw\u00e4rtssieg der G\u00e4ste noch in die H\u00f6he. Bei K\u00f6nigstein erhielt Torsch\u00fctze Raweri wegen r\u00fcden Foulspiels die Rote Karte (75.). &#8222;Wir m\u00fcssen nun weitermachen und weitere Siege nachlegen&#8220;, ist Husanovic f\u00fcr die kommenden Partien optimistisch.&#8220;<\/span><\/p>\n<h4>Schiedsrichter: Dennis Becher (Burg-Gr\u00e4fenrode). Zuschauer: 90.<\/h4>\n<h4>Tore: 0:1, 0:2 Adis Hasecic (14.\/22.), 0:3 Hamza Reko (48.), 1:3 Krish Raweri (62.), 1:4 Ersan Rovcanin (68.), 1:5 Eldin Kurtanovic (87.).<\/h4>\n","protected":false},"excerpt":{"rendered":"<p>Zweiter 5:1-Sieg in Folge f\u00fcr den SV BKC Bosnien in der Gruppenliga Frankfurt West. Der Verbandsliga-Absteiger kommt jetzt ins Rollen und fegte nach der Usinger TSG mit dem 1. FC-TSG K\u00f6nigstein den zweiten Hochtaunus-Club vom Platz. In der Tabelle steht f\u00fcr den Ackermannwiesen-Club mit einer positiven Tordifferenz nun Rang zehn zu Buche. 1. FC-TSG K\u00f6nigstein [&hellip;]<\/p>\n","protected":false},"author":1,"featured_media":0,"comment_status":"open","ping_status":"open","sticky":false,"template":"","format":"standard","meta":{"footnotes":""},"categories":[13],"tags":[],"class_list":["post-3448","post","type-post","status-publish","format-standard","hentry","category-gruppenliga-frankfurt-west"],"_links":{"self":[{"href":"https:\/\/insideamateurfussball-ffm.de\/index.php?rest_route=\/wp\/v2\/posts\/3448","targetHints":{"allow":["GET"]}}],"collection":[{"href":"https:\/\/insideamateurfussball-ffm.de\/index.php?rest_route=\/wp\/v2\/posts"}],"about":[{"href":"https:\/\/insideamateurfussball-ffm.de\/index.php?rest_route=\/wp\/v2\/types\/post"}],"author":[{"embeddable":true,"href":"https:\/\/insideamateurfussball-ffm.de\/index.php?rest_route=\/wp\/v2\/users\/1"}],"replies":[{"embeddable":true,"href":"https:\/\/insideamateurfussball-ffm.de\/index.php?rest_route=%2Fwp%2Fv2%2Fcomments&post=3448"}],"version-history":[{"count":1,"href":"https:\/\/insideamateurfussball-ffm.de\/index.php?rest_route=\/wp\/v2\/posts\/3448\/revisions"}],"predecessor-version":[{"id":3450,"href":"https:\/\/insideamateurfussball-ffm.de\/index.php?rest_route=\/wp\/v2\/posts\/3448\/revisions\/3450"}],"wp:attachment":[{"href":"https:\/\/insideamateurfussball-ffm.de\/index.php?rest_route=%2Fwp%2Fv2%2Fmedia&parent=3448"}],"wp:term":[{"taxonomy":"category","embeddable":true,"href":"https:\/\/insideamateurfussball-ffm.de\/index.php?rest_route=%2Fwp%2Fv2%2Fcategories&post=3448"},{"taxonomy":"post_tag","embeddable":true,"href":"https:\/\/insideamateurfussball-ffm.de\/index.php?rest_route=%2Fwp%2Fv2%2Ftags&post=3448"}],"curies":[{"name":"wp","href":"https:\/\/api.w.org\/{rel}","templated":true}]}}