{"id":34479,"date":"2026-08-31T03:29:15","date_gmt":"2026-08-31T02:29:15","guid":{"rendered":"https:\/\/insideamateurfussball-ffm.de\/?p=34479"},"modified":"2026-08-31T14:36:04","modified_gmt":"2026-08-31T13:36:04","slug":"kein-guter-tag-fuer-zeilsheim","status":"publish","type":"post","link":"https:\/\/insideamateurfussball-ffm.de\/?p=34479","title":{"rendered":"Kein guter Tag f\u00fcr Zeilsheim"},"content":{"rendered":"<p>Nach ihrer ersten Niederlage mit 1:4 gegen den neuen Tabellenf\u00fchrer FC Ederbergland rutschte der SV Zeilsheim punktgleich auf den dritten Platz ab. Der Bericht kommt vom ersten Vorsitzenden Peter Strauch.<\/p>\n<figure id=\"attachment_34480\" aria-describedby=\"caption-attachment-34480\" style=\"width: 927px\" class=\"wp-caption alignnone\"><img loading=\"lazy\" decoding=\"async\" class=\"wp-image-34480 size-full\" src=\"http:\/\/insideamateurfussball-ffm.de\/wp-content\/uploads\/2026\/08\/6-Dusan-Crmomuts-Tor-zum-1-3-weckte-Hoffnung-beim-SV.jpg\" alt=\"\" width=\"927\" height=\"1026\" srcset=\"https:\/\/insideamateurfussball-ffm.de\/wp-content\/uploads\/2026\/08\/6-Dusan-Crmomuts-Tor-zum-1-3-weckte-Hoffnung-beim-SV.jpg 927w, https:\/\/insideamateurfussball-ffm.de\/wp-content\/uploads\/2026\/08\/6-Dusan-Crmomuts-Tor-zum-1-3-weckte-Hoffnung-beim-SV-271x300.jpg 271w, https:\/\/insideamateurfussball-ffm.de\/wp-content\/uploads\/2026\/08\/6-Dusan-Crmomuts-Tor-zum-1-3-weckte-Hoffnung-beim-SV-925x1024.jpg 925w, https:\/\/insideamateurfussball-ffm.de\/wp-content\/uploads\/2026\/08\/6-Dusan-Crmomuts-Tor-zum-1-3-weckte-Hoffnung-beim-SV-768x850.jpg 768w\" sizes=\"auto, (max-width: 927px) 100vw, 927px\" \/><figcaption id=\"caption-attachment-34480\" class=\"wp-caption-text\">Dusan Crmomuts Tor zum 1:3 weckte Hoffnung beim SV. Foto: Verein<\/figcaption><\/figure>\n<h4>FC Ederbergland &#8211; SV Zeilsheim 4:1 (3:1)<\/h4>\n<p><img loading=\"lazy\" decoding=\"async\" class=\"alignnone size-full wp-image-3686\" src=\"http:\/\/insideamateurfussball-ffm.de\/wp-content\/uploads\/2022\/11\/Ederbergland.jpg\" alt=\"\" width=\"80\" height=\"80\" \/><img loading=\"lazy\" decoding=\"async\" class=\"alignnone size-full wp-image-20302\" src=\"http:\/\/insideamateurfussball-ffm.de\/wp-content\/uploads\/2024\/08\/logo-zeilsheim.jpeg\" alt=\"\" width=\"68\" height=\"80\" \/><\/p>\n<p>(Battenberg, 29.08.2026). Gegen\u00fcber der Vorwoche musste Trainer Robert Schick seine Defensive umbauen. Mit Askar Said Saddah, Kamal Farahat und Lee-Jun Kang musste er gleich drei Akteure aus der Viererkette ersetzen. \u201eDas hat sich bemerkbar gemacht\u201c, sagte Zeilsheims Vorsitzender Peter Strauch. \u201eEs habe an Abstimmung gefehlt\u201c.<\/p>\n<p>Die F\u00fchrung des FCE erzielte Luis Muth schon nach drei Minuten, mit einem Freisto\u00df aus 16 Metern. Dabei lie\u00df er SV-Keeper Paul Siegers keine Chance. Und der FCE legte durch Belmin Dizdarevic nach (16.), ehe SV-Linksverteidiger Amer Vrcic seinen Mitspieler Mert Karabacak beim Kl\u00e4rungsversuch anschoss und der Ball aus n\u00e4chster N\u00e4he zum 3:0 (24.) ins Tor drudelte. Nach dem Treffer von Dusan Crnomut (29.) sch\u00f6pfte der SV neuen Mut, doch die \u201eGr\u00fcnen\u201c lie\u00dfen in der Phase vor- und nach dem Seitenwechsel einige Chancen ungenutzt, um dem Spiel nochmal eine Wende geben zu k\u00f6nnen.<\/p>\n<p>Pedro Prestes Quaglio machte dann bei einem Tempogegensto\u00df alles klar (68.). \u201eEderbergland war heute die bessere Mannschaft und der Sieg war verdient\u201c, sagte Strauch zum Spielverlauf. Am Wochenende steht das Derby an, dass es schon lange nicht mehr in dieser Konstellation gegeben hat. Die Zeilsheimer empfangen zuhause um 15:30 Uhr den Nachbarn aus Unterliederbach, der ebenfalls an diesem Wochenende Federn lassen musste. Ein Spiel, in dem es f\u00fcr beide Teams um viel geht.<\/p>\n<p>So spielte der SV: Paul Siegers, Mert Karabacak (46. Dominique Jourdan), Arian Selmani (75. Mikael Neway), Monther Alahmed (75. Zakariya Ziouani), Andre Flie\u00df, Vinicius Miranda de Oliveira, Amer Vrcic, Berkay Altay, Dusan Crnomut (81. Romin Ahmadi), Otman Jaatit (46. Marcus Weinhardt).<\/p>\n<h4>Tore: 1:0 Lius Muth (3.), 2:0 Belmin Dizdarevic (16.), 3:0 Mert Karabacak (ET), 3:1 Dusan Crnomut (81.), 4:1 Pedro Prestes Quaglio (68.).<\/h4>\n<h4>Schiedsrichter: Daniel Losinski<\/h4>\n","protected":false},"excerpt":{"rendered":"<p>Nach ihrer ersten Niederlage mit 1:4 gegen den neuen Tabellenf\u00fchrer FC Ederbergland rutschte der SV Zeilsheim punktgleich auf den dritten Platz ab. Der Bericht kommt vom ersten Vorsitzenden Peter Strauch. FC Ederbergland &#8211; SV Zeilsheim 4:1 (3:1) (Battenberg, 29.08.2026). Gegen\u00fcber der Vorwoche musste Trainer Robert Schick seine Defensive umbauen. Mit Askar Said Saddah, Kamal Farahat [&hellip;]<\/p>\n","protected":false},"author":3,"featured_media":34480,"comment_status":"closed","ping_status":"open","sticky":true,"template":"","format":"standard","meta":{"footnotes":""},"categories":[32],"tags":[],"class_list":["post-34479","post","type-post","status-publish","format-standard","has-post-thumbnail","hentry","category-verbandsliga-mitte"],"_links":{"self":[{"href":"https:\/\/insideamateurfussball-ffm.de\/index.php?rest_route=\/wp\/v2\/posts\/34479","targetHints":{"allow":["GET"]}}],"collection":[{"href":"https:\/\/insideamateurfussball-ffm.de\/index.php?rest_route=\/wp\/v2\/posts"}],"about":[{"href":"https:\/\/insideamateurfussball-ffm.de\/index.php?rest_route=\/wp\/v2\/types\/post"}],"author":[{"embeddable":true,"href":"https:\/\/insideamateurfussball-ffm.de\/index.php?rest_route=\/wp\/v2\/users\/3"}],"replies":[{"embeddable":true,"href":"https:\/\/insideamateurfussball-ffm.de\/index.php?rest_route=%2Fwp%2Fv2%2Fcomments&post=34479"}],"version-history":[{"count":3,"href":"https:\/\/insideamateurfussball-ffm.de\/index.php?rest_route=\/wp\/v2\/posts\/34479\/revisions"}],"predecessor-version":[{"id":34483,"href":"https:\/\/insideamateurfussball-ffm.de\/index.php?rest_route=\/wp\/v2\/posts\/34479\/revisions\/34483"}],"wp:featuredmedia":[{"embeddable":true,"href":"https:\/\/insideamateurfussball-ffm.de\/index.php?rest_route=\/wp\/v2\/media\/34480"}],"wp:attachment":[{"href":"https:\/\/insideamateurfussball-ffm.de\/index.php?rest_route=%2Fwp%2Fv2%2Fmedia&parent=34479"}],"wp:term":[{"taxonomy":"category","embeddable":true,"href":"https:\/\/insideamateurfussball-ffm.de\/index.php?rest_route=%2Fwp%2Fv2%2Fcategories&post=34479"},{"taxonomy":"post_tag","embeddable":true,"href":"https:\/\/insideamateurfussball-ffm.de\/index.php?rest_route=%2Fwp%2Fv2%2Ftags&post=34479"}],"curies":[{"name":"wp","href":"https:\/\/api.w.org\/{rel}","templated":true}]}}