{"id":34459,"date":"2026-08-31T14:23:45","date_gmt":"2026-08-31T13:23:45","guid":{"rendered":"https:\/\/insideamateurfussball-ffm.de\/?p=34459"},"modified":"2026-08-31T14:23:45","modified_gmt":"2026-08-31T13:23:45","slug":"griesheim-holt-gegen-kosova-erste-punkte","status":"publish","type":"post","link":"https:\/\/insideamateurfussball-ffm.de\/?p=34459","title":{"rendered":"Griesheim holt gegen Kosova erste Punkte"},"content":{"rendered":"<p>Aufsteiger Spvgg. 02 Griesheim konnte im sechsten Saisonspiel erstmals punkten, und das gleich dreifach. Gegen den FC Kosova gelang durch zwei Christiansen-Tore ein 2:1-Sieg, mit dem man den Gegner in der Tabelle sogar \u00fcberholen konnte.<\/p>\n<figure id=\"attachment_34464\" aria-describedby=\"caption-attachment-34464\" style=\"width: 886px\" class=\"wp-caption alignnone\"><img loading=\"lazy\" decoding=\"async\" class=\"wp-image-34464 size-full\" src=\"http:\/\/insideamateurfussball-ffm.de\/wp-content\/uploads\/2026\/08\/griesh-kos-5.jpg\" alt=\"\" width=\"886\" height=\"636\" srcset=\"https:\/\/insideamateurfussball-ffm.de\/wp-content\/uploads\/2026\/08\/griesh-kos-5.jpg 886w, https:\/\/insideamateurfussball-ffm.de\/wp-content\/uploads\/2026\/08\/griesh-kos-5-300x215.jpg 300w, https:\/\/insideamateurfussball-ffm.de\/wp-content\/uploads\/2026\/08\/griesh-kos-5-768x551.jpg 768w\" sizes=\"auto, (max-width: 886px) 100vw, 886px\" \/><figcaption id=\"caption-attachment-34464\" class=\"wp-caption-text\">Die Griesheimer Verantwortlichen durften sich \u00fcber den ersten Sieg freuen. Foto: Mithat G\u00fcrser<\/figcaption><\/figure>\n<h4>Spvgg. 02 Griesheim &#8211; FC Kosova 2:1 (1:0)<\/h4>\n<p><img loading=\"lazy\" decoding=\"async\" class=\"alignnone size-full wp-image-287\" src=\"http:\/\/insideamateurfussball-ffm.de\/wp-content\/uploads\/2022\/05\/SpVgg._02_Griesheim_02.jpg\" alt=\"\" width=\"100\" height=\"100\" \/><img loading=\"lazy\" decoding=\"async\" class=\"alignnone size-full wp-image-9\" src=\"http:\/\/insideamateurfussball-ffm.de\/wp-content\/uploads\/2021\/11\/Kosova.jpg\" alt=\"\" width=\"65\" height=\"80\" \/><\/p>\n<p>Es wurde auch Zeit, dass der Aufsteiger aus der Kreisoberliga Frankfurt, die Spvgg. 02 Griesheim, die ersten Punkte in der neuen Saison holt. Nach einigen ungl\u00fccklichen Spielausg\u00e4ngen waren die Griesheimer diesmal am Ende die Gl\u00fccklichen und holten gegen den FC Kosova ihren ersten Sieg. Die Griesheimer kamen gut in die Partie, auch wenn die G\u00e4ste etwas mehr Ballbesitz hatten. Doch mehr und mehr bekamen die Gastgeber die Partie in den Griff und gingen folgerichtig in der 24.Minute mit 1:0 in F\u00fchrung, Lars Christiansen war der Torsch\u00fctze. Danach lie\u00dfen die Griesheimer eine gute Chance liegen, als Mutaz Husain nur Torwart Blend Bajraktari anschoss, mit der knappen F\u00fchrung ging es in die Pause.<\/p>\n<p>In der zweiten H\u00e4lfte stellten die G\u00e4ste personell etwas um und kamen besser ins Spiel, in der durch viele Zweik\u00e4mpfe gepr\u00e4gten Partie gelang Kosova durch einen Treffer von Jeffrey Nimako in der 70.Minute dann der Ausgleich zum 1:1, doch nur 6 Minuten sp\u00e4ter erzielte wieder Christiansen die erneute F\u00fchrung f\u00fcr Griesheim, nach einem langen Ball setzte sich der St\u00fcrmer k\u00f6rperlich gegen seinen Gegenspieler durch und brachte seiner Mannschaft damit den ersten Sieg, da Kosova am Ende nichts mehr dagegenzusetzen hatte.<\/p>\n<p>Griesheims Trainer Dominic Machado: \u201eendlich haben wir uns f\u00fcr unseren Aufwand mal belohnt, nach dem 1:1 kam ein wenig die Unsicherheit nach den Ergebnissen in den Vorwochen, aber die Mannschaft hat das emotional gut in den Griff bekommen. Wir haben es endlich einmal geschafft, zwei gute Halbzeiten zu spielen.\u201c Kosovas Co-Trainer Albion Bitiqi: \u201ees war ein sehr zerfahrenes Spiel, wir haben nicht unser Spiel wie gegen Bad Nauheim und teilweise in Ginnheim gezeigt. Wir haben zu viele Fehler gemacht, waren nach dem 1:1 kurz am Dr\u00fccker, am Ende fehlte uns nach den englischen Wochen die Kraft. Am Ende w\u00e4re ein Unentschieden vielleicht auch m\u00f6glich gewesen, doch der Sieg f\u00fcr Griesheim ist nicht unverdient.\u201c<\/p>\n<p>F\u00fcr beide Mannschaften stand eigentlich in dieser Woche die erste Runde im Kreispokal an, doch w\u00e4hrend der FC Kosova kampflos in die zweite Runde kommt, da der Gegner Fc Dynamo Frankfurt das Spiel abgesagt hat, ist das Spiel der Spvgg. 02 Griesheim beim VfR Bockenheim auf den 15.09. verlegt worden. So geht es f\u00fcr beide Mannschaften erst am Wochenende in der Liga weiter, der FC Kosova empf\u00e4ngt den \u00dcberraschungs-Spitzenreiter FV Stierstadt, w\u00e4hrend die Griesheimer zur Spvgg. 03 Fechenheim m\u00fcssen.<\/p>\n<h4>Schiedsrichter: Christian Vogel (TuS Kernel). Zuschauer: 81.<\/h4>\n<h4>Tore: 1:0 Lars Christiansen (24.), 1:1 Jeffrey Nimako (70.), 2:1 Lars Christiansen (76.)<\/h4>\n<blockquote>\n<h4>Die Fotos entstammen der Kamera des Fotografen Mithat G\u00fcrser.<\/h4>\n<\/blockquote>\n\n\n<figure class=\"wp-block-image size-full\"><img loading=\"lazy\" decoding=\"async\" width=\"886\" height=\"612\" src=\"http:\/\/insideamateurfussball-ffm.de\/wp-content\/uploads\/2026\/08\/griesh-kos-1.jpg\" alt=\"\" class=\"wp-image-34460\" srcset=\"https:\/\/insideamateurfussball-ffm.de\/wp-content\/uploads\/2026\/08\/griesh-kos-1.jpg 886w, https:\/\/insideamateurfussball-ffm.de\/wp-content\/uploads\/2026\/08\/griesh-kos-1-300x207.jpg 300w, https:\/\/insideamateurfussball-ffm.de\/wp-content\/uploads\/2026\/08\/griesh-kos-1-768x530.jpg 768w\" sizes=\"auto, (max-width: 886px) 100vw, 886px\" \/><\/figure>\n\n\n\n<figure class=\"wp-block-image size-full\"><img loading=\"lazy\" decoding=\"async\" width=\"886\" height=\"658\" src=\"http:\/\/insideamateurfussball-ffm.de\/wp-content\/uploads\/2026\/08\/griesh-kos-2.jpg\" alt=\"\" class=\"wp-image-34461\" srcset=\"https:\/\/insideamateurfussball-ffm.de\/wp-content\/uploads\/2026\/08\/griesh-kos-2.jpg 886w, https:\/\/insideamateurfussball-ffm.de\/wp-content\/uploads\/2026\/08\/griesh-kos-2-300x223.jpg 300w, https:\/\/insideamateurfussball-ffm.de\/wp-content\/uploads\/2026\/08\/griesh-kos-2-768x570.jpg 768w\" sizes=\"auto, (max-width: 886px) 100vw, 886px\" \/><\/figure>\n\n\n\n<figure class=\"wp-block-image size-full\"><img loading=\"lazy\" decoding=\"async\" width=\"863\" height=\"576\" src=\"http:\/\/insideamateurfussball-ffm.de\/wp-content\/uploads\/2026\/08\/griesh-kos-4.jpg\" alt=\"\" class=\"wp-image-34463\" srcset=\"https:\/\/insideamateurfussball-ffm.de\/wp-content\/uploads\/2026\/08\/griesh-kos-4.jpg 863w, https:\/\/insideamateurfussball-ffm.de\/wp-content\/uploads\/2026\/08\/griesh-kos-4-300x200.jpg 300w, https:\/\/insideamateurfussball-ffm.de\/wp-content\/uploads\/2026\/08\/griesh-kos-4-768x513.jpg 768w\" sizes=\"auto, (max-width: 863px) 100vw, 863px\" \/><\/figure>\n\n\n\n<figure class=\"wp-block-image size-full\"><img loading=\"lazy\" decoding=\"async\" width=\"859\" height=\"621\" src=\"http:\/\/insideamateurfussball-ffm.de\/wp-content\/uploads\/2026\/08\/griesh-kos-3.jpg\" alt=\"\" class=\"wp-image-34462\" srcset=\"https:\/\/insideamateurfussball-ffm.de\/wp-content\/uploads\/2026\/08\/griesh-kos-3.jpg 859w, https:\/\/insideamateurfussball-ffm.de\/wp-content\/uploads\/2026\/08\/griesh-kos-3-300x217.jpg 300w, https:\/\/insideamateurfussball-ffm.de\/wp-content\/uploads\/2026\/08\/griesh-kos-3-768x555.jpg 768w\" sizes=\"auto, (max-width: 859px) 100vw, 859px\" \/><\/figure>\n\n\n\n<figure class=\"wp-block-image size-full\"><img loading=\"lazy\" decoding=\"async\" width=\"886\" height=\"606\" src=\"http:\/\/insideamateurfussball-ffm.de\/wp-content\/uploads\/2026\/08\/griesh-kos-6.jpg\" alt=\"\" class=\"wp-image-34465\" srcset=\"https:\/\/insideamateurfussball-ffm.de\/wp-content\/uploads\/2026\/08\/griesh-kos-6.jpg 886w, https:\/\/insideamateurfussball-ffm.de\/wp-content\/uploads\/2026\/08\/griesh-kos-6-300x205.jpg 300w, https:\/\/insideamateurfussball-ffm.de\/wp-content\/uploads\/2026\/08\/griesh-kos-6-768x525.jpg 768w\" sizes=\"auto, (max-width: 886px) 100vw, 886px\" \/><\/figure>\n\n\n\n<figure class=\"wp-block-image size-full\"><img loading=\"lazy\" decoding=\"async\" width=\"886\" height=\"616\" src=\"http:\/\/insideamateurfussball-ffm.de\/wp-content\/uploads\/2026\/08\/griesh-kos-7.jpg\" alt=\"\" class=\"wp-image-34466\" srcset=\"https:\/\/insideamateurfussball-ffm.de\/wp-content\/uploads\/2026\/08\/griesh-kos-7.jpg 886w, https:\/\/insideamateurfussball-ffm.de\/wp-content\/uploads\/2026\/08\/griesh-kos-7-300x209.jpg 300w, https:\/\/insideamateurfussball-ffm.de\/wp-content\/uploads\/2026\/08\/griesh-kos-7-768x534.jpg 768w\" sizes=\"auto, (max-width: 886px) 100vw, 886px\" \/><\/figure>\n\n\n\n<figure class=\"wp-block-image size-full\"><img loading=\"lazy\" decoding=\"async\" width=\"849\" height=\"608\" src=\"http:\/\/insideamateurfussball-ffm.de\/wp-content\/uploads\/2026\/08\/griesh-kos-8.jpg\" alt=\"\" class=\"wp-image-34467\" srcset=\"https:\/\/insideamateurfussball-ffm.de\/wp-content\/uploads\/2026\/08\/griesh-kos-8.jpg 849w, https:\/\/insideamateurfussball-ffm.de\/wp-content\/uploads\/2026\/08\/griesh-kos-8-300x215.jpg 300w, https:\/\/insideamateurfussball-ffm.de\/wp-content\/uploads\/2026\/08\/griesh-kos-8-768x550.jpg 768w\" sizes=\"auto, (max-width: 849px) 100vw, 849px\" \/><\/figure>\n\n\n\n<figure class=\"wp-block-image size-full\"><img loading=\"lazy\" decoding=\"async\" width=\"886\" height=\"604\" src=\"http:\/\/insideamateurfussball-ffm.de\/wp-content\/uploads\/2026\/08\/griesh-kos-9.jpg\" alt=\"\" class=\"wp-image-34468\" srcset=\"https:\/\/insideamateurfussball-ffm.de\/wp-content\/uploads\/2026\/08\/griesh-kos-9.jpg 886w, https:\/\/insideamateurfussball-ffm.de\/wp-content\/uploads\/2026\/08\/griesh-kos-9-300x205.jpg 300w, https:\/\/insideamateurfussball-ffm.de\/wp-content\/uploads\/2026\/08\/griesh-kos-9-768x524.jpg 768w\" sizes=\"auto, (max-width: 886px) 100vw, 886px\" \/><\/figure>\n\n\n\n<figure class=\"wp-block-image size-full\"><img loading=\"lazy\" decoding=\"async\" width=\"886\" height=\"575\" src=\"http:\/\/insideamateurfussball-ffm.de\/wp-content\/uploads\/2026\/08\/griesh-kos-10.jpg\" alt=\"\" class=\"wp-image-34469\" srcset=\"https:\/\/insideamateurfussball-ffm.de\/wp-content\/uploads\/2026\/08\/griesh-kos-10.jpg 886w, https:\/\/insideamateurfussball-ffm.de\/wp-content\/uploads\/2026\/08\/griesh-kos-10-300x195.jpg 300w, https:\/\/insideamateurfussball-ffm.de\/wp-content\/uploads\/2026\/08\/griesh-kos-10-768x498.jpg 768w\" sizes=\"auto, (max-width: 886px) 100vw, 886px\" \/><\/figure>\n\n\n\n<figure class=\"wp-block-image size-full\"><img loading=\"lazy\" decoding=\"async\" width=\"886\" height=\"657\" src=\"http:\/\/insideamateurfussball-ffm.de\/wp-content\/uploads\/2026\/08\/griesh-kos-11.jpg\" alt=\"\" class=\"wp-image-34470\" srcset=\"https:\/\/insideamateurfussball-ffm.de\/wp-content\/uploads\/2026\/08\/griesh-kos-11.jpg 886w, https:\/\/insideamateurfussball-ffm.de\/wp-content\/uploads\/2026\/08\/griesh-kos-11-300x222.jpg 300w, https:\/\/insideamateurfussball-ffm.de\/wp-content\/uploads\/2026\/08\/griesh-kos-11-768x569.jpg 768w\" sizes=\"auto, (max-width: 886px) 100vw, 886px\" \/><\/figure>\n\n\n\n<figure class=\"wp-block-image size-full\"><img loading=\"lazy\" decoding=\"async\" width=\"886\" height=\"614\" src=\"http:\/\/insideamateurfussball-ffm.de\/wp-content\/uploads\/2026\/08\/griesh-kos12.jpg\" alt=\"\" class=\"wp-image-34471\" srcset=\"https:\/\/insideamateurfussball-ffm.de\/wp-content\/uploads\/2026\/08\/griesh-kos12.jpg 886w, https:\/\/insideamateurfussball-ffm.de\/wp-content\/uploads\/2026\/08\/griesh-kos12-300x208.jpg 300w, https:\/\/insideamateurfussball-ffm.de\/wp-content\/uploads\/2026\/08\/griesh-kos12-768x532.jpg 768w\" sizes=\"auto, (max-width: 886px) 100vw, 886px\" \/><\/figure>\n\n\n\n<figure class=\"wp-block-image size-full\"><img loading=\"lazy\" decoding=\"async\" width=\"886\" height=\"589\" src=\"http:\/\/insideamateurfussball-ffm.de\/wp-content\/uploads\/2026\/08\/griesh-kos-13.jpg\" alt=\"\" class=\"wp-image-34472\" srcset=\"https:\/\/insideamateurfussball-ffm.de\/wp-content\/uploads\/2026\/08\/griesh-kos-13.jpg 886w, https:\/\/insideamateurfussball-ffm.de\/wp-content\/uploads\/2026\/08\/griesh-kos-13-300x199.jpg 300w, https:\/\/insideamateurfussball-ffm.de\/wp-content\/uploads\/2026\/08\/griesh-kos-13-768x511.jpg 768w\" sizes=\"auto, (max-width: 886px) 100vw, 886px\" \/><\/figure>\n\n\n\n<figure class=\"wp-block-image size-full\"><img loading=\"lazy\" decoding=\"async\" width=\"886\" height=\"622\" src=\"http:\/\/insideamateurfussball-ffm.de\/wp-content\/uploads\/2026\/08\/griesh-kos-14.jpg\" alt=\"\" class=\"wp-image-34473\" srcset=\"https:\/\/insideamateurfussball-ffm.de\/wp-content\/uploads\/2026\/08\/griesh-kos-14.jpg 886w, https:\/\/insideamateurfussball-ffm.de\/wp-content\/uploads\/2026\/08\/griesh-kos-14-300x211.jpg 300w, https:\/\/insideamateurfussball-ffm.de\/wp-content\/uploads\/2026\/08\/griesh-kos-14-768x539.jpg 768w\" sizes=\"auto, (max-width: 886px) 100vw, 886px\" \/><\/figure>\n\n\n\n<figure class=\"wp-block-image size-full\"><img loading=\"lazy\" decoding=\"async\" width=\"886\" height=\"609\" src=\"http:\/\/insideamateurfussball-ffm.de\/wp-content\/uploads\/2026\/08\/griesh-kos-15.jpg\" alt=\"\" class=\"wp-image-34474\" srcset=\"https:\/\/insideamateurfussball-ffm.de\/wp-content\/uploads\/2026\/08\/griesh-kos-15.jpg 886w, https:\/\/insideamateurfussball-ffm.de\/wp-content\/uploads\/2026\/08\/griesh-kos-15-300x206.jpg 300w, https:\/\/insideamateurfussball-ffm.de\/wp-content\/uploads\/2026\/08\/griesh-kos-15-768x528.jpg 768w\" sizes=\"auto, (max-width: 886px) 100vw, 886px\" \/><\/figure>\n","protected":false},"excerpt":{"rendered":"<p>Aufsteiger Spvgg. 02 Griesheim konnte im sechsten Saisonspiel erstmals punkten, und das gleich dreifach. Gegen den FC Kosova gelang durch zwei Christiansen-Tore ein 2:1-Sieg, mit dem man den Gegner in der Tabelle sogar \u00fcberholen konnte. Spvgg. 02 Griesheim &#8211; FC Kosova 2:1 (1:0) Es wurde auch Zeit, dass der Aufsteiger aus der Kreisoberliga Frankfurt, die [&hellip;]<\/p>\n","protected":false},"author":3,"featured_media":34464,"comment_status":"closed","ping_status":"open","sticky":true,"template":"","format":"standard","meta":{"footnotes":""},"categories":[13],"tags":[],"class_list":["post-34459","post","type-post","status-publish","format-standard","has-post-thumbnail","hentry","category-gruppenliga-frankfurt-west"],"_links":{"self":[{"href":"https:\/\/insideamateurfussball-ffm.de\/index.php?rest_route=\/wp\/v2\/posts\/34459","targetHints":{"allow":["GET"]}}],"collection":[{"href":"https:\/\/insideamateurfussball-ffm.de\/index.php?rest_route=\/wp\/v2\/posts"}],"about":[{"href":"https:\/\/insideamateurfussball-ffm.de\/index.php?rest_route=\/wp\/v2\/types\/post"}],"author":[{"embeddable":true,"href":"https:\/\/insideamateurfussball-ffm.de\/index.php?rest_route=\/wp\/v2\/users\/3"}],"replies":[{"embeddable":true,"href":"https:\/\/insideamateurfussball-ffm.de\/index.php?rest_route=%2Fwp%2Fv2%2Fcomments&post=34459"}],"version-history":[{"count":4,"href":"https:\/\/insideamateurfussball-ffm.de\/index.php?rest_route=\/wp\/v2\/posts\/34459\/revisions"}],"predecessor-version":[{"id":34478,"href":"https:\/\/insideamateurfussball-ffm.de\/index.php?rest_route=\/wp\/v2\/posts\/34459\/revisions\/34478"}],"wp:featuredmedia":[{"embeddable":true,"href":"https:\/\/insideamateurfussball-ffm.de\/index.php?rest_route=\/wp\/v2\/media\/34464"}],"wp:attachment":[{"href":"https:\/\/insideamateurfussball-ffm.de\/index.php?rest_route=%2Fwp%2Fv2%2Fmedia&parent=34459"}],"wp:term":[{"taxonomy":"category","embeddable":true,"href":"https:\/\/insideamateurfussball-ffm.de\/index.php?rest_route=%2Fwp%2Fv2%2Fcategories&post=34459"},{"taxonomy":"post_tag","embeddable":true,"href":"https:\/\/insideamateurfussball-ffm.de\/index.php?rest_route=%2Fwp%2Fv2%2Ftags&post=34459"}],"curies":[{"name":"wp","href":"https:\/\/api.w.org\/{rel}","templated":true}]}}