{"id":34432,"date":"2026-08-31T10:00:30","date_gmt":"2026-08-31T09:00:30","guid":{"rendered":"https:\/\/insideamateurfussball-ffm.de\/?p=34432"},"modified":"2026-08-31T10:00:30","modified_gmt":"2026-08-31T09:00:30","slug":"bornheim-musste-sich-nach-aufholjagd-geschlagen-geben","status":"publish","type":"post","link":"https:\/\/insideamateurfussball-ffm.de\/?p=34432","title":{"rendered":"Bornheim musste sich nach Aufholjagd geschlagen geben"},"content":{"rendered":"<p>Mit der SG Bornheim verlor auch die vierte Verbandsligamannschaft Frankfurts an diesem Spieltag, nach einem 0:3 gegen den SV Pars Neu-Isenburg schnupperten sie in der Nachspielzeit noch am Ausgleich, am Ende blieb es beim 2:3.<\/p>\n<figure id=\"attachment_34436\" aria-describedby=\"caption-attachment-34436\" style=\"width: 2560px\" class=\"wp-caption alignnone\"><img loading=\"lazy\" decoding=\"async\" class=\"wp-image-34436 size-full\" src=\"http:\/\/insideamateurfussball-ffm.de\/wp-content\/uploads\/2026\/08\/SGB-ParsN-I_260830-51-scaled.jpg\" alt=\"\" width=\"2560\" height=\"1706\" srcset=\"https:\/\/insideamateurfussball-ffm.de\/wp-content\/uploads\/2026\/08\/SGB-ParsN-I_260830-51-scaled.jpg 2560w, https:\/\/insideamateurfussball-ffm.de\/wp-content\/uploads\/2026\/08\/SGB-ParsN-I_260830-51-300x200.jpg 300w, https:\/\/insideamateurfussball-ffm.de\/wp-content\/uploads\/2026\/08\/SGB-ParsN-I_260830-51-1024x682.jpg 1024w, https:\/\/insideamateurfussball-ffm.de\/wp-content\/uploads\/2026\/08\/SGB-ParsN-I_260830-51-768x512.jpg 768w, https:\/\/insideamateurfussball-ffm.de\/wp-content\/uploads\/2026\/08\/SGB-ParsN-I_260830-51-1536x1024.jpg 1536w, https:\/\/insideamateurfussball-ffm.de\/wp-content\/uploads\/2026\/08\/SGB-ParsN-I_260830-51-2048x1365.jpg 2048w\" sizes=\"auto, (max-width: 2560px) 100vw, 2560px\" \/><figcaption id=\"caption-attachment-34436\" class=\"wp-caption-text\">Bereits in der zweiten Minute h\u00e4tte Bornheim durch einen Kopfball von Toga Bodur in F\u00fchrung gehen k\u00f6nnen. Foto: Andre Sturmeit<\/figcaption><\/figure>\n<h4>SG Bornheim &#8211; SV Pars Neu-Isenburg 2:3 (0:2)<\/h4>\n<p><img loading=\"lazy\" decoding=\"async\" class=\"alignnone size-full wp-image-119\" src=\"http:\/\/insideamateurfussball-ffm.de\/wp-content\/uploads\/2022\/05\/Bornheim.jpg\" alt=\"\" width=\"80\" height=\"80\" \/><img loading=\"lazy\" decoding=\"async\" class=\"alignnone size-full wp-image-688\" src=\"http:\/\/insideamateurfussball-ffm.de\/wp-content\/uploads\/2022\/06\/pars.png\" alt=\"\" width=\"80\" height=\"78\" \/><\/p>\n<p>Im Topspiel des 6.Spieltags empfing die SG Bornheim Spitzenreiter SV Pars Neu-Isenburg, die auf den Trikots immer noch mit diesem Namen spielen und auch in den Statistiken noch unter diesem Namen gef\u00fchrt werden. Eine Umbenennung in 1senburg United wurde von den Verb\u00e4nden abgelehnt, da Neu-Isenburg ausgeschrieben sein muss und ein Zusatz wie SV oder FC notwendig ist. Daraufhin benannte sich Pars in einer weiteren Mitgliederversammlung um in SV Neu-Isenburg 1 United, solange dies noch nicht offiziell umgesetzt ist, nennen wir sie weiterhin noch den SV Pars.<\/p>\n<p>Das Topspiel entwickelte sich schnell zu einem Verbandsliga-Spiel auf hohem Niveau, die erste Chance hatte Tolga Bodur in der 2.Minute f\u00fcr die Gastgeber, dessen Kopfball nach einem Eckball knapp \u00fcber das Tor strich. Die G\u00e4ste waren da effizienter und gingen mit ihrer ersten Chance in der 3.Minute mit 1:0 in F\u00fchrung, nach einem Angriff \u00fcber die rechte Seite behauptete sich in der Mitte Kays Iraqi und schob den Ball aus 10 Metern unhaltbar f\u00fcr den auch diesmal im Tor stehenden Younes Hamouti ein. Nachdem Zubayr Amiri mit einem Kopfball freistehend am Tor vorbei den Ausbau der F\u00fchrung verpasste, war es auf Bornheimer Seite Lennard Marschik, der aus 10 Metern den Ball weit \u00fcber das Tor schoss. Die Bornheimer hatten jetzt die besseren Chancen und wurden immer wieder nach Ecken brandgef\u00e4hrlich, doch Marschik l\u00f6ffelte den Ball aus 8 Metern erneut \u00fcber das Tor.<\/p>\n<p>Aber auch die Neu-Isenburger waren weiter gef\u00e4hrlich, Hamouti konnte allerdings zweimal kl\u00e4ren, ehe es in der 41.Minute doch das 0:2 gab, einen langen Ball verl\u00e4ngerte Amiri mit dem Kopf in den Lauf von Savvas Konstantinidis, der souver\u00e4n zum Halbzeitstand vollendete. \u00a0Es war ein hochklassiges Spiel auf spielerischem Niveau, auch wenn man sagen muss, dass die Spieler der G\u00e4ste aufgrund ihrer Erfahrung aus h\u00f6herklassigen Ligen den etwas reiferen und abgekl\u00e4rteren Eindruck hinterlie\u00dfen.<\/p>\n<p>In der zweiten Halbzeit war es lange ein ausgeglichenes Duell ohne weitere H\u00f6hepunkte vor den Toren, ehe der ehemalige Bornheimer Taha Azaitouni mit einer Glanzleistung auf der linken Seite erneut Konstantinidis in Szene setzte, der keine M\u00fche hatte, in der 70.Minute aus 6 Metern das 3:0 zu erzielen. Wer glaubte, dass dies die Vorentscheidung sei, war noch nie bei einem Spiel in Bornheim, selbst Pars-Trainer Dejan Alempic meinte nach dem Spiel im Trainer-Talk: \u201ewir wussten, wenn Bornheim erst einmal das 1:3 erzielt, brennt hier die H\u00fctte.\u201c Und so kam es dann auch.<\/p>\n<p>Trainer Christian Bader schickte Abwehrspieler Ben Schwarz in den Sturm und Bornheim gewann \u00dcbergewicht, in der 80.Minute war es dann soweit, der bis dahin gl\u00fccklose Lukas Knell nahm 14 Meter vor dem Tor einen Abpraller direkt und h\u00e4mmerte den Ball ins lange Eck, sein erstes Saisontor gleich ein Traumtor. Und mit der Unterst\u00fctzung der zahlreichen Zuschauer griffen die Gastgeber weiter an, erst scheiterte Ben Schwarz mit einem Schuss an Torwart der G\u00e4ste, dann war er beim n\u00e4chsten Angriff doch erfolgreich. Nach einer sch\u00f6nen Flanke wurde der Kopfball von Schwarz noch von Torh\u00fcter Nino Suserski pariert, im Liegen stocherte er den Abpraller dann zum 2:3 ins Tor, da waren 89 Minuten gespielt. Damit wurde eine aufregende Nachspielzeit eingeleitet, die an Spannung kaum zu \u00fcberbieten war, denn die Bornheimer hatten noch die Riesen-Ausgleichschance.<\/p>\n<p>Die Fans peitschten die Mannschaft jetzt nach vorne, und in der f\u00fcnften Minute der Nachspielzeit gab es nach einem Handspiel auf der linken Seite noch einen Freisto\u00df f\u00fcr die Gastgeber, Knell trat den Freisto\u00df nach innen und der mit nach vorn geeilte Torh\u00fcter Hamouti kam mit dem Kopf an den Ball, er strich aber knapp am Tor vorbei und landete am Au\u00dfennetz. Direkt danach erfolgte der Schlusspfiff und der SV Pars nahm die drei Punkte mit, den Heimweg traten die Neu-Isenburger wieder als neuer Spitzenreiter an, aber die Bornheimer k\u00f6nnen sich mit dieser Mentalit\u00e4t nichts vorwerfen lassen.<\/p>\n<p>SG-Trainer Christian Bader: \u201eehrlich gesagt finde ich, wir h\u00e4tten uns ein 3:3 verdient. Wir hatten mehr Spielanteile, hatten auch gute Chancen, waren im letzten Drittel aber nicht immer klar genug. Was Pars nat\u00fcrlich brutal macht, ist die Konsequenz, in der sie dann vor dem Tor agieren, das war uns bewusst, wenn sie vorne ins Laufen kommen, dass es dann f\u00fcr uns schwer wird, alles kann man am Ende nicht verteidigen. Wir gehen in die Halbzeitpause und sagen uns, dass wir uns nichts vorwerfen lassen k\u00f6nnen, kommen gut raus und haben viel Ballbesitz, aber wurden nicht wirklich gef\u00e4hrlich. Dann kassierst du mit einem Konter das 3:0, aber was ich heute sehr positiv mitnehme, viele Mannschaften lassen das Spiel dann laufen. Aber das ist halt das, was dieser Mannschaft inne lebt, die sagen, wir gehen jetzt nicht 3:0 heim und versuchen, noch etwas zu machen, 3:1, 3:2, und hintenraus mit ein bisschen Gl\u00fcck machst du das 3:3, alles in allem glaube ich, nimmt Pars hier gl\u00fccklich etwas mit, aber auch am Ende nicht unverdient.\u201c<\/p>\n<p>Weiter geht es f\u00fcr Bornheim am Donnerstag mit der ersten Runde im Kreispokal, es geht zum Gruppenligisten FC Tempo, bei dem man vor zwei Jahren schon einmal ausgeschieden ist. In der Liga geht es dann am Sonntag weiter mit dem Spiel beim stark gestarteten Aufsteiger VfB Ginsheim, der in der Tabelle mit Platz 4 einen Platz vor den Bornheimern steht.<\/p>\n<h4>Schiedsrichter: Marcel R\u00fchl (SG Hohenahr). Zuschauer: 290.<\/h4>\n<h4>Tore: 0:1 Kays Iraqi (3.), 0:2 Savvas Konstantinidis (41.), 0:3 Savvas Konstantinidis (70.), 1:3 Lukas Knell (80.), 2:3 Ben Schwarz (89.)<\/h4>\n<blockquote>\n<h4>Die Bilder stammen vom Fotografen Andre Sturmeit, der uns immer wieder mit Bildern der SG Bornheim beliefert.<\/h4>\n<\/blockquote>\n\n\n<figure class=\"wp-block-image size-large\"><img loading=\"lazy\" decoding=\"async\" width=\"1024\" height=\"683\" src=\"http:\/\/insideamateurfussball-ffm.de\/wp-content\/uploads\/2026\/08\/SGB-ParsN-I_260830-11-1024x683.jpg\" alt=\"\" class=\"wp-image-34433\" srcset=\"https:\/\/insideamateurfussball-ffm.de\/wp-content\/uploads\/2026\/08\/SGB-ParsN-I_260830-11-1024x683.jpg 1024w, https:\/\/insideamateurfussball-ffm.de\/wp-content\/uploads\/2026\/08\/SGB-ParsN-I_260830-11-300x200.jpg 300w, https:\/\/insideamateurfussball-ffm.de\/wp-content\/uploads\/2026\/08\/SGB-ParsN-I_260830-11-768x512.jpg 768w, https:\/\/insideamateurfussball-ffm.de\/wp-content\/uploads\/2026\/08\/SGB-ParsN-I_260830-11-1536x1024.jpg 1536w, https:\/\/insideamateurfussball-ffm.de\/wp-content\/uploads\/2026\/08\/SGB-ParsN-I_260830-11-2048x1365.jpg 2048w\" sizes=\"auto, (max-width: 1024px) 100vw, 1024px\" \/><\/figure>\n\n\n\n<figure class=\"wp-block-image size-large\"><img loading=\"lazy\" decoding=\"async\" width=\"1024\" height=\"683\" src=\"http:\/\/insideamateurfussball-ffm.de\/wp-content\/uploads\/2026\/08\/SGB-ParsN-I_260830-26-1024x683.jpg\" alt=\"\" class=\"wp-image-34434\" srcset=\"https:\/\/insideamateurfussball-ffm.de\/wp-content\/uploads\/2026\/08\/SGB-ParsN-I_260830-26-1024x683.jpg 1024w, https:\/\/insideamateurfussball-ffm.de\/wp-content\/uploads\/2026\/08\/SGB-ParsN-I_260830-26-300x200.jpg 300w, https:\/\/insideamateurfussball-ffm.de\/wp-content\/uploads\/2026\/08\/SGB-ParsN-I_260830-26-768x512.jpg 768w, https:\/\/insideamateurfussball-ffm.de\/wp-content\/uploads\/2026\/08\/SGB-ParsN-I_260830-26-1536x1024.jpg 1536w, https:\/\/insideamateurfussball-ffm.de\/wp-content\/uploads\/2026\/08\/SGB-ParsN-I_260830-26-2048x1365.jpg 2048w\" sizes=\"auto, (max-width: 1024px) 100vw, 1024px\" \/><\/figure>\n\n\n\n<figure class=\"wp-block-image size-large\"><img loading=\"lazy\" decoding=\"async\" width=\"1024\" height=\"683\" src=\"http:\/\/insideamateurfussball-ffm.de\/wp-content\/uploads\/2026\/08\/SGB-ParsN-I_260830-36-1024x683.jpg\" alt=\"\" class=\"wp-image-34435\" srcset=\"https:\/\/insideamateurfussball-ffm.de\/wp-content\/uploads\/2026\/08\/SGB-ParsN-I_260830-36-1024x683.jpg 1024w, https:\/\/insideamateurfussball-ffm.de\/wp-content\/uploads\/2026\/08\/SGB-ParsN-I_260830-36-300x200.jpg 300w, https:\/\/insideamateurfussball-ffm.de\/wp-content\/uploads\/2026\/08\/SGB-ParsN-I_260830-36-768x512.jpg 768w, https:\/\/insideamateurfussball-ffm.de\/wp-content\/uploads\/2026\/08\/SGB-ParsN-I_260830-36-1536x1024.jpg 1536w, https:\/\/insideamateurfussball-ffm.de\/wp-content\/uploads\/2026\/08\/SGB-ParsN-I_260830-36-2048x1365.jpg 2048w\" sizes=\"auto, (max-width: 1024px) 100vw, 1024px\" \/><\/figure>\n\n\n\n<figure class=\"wp-block-image size-large\"><img loading=\"lazy\" decoding=\"async\" width=\"1024\" height=\"683\" src=\"http:\/\/insideamateurfussball-ffm.de\/wp-content\/uploads\/2026\/08\/SGB-ParsN-I_260830-135-1024x683.jpg\" alt=\"\" class=\"wp-image-34437\" srcset=\"https:\/\/insideamateurfussball-ffm.de\/wp-content\/uploads\/2026\/08\/SGB-ParsN-I_260830-135-1024x683.jpg 1024w, https:\/\/insideamateurfussball-ffm.de\/wp-content\/uploads\/2026\/08\/SGB-ParsN-I_260830-135-300x200.jpg 300w, https:\/\/insideamateurfussball-ffm.de\/wp-content\/uploads\/2026\/08\/SGB-ParsN-I_260830-135-768x512.jpg 768w, https:\/\/insideamateurfussball-ffm.de\/wp-content\/uploads\/2026\/08\/SGB-ParsN-I_260830-135-1536x1024.jpg 1536w, https:\/\/insideamateurfussball-ffm.de\/wp-content\/uploads\/2026\/08\/SGB-ParsN-I_260830-135-2048x1365.jpg 2048w\" sizes=\"auto, (max-width: 1024px) 100vw, 1024px\" \/><\/figure>\n\n\n\n<figure class=\"wp-block-image size-large\"><img loading=\"lazy\" decoding=\"async\" width=\"1024\" height=\"683\" src=\"http:\/\/insideamateurfussball-ffm.de\/wp-content\/uploads\/2026\/08\/SGB-ParsN-I_260830-203-1024x683.jpg\" alt=\"\" class=\"wp-image-34438\" srcset=\"https:\/\/insideamateurfussball-ffm.de\/wp-content\/uploads\/2026\/08\/SGB-ParsN-I_260830-203-1024x683.jpg 1024w, https:\/\/insideamateurfussball-ffm.de\/wp-content\/uploads\/2026\/08\/SGB-ParsN-I_260830-203-300x200.jpg 300w, https:\/\/insideamateurfussball-ffm.de\/wp-content\/uploads\/2026\/08\/SGB-ParsN-I_260830-203-768x512.jpg 768w, https:\/\/insideamateurfussball-ffm.de\/wp-content\/uploads\/2026\/08\/SGB-ParsN-I_260830-203-1536x1024.jpg 1536w, https:\/\/insideamateurfussball-ffm.de\/wp-content\/uploads\/2026\/08\/SGB-ParsN-I_260830-203-2048x1365.jpg 2048w\" sizes=\"auto, (max-width: 1024px) 100vw, 1024px\" \/><\/figure>\n\n\n\n<figure class=\"wp-block-image size-large\"><img loading=\"lazy\" decoding=\"async\" width=\"1024\" height=\"683\" src=\"http:\/\/insideamateurfussball-ffm.de\/wp-content\/uploads\/2026\/08\/SGB-ParsN-I_260830-221-1024x683.jpg\" alt=\"\" class=\"wp-image-34439\" srcset=\"https:\/\/insideamateurfussball-ffm.de\/wp-content\/uploads\/2026\/08\/SGB-ParsN-I_260830-221-1024x683.jpg 1024w, https:\/\/insideamateurfussball-ffm.de\/wp-content\/uploads\/2026\/08\/SGB-ParsN-I_260830-221-300x200.jpg 300w, https:\/\/insideamateurfussball-ffm.de\/wp-content\/uploads\/2026\/08\/SGB-ParsN-I_260830-221-768x512.jpg 768w, https:\/\/insideamateurfussball-ffm.de\/wp-content\/uploads\/2026\/08\/SGB-ParsN-I_260830-221-1536x1024.jpg 1536w, https:\/\/insideamateurfussball-ffm.de\/wp-content\/uploads\/2026\/08\/SGB-ParsN-I_260830-221-2048x1365.jpg 2048w\" sizes=\"auto, (max-width: 1024px) 100vw, 1024px\" \/><\/figure>\n\n\n\n\n\n<figure class=\"wp-block-image size-large\"><img loading=\"lazy\" decoding=\"async\" width=\"1024\" height=\"683\" src=\"http:\/\/insideamateurfussball-ffm.de\/wp-content\/uploads\/2026\/08\/SGB-ParsN-I_260830-224-1024x683.jpg\" alt=\"\" class=\"wp-image-34440\" srcset=\"https:\/\/insideamateurfussball-ffm.de\/wp-content\/uploads\/2026\/08\/SGB-ParsN-I_260830-224-1024x683.jpg 1024w, https:\/\/insideamateurfussball-ffm.de\/wp-content\/uploads\/2026\/08\/SGB-ParsN-I_260830-224-300x200.jpg 300w, https:\/\/insideamateurfussball-ffm.de\/wp-content\/uploads\/2026\/08\/SGB-ParsN-I_260830-224-768x512.jpg 768w, https:\/\/insideamateurfussball-ffm.de\/wp-content\/uploads\/2026\/08\/SGB-ParsN-I_260830-224-1536x1024.jpg 1536w, https:\/\/insideamateurfussball-ffm.de\/wp-content\/uploads\/2026\/08\/SGB-ParsN-I_260830-224-2048x1365.jpg 2048w\" sizes=\"auto, (max-width: 1024px) 100vw, 1024px\" \/><\/figure>\n\n\n\n<figure class=\"wp-block-image size-large\"><img loading=\"lazy\" decoding=\"async\" width=\"1024\" height=\"683\" src=\"http:\/\/insideamateurfussball-ffm.de\/wp-content\/uploads\/2026\/08\/SGB-ParsN-I_260830-267-1024x683.jpg\" alt=\"\" class=\"wp-image-34441\" srcset=\"https:\/\/insideamateurfussball-ffm.de\/wp-content\/uploads\/2026\/08\/SGB-ParsN-I_260830-267-1024x683.jpg 1024w, https:\/\/insideamateurfussball-ffm.de\/wp-content\/uploads\/2026\/08\/SGB-ParsN-I_260830-267-300x200.jpg 300w, https:\/\/insideamateurfussball-ffm.de\/wp-content\/uploads\/2026\/08\/SGB-ParsN-I_260830-267-768x512.jpg 768w, https:\/\/insideamateurfussball-ffm.de\/wp-content\/uploads\/2026\/08\/SGB-ParsN-I_260830-267-1536x1024.jpg 1536w, https:\/\/insideamateurfussball-ffm.de\/wp-content\/uploads\/2026\/08\/SGB-ParsN-I_260830-267-2048x1365.jpg 2048w\" sizes=\"auto, (max-width: 1024px) 100vw, 1024px\" \/><\/figure>\n\n\n\n<figure class=\"wp-block-image size-large\"><img loading=\"lazy\" decoding=\"async\" width=\"1024\" height=\"682\" src=\"http:\/\/insideamateurfussball-ffm.de\/wp-content\/uploads\/2026\/08\/SGB-ParsN-I_260830-388-1024x682.jpg\" alt=\"\" class=\"wp-image-34442\" srcset=\"https:\/\/insideamateurfussball-ffm.de\/wp-content\/uploads\/2026\/08\/SGB-ParsN-I_260830-388-1024x682.jpg 1024w, https:\/\/insideamateurfussball-ffm.de\/wp-content\/uploads\/2026\/08\/SGB-ParsN-I_260830-388-300x200.jpg 300w, https:\/\/insideamateurfussball-ffm.de\/wp-content\/uploads\/2026\/08\/SGB-ParsN-I_260830-388-768x512.jpg 768w, https:\/\/insideamateurfussball-ffm.de\/wp-content\/uploads\/2026\/08\/SGB-ParsN-I_260830-388-1536x1024.jpg 1536w, https:\/\/insideamateurfussball-ffm.de\/wp-content\/uploads\/2026\/08\/SGB-ParsN-I_260830-388-2048x1365.jpg 2048w\" sizes=\"auto, (max-width: 1024px) 100vw, 1024px\" \/><\/figure>\n\n\n\n<figure class=\"wp-block-image size-large\"><img loading=\"lazy\" decoding=\"async\" width=\"1024\" height=\"683\" src=\"http:\/\/insideamateurfussball-ffm.de\/wp-content\/uploads\/2026\/08\/SGB-ParsN-I_260830-567-1024x683.jpg\" alt=\"\" class=\"wp-image-34443\" srcset=\"https:\/\/insideamateurfussball-ffm.de\/wp-content\/uploads\/2026\/08\/SGB-ParsN-I_260830-567-1024x683.jpg 1024w, https:\/\/insideamateurfussball-ffm.de\/wp-content\/uploads\/2026\/08\/SGB-ParsN-I_260830-567-300x200.jpg 300w, https:\/\/insideamateurfussball-ffm.de\/wp-content\/uploads\/2026\/08\/SGB-ParsN-I_260830-567-768x512.jpg 768w, https:\/\/insideamateurfussball-ffm.de\/wp-content\/uploads\/2026\/08\/SGB-ParsN-I_260830-567-1536x1024.jpg 1536w, https:\/\/insideamateurfussball-ffm.de\/wp-content\/uploads\/2026\/08\/SGB-ParsN-I_260830-567-2048x1365.jpg 2048w\" sizes=\"auto, (max-width: 1024px) 100vw, 1024px\" \/><\/figure>\n\n\n\n<figure class=\"wp-block-image size-large\"><img loading=\"lazy\" decoding=\"async\" width=\"1024\" height=\"683\" src=\"http:\/\/insideamateurfussball-ffm.de\/wp-content\/uploads\/2026\/08\/SGB-ParsN-I_260830-618-1024x683.jpg\" alt=\"\" class=\"wp-image-34444\" srcset=\"https:\/\/insideamateurfussball-ffm.de\/wp-content\/uploads\/2026\/08\/SGB-ParsN-I_260830-618-1024x683.jpg 1024w, https:\/\/insideamateurfussball-ffm.de\/wp-content\/uploads\/2026\/08\/SGB-ParsN-I_260830-618-300x200.jpg 300w, https:\/\/insideamateurfussball-ffm.de\/wp-content\/uploads\/2026\/08\/SGB-ParsN-I_260830-618-768x512.jpg 768w, https:\/\/insideamateurfussball-ffm.de\/wp-content\/uploads\/2026\/08\/SGB-ParsN-I_260830-618-1536x1024.jpg 1536w, https:\/\/insideamateurfussball-ffm.de\/wp-content\/uploads\/2026\/08\/SGB-ParsN-I_260830-618-2048x1365.jpg 2048w\" sizes=\"auto, (max-width: 1024px) 100vw, 1024px\" \/><\/figure>\n\n\n\n<figure class=\"wp-block-image size-large\"><img loading=\"lazy\" decoding=\"async\" width=\"1024\" height=\"683\" src=\"http:\/\/insideamateurfussball-ffm.de\/wp-content\/uploads\/2026\/08\/SGB-ParsN-I_260830-636-1024x683.jpg\" alt=\"\" class=\"wp-image-34445\" srcset=\"https:\/\/insideamateurfussball-ffm.de\/wp-content\/uploads\/2026\/08\/SGB-ParsN-I_260830-636-1024x683.jpg 1024w, https:\/\/insideamateurfussball-ffm.de\/wp-content\/uploads\/2026\/08\/SGB-ParsN-I_260830-636-300x200.jpg 300w, https:\/\/insideamateurfussball-ffm.de\/wp-content\/uploads\/2026\/08\/SGB-ParsN-I_260830-636-768x512.jpg 768w, https:\/\/insideamateurfussball-ffm.de\/wp-content\/uploads\/2026\/08\/SGB-ParsN-I_260830-636-1536x1024.jpg 1536w, https:\/\/insideamateurfussball-ffm.de\/wp-content\/uploads\/2026\/08\/SGB-ParsN-I_260830-636-2048x1365.jpg 2048w\" sizes=\"auto, (max-width: 1024px) 100vw, 1024px\" \/><\/figure>\n\n\n\n<figure class=\"wp-block-image size-large\"><img loading=\"lazy\" decoding=\"async\" width=\"1024\" height=\"683\" src=\"http:\/\/insideamateurfussball-ffm.de\/wp-content\/uploads\/2026\/08\/SGB-ParsN-I_260830-670-1024x683.jpg\" alt=\"\" class=\"wp-image-34446\" srcset=\"https:\/\/insideamateurfussball-ffm.de\/wp-content\/uploads\/2026\/08\/SGB-ParsN-I_260830-670-1024x683.jpg 1024w, https:\/\/insideamateurfussball-ffm.de\/wp-content\/uploads\/2026\/08\/SGB-ParsN-I_260830-670-300x200.jpg 300w, https:\/\/insideamateurfussball-ffm.de\/wp-content\/uploads\/2026\/08\/SGB-ParsN-I_260830-670-768x512.jpg 768w, https:\/\/insideamateurfussball-ffm.de\/wp-content\/uploads\/2026\/08\/SGB-ParsN-I_260830-670-1536x1024.jpg 1536w, https:\/\/insideamateurfussball-ffm.de\/wp-content\/uploads\/2026\/08\/SGB-ParsN-I_260830-670-2048x1365.jpg 2048w\" sizes=\"auto, (max-width: 1024px) 100vw, 1024px\" \/><\/figure>\n\n\n\n<figure class=\"wp-block-image size-large\"><img loading=\"lazy\" decoding=\"async\" width=\"1024\" height=\"683\" src=\"http:\/\/insideamateurfussball-ffm.de\/wp-content\/uploads\/2026\/08\/SGB-ParsN-I_260830-760-1024x683.jpg\" alt=\"\" class=\"wp-image-34447\" srcset=\"https:\/\/insideamateurfussball-ffm.de\/wp-content\/uploads\/2026\/08\/SGB-ParsN-I_260830-760-1024x683.jpg 1024w, https:\/\/insideamateurfussball-ffm.de\/wp-content\/uploads\/2026\/08\/SGB-ParsN-I_260830-760-300x200.jpg 300w, https:\/\/insideamateurfussball-ffm.de\/wp-content\/uploads\/2026\/08\/SGB-ParsN-I_260830-760-768x512.jpg 768w, https:\/\/insideamateurfussball-ffm.de\/wp-content\/uploads\/2026\/08\/SGB-ParsN-I_260830-760-1536x1024.jpg 1536w, https:\/\/insideamateurfussball-ffm.de\/wp-content\/uploads\/2026\/08\/SGB-ParsN-I_260830-760-2048x1365.jpg 2048w\" sizes=\"auto, (max-width: 1024px) 100vw, 1024px\" \/><\/figure>\n\n\n\n<figure class=\"wp-block-image size-large\"><img loading=\"lazy\" decoding=\"async\" width=\"1024\" height=\"683\" src=\"http:\/\/insideamateurfussball-ffm.de\/wp-content\/uploads\/2026\/08\/SGB-ParsN-I_260830-767-1024x683.jpg\" alt=\"\" class=\"wp-image-34448\" srcset=\"https:\/\/insideamateurfussball-ffm.de\/wp-content\/uploads\/2026\/08\/SGB-ParsN-I_260830-767-1024x683.jpg 1024w, https:\/\/insideamateurfussball-ffm.de\/wp-content\/uploads\/2026\/08\/SGB-ParsN-I_260830-767-300x200.jpg 300w, https:\/\/insideamateurfussball-ffm.de\/wp-content\/uploads\/2026\/08\/SGB-ParsN-I_260830-767-768x512.jpg 768w, https:\/\/insideamateurfussball-ffm.de\/wp-content\/uploads\/2026\/08\/SGB-ParsN-I_260830-767-1536x1024.jpg 1536w, https:\/\/insideamateurfussball-ffm.de\/wp-content\/uploads\/2026\/08\/SGB-ParsN-I_260830-767-2048x1365.jpg 2048w\" sizes=\"auto, (max-width: 1024px) 100vw, 1024px\" \/><\/figure>\n\n\n\n<figure class=\"wp-block-image size-large\"><img loading=\"lazy\" decoding=\"async\" width=\"1024\" height=\"683\" src=\"http:\/\/insideamateurfussball-ffm.de\/wp-content\/uploads\/2026\/08\/SGB-ParsN-I_260830-795-1024x683.jpg\" alt=\"\" class=\"wp-image-34449\" srcset=\"https:\/\/insideamateurfussball-ffm.de\/wp-content\/uploads\/2026\/08\/SGB-ParsN-I_260830-795-1024x683.jpg 1024w, https:\/\/insideamateurfussball-ffm.de\/wp-content\/uploads\/2026\/08\/SGB-ParsN-I_260830-795-300x200.jpg 300w, https:\/\/insideamateurfussball-ffm.de\/wp-content\/uploads\/2026\/08\/SGB-ParsN-I_260830-795-768x512.jpg 768w, https:\/\/insideamateurfussball-ffm.de\/wp-content\/uploads\/2026\/08\/SGB-ParsN-I_260830-795-1536x1024.jpg 1536w, https:\/\/insideamateurfussball-ffm.de\/wp-content\/uploads\/2026\/08\/SGB-ParsN-I_260830-795.jpg 1899w\" sizes=\"auto, (max-width: 1024px) 100vw, 1024px\" \/><\/figure>\n","protected":false},"excerpt":{"rendered":"<p>Mit der SG Bornheim verlor auch die vierte Verbandsligamannschaft Frankfurts an diesem Spieltag, nach einem 0:3 gegen den SV Pars Neu-Isenburg schnupperten sie in der Nachspielzeit noch am Ausgleich, am Ende blieb es beim 2:3. SG Bornheim &#8211; SV Pars Neu-Isenburg 2:3 (0:2) Im Topspiel des 6.Spieltags empfing die SG Bornheim Spitzenreiter SV Pars Neu-Isenburg, [&hellip;]<\/p>\n","protected":false},"author":3,"featured_media":34436,"comment_status":"closed","ping_status":"open","sticky":true,"template":"","format":"standard","meta":{"footnotes":""},"categories":[10],"tags":[],"class_list":["post-34432","post","type-post","status-publish","format-standard","has-post-thumbnail","hentry","category-verbandsliga-sued"],"_links":{"self":[{"href":"https:\/\/insideamateurfussball-ffm.de\/index.php?rest_route=\/wp\/v2\/posts\/34432","targetHints":{"allow":["GET"]}}],"collection":[{"href":"https:\/\/insideamateurfussball-ffm.de\/index.php?rest_route=\/wp\/v2\/posts"}],"about":[{"href":"https:\/\/insideamateurfussball-ffm.de\/index.php?rest_route=\/wp\/v2\/types\/post"}],"author":[{"embeddable":true,"href":"https:\/\/insideamateurfussball-ffm.de\/index.php?rest_route=\/wp\/v2\/users\/3"}],"replies":[{"embeddable":true,"href":"https:\/\/insideamateurfussball-ffm.de\/index.php?rest_route=%2Fwp%2Fv2%2Fcomments&post=34432"}],"version-history":[{"count":4,"href":"https:\/\/insideamateurfussball-ffm.de\/index.php?rest_route=\/wp\/v2\/posts\/34432\/revisions"}],"predecessor-version":[{"id":34453,"href":"https:\/\/insideamateurfussball-ffm.de\/index.php?rest_route=\/wp\/v2\/posts\/34432\/revisions\/34453"}],"wp:featuredmedia":[{"embeddable":true,"href":"https:\/\/insideamateurfussball-ffm.de\/index.php?rest_route=\/wp\/v2\/media\/34436"}],"wp:attachment":[{"href":"https:\/\/insideamateurfussball-ffm.de\/index.php?rest_route=%2Fwp%2Fv2%2Fmedia&parent=34432"}],"wp:term":[{"taxonomy":"category","embeddable":true,"href":"https:\/\/insideamateurfussball-ffm.de\/index.php?rest_route=%2Fwp%2Fv2%2Fcategories&post=34432"},{"taxonomy":"post_tag","embeddable":true,"href":"https:\/\/insideamateurfussball-ffm.de\/index.php?rest_route=%2Fwp%2Fv2%2Ftags&post=34432"}],"curies":[{"name":"wp","href":"https:\/\/api.w.org\/{rel}","templated":true}]}}