{"id":3404,"date":"2022-10-24T16:41:07","date_gmt":"2022-10-24T14:41:07","guid":{"rendered":"http:\/\/insideamateurfussball-ffm.de\/?p=3404"},"modified":"2025-01-10T14:25:20","modified_gmt":"2025-01-10T13:25:20","slug":"mit-fussball-schach-holt-rot-weiss-ein-11","status":"publish","type":"post","link":"https:\/\/insideamateurfussball-ffm.de\/?p=3404","title":{"rendered":"Mit &#8222;Fu\u00dfball-Schach&#8220; holt Rot-Weiss ein 1:1"},"content":{"rendered":"<h4>Rot-Weiss Frankfurt erreichte am Freitagabend in der Verbandsliga S\u00fcd gegen Eintracht Wald-Michelbach ein 1:1 (1:1) und pr\u00e4sentierte sich vor 150 Zuschauern in einer besseren Verfassung als beim 0:6-Debakel in Fehlheim vom vergangenen Sonntag.<\/h4>\n<figure id=\"attachment_3405\" aria-describedby=\"caption-attachment-3405\" style=\"width: 309px\" class=\"wp-caption alignnone\"><img loading=\"lazy\" decoding=\"async\" class=\"wp-image-3405\" src=\"http:\/\/insideamateurfussball-ffm.de\/wp-content\/uploads\/2022\/10\/mich5-300x229.jpg\" alt=\"\" width=\"309\" height=\"236\" \/><figcaption id=\"caption-attachment-3405\" class=\"wp-caption-text\"><strong>Rot-Weiss Frankfurt bildet vor dem Anpfiff einen Spielerkreis. Foto: Mithat G\u00fcrser.<\/strong><\/figcaption><\/figure>\n<h4>Rot-Weiss Frankfurt &#8211; Eintracht Wald-Michelbach 1:1 (1:1)<\/h4>\n<p><img loading=\"lazy\" decoding=\"async\" class=\"alignnone size-full wp-image-120\" src=\"http:\/\/insideamateurfussball-ffm.de\/wp-content\/uploads\/2022\/05\/rot-weiss.png\" alt=\"\" width=\"80\" height=\"70\" \/><img loading=\"lazy\" decoding=\"async\" class=\"alignnone size-full wp-image-140\" src=\"http:\/\/insideamateurfussball-ffm.de\/wp-content\/uploads\/2022\/05\/ETW.jpg\" alt=\"\" width=\"79\" height=\"80\" \/><\/p>\n<p><span style=\"color: #333333;\">Auf Vorarbeit von Ayoub Lahchaychi gelang Kani Yildirimoglu die F\u00fchrung der Frankfurter (15.). Die hielt jedoch nur zwei Minuten, denn der Abwehrverbund der &#8222;Roten&#8220; verschuldete im Aufbauspiel einen v\u00f6llig unn\u00f6tigen Eckball, aus dem der Ausgleich der Odenw\u00e4lder entstand. Michael Klinger war zur Stelle uns markierte das 1:1 f\u00fcr das Team von Trainer Ralf Ripperger. Die G\u00e4ste blieben in der Folge bei Standardsituationen gef\u00e4hrlich, w\u00e4hrend die junge Mannschaft der &#8222;Roten&#8220; mehr spielerische Elemente einbrachte. <\/span><\/p>\n<p><span style=\"color: #333333;\">So vergaben Flavio Alberto Cunha und Hakan G\u00fcltekin nach gut herausgespielten Angriffen weitere Tore f\u00fcr die Gastgeber, die durch das Unentschieden weiter im unteren Tabellendrittel feststecken. &#8222;Wir haben ein anderes Gesicht gezeigt und ein gutes Spiel abgeliefert&#8220;, meinte Rot-Weiss-Trainer Jonel Goncalves.<\/span><\/p>\n<blockquote>\n<h4>&#8222;Das war Fu\u00dfball-Schach&#8220; (Rot-Weiss-Co-Trainer Mirko Kelava)<\/h4>\n<\/blockquote>\n<p><span style=\"color: #333333;\">Beide Teams h\u00e4tten im gleichen Spielsystem agiert und sich von daher weitestgehend neutralisiert. Zudem habe es in der sehr fairen Begegnung kaum Foulspiele gegeben. &#8222;Die intensive Begegnung hatte keinen Sieger verdient&#8220;, meinte Goncalves. Co-Trainer Mirko Kelava hatte sogar &#8222;Fu\u00dfball-Schach&#8220; auf dem Kunstrasenplatz am Brentanobad ausgemacht. <\/span><\/p>\n<p><span style=\"color: #333333;\">Mit nur 13 Punkten aus zw\u00f6lf Begegnungen ist die Tabellensituation bei Rot-Weiss Frankfurt zum Ende der Hinrunde weiterhin prek\u00e4r. Am kommenden Donnerstag erwartet das Goncalves-Team zu einem Nachholspiel den Tabellendritten Rot-Wei\u00df Darmstadt (19.30 Uhr), der bislang nur f\u00fcnf Gegentore hinnehmen musste.<\/span><\/p>\n<h4>Schiedsrichter: Manuel Abbondanza (Wiesbaden). Zuschauer: 150.<\/h4>\n<h4>Tore: 1:0 Kani Yildirimoglu (13.), 1:1 Michel Klinger (16.).<\/h4>\n\n\n<figure class=\"wp-block-gallery has-nested-images columns-default is-cropped wp-block-gallery-1 is-layout-flex wp-block-gallery-is-layout-flex\">\n<figure class=\"wp-block-image size-large is-style-rounded\"><img decoding=\"async\" data-id=\"3406\" src=\"http:\/\/insideamateurfussball-ffm.de\/wp-content\/uploads\/2022\/10\/mich9.jpg\" alt=\"\" class=\"wp-image-3406\"\/><figcaption>Fotos: Mithat G\u00fcrser<\/figcaption><\/figure>\n<\/figure>\n\n\n\n<figure class=\"wp-block-gallery has-nested-images columns-default is-cropped wp-block-gallery-2 is-layout-flex wp-block-gallery-is-layout-flex\">\n<figure class=\"wp-block-image size-large is-style-rounded\"><img loading=\"lazy\" decoding=\"async\" width=\"886\" height=\"656\" data-id=\"3407\" src=\"http:\/\/insideamateurfussball-ffm.de\/wp-content\/uploads\/2022\/10\/mich-Traener1.jpg\" alt=\"\" class=\"wp-image-3407\" srcset=\"https:\/\/insideamateurfussball-ffm.de\/wp-content\/uploads\/2022\/10\/mich-Traener1.jpg 886w, https:\/\/insideamateurfussball-ffm.de\/wp-content\/uploads\/2022\/10\/mich-Traener1-300x222.jpg 300w, https:\/\/insideamateurfussball-ffm.de\/wp-content\/uploads\/2022\/10\/mich-Traener1-768x569.jpg 768w\" sizes=\"auto, (max-width: 886px) 100vw, 886px\" \/><\/figure>\n<\/figure>\n\n\n\n<figure class=\"wp-block-gallery has-nested-images columns-default is-cropped wp-block-gallery-3 is-layout-flex wp-block-gallery-is-layout-flex\">\n<figure class=\"wp-block-image size-large is-style-rounded\"><img decoding=\"async\" data-id=\"3408\" src=\"http:\/\/insideamateurfussball-ffm.de\/wp-content\/uploads\/2022\/10\/mich6.jpg\" alt=\"\" class=\"wp-image-3408\"\/><\/figure>\n<\/figure>\n\n\n\n<figure class=\"wp-block-gallery has-nested-images columns-default is-cropped wp-block-gallery-4 is-layout-flex wp-block-gallery-is-layout-flex\">\n<figure class=\"wp-block-image size-large is-style-rounded\"><img decoding=\"async\" data-id=\"3409\" src=\"http:\/\/insideamateurfussball-ffm.de\/wp-content\/uploads\/2022\/10\/mich10.jpg\" alt=\"\" class=\"wp-image-3409\"\/><\/figure>\n<\/figure>\n\n\n\n<figure class=\"wp-block-gallery has-nested-images columns-default is-cropped wp-block-gallery-5 is-layout-flex wp-block-gallery-is-layout-flex\">\n<figure class=\"wp-block-image size-large is-style-rounded\"><img decoding=\"async\" data-id=\"3410\" src=\"http:\/\/insideamateurfussball-ffm.de\/wp-content\/uploads\/2022\/10\/mich2.jpg\" alt=\"\" class=\"wp-image-3410\"\/><\/figure>\n<\/figure>\n\n\n\n<figure class=\"wp-block-gallery has-nested-images columns-default is-cropped wp-block-gallery-6 is-layout-flex wp-block-gallery-is-layout-flex\">\n<figure class=\"wp-block-image size-large is-style-rounded\"><img decoding=\"async\" data-id=\"3411\" src=\"http:\/\/insideamateurfussball-ffm.de\/wp-content\/uploads\/2022\/10\/mich7.jpg\" alt=\"\" class=\"wp-image-3411\"\/><\/figure>\n<\/figure>\n\n\n\n<figure class=\"wp-block-gallery has-nested-images columns-default is-cropped wp-block-gallery-7 is-layout-flex wp-block-gallery-is-layout-flex\">\n<figure class=\"wp-block-image size-large is-style-rounded\"><img decoding=\"async\" data-id=\"3412\" src=\"http:\/\/insideamateurfussball-ffm.de\/wp-content\/uploads\/2022\/10\/mich11.jpg\" alt=\"\" class=\"wp-image-3412\"\/><\/figure>\n<\/figure>\n\n\n\n<figure class=\"wp-block-gallery has-nested-images columns-default is-cropped wp-block-gallery-8 is-layout-flex wp-block-gallery-is-layout-flex\">\n<figure class=\"wp-block-image size-large is-style-rounded\"><img decoding=\"async\" data-id=\"3413\" src=\"http:\/\/insideamateurfussball-ffm.de\/wp-content\/uploads\/2022\/10\/mich3.jpg\" alt=\"\" class=\"wp-image-3413\"\/><\/figure>\n<\/figure>\n\n\n\n<figure class=\"wp-block-gallery has-nested-images columns-default is-cropped wp-block-gallery-9 is-layout-flex wp-block-gallery-is-layout-flex\">\n<figure class=\"wp-block-image size-large is-style-rounded\"><img decoding=\"async\" data-id=\"3414\" src=\"http:\/\/insideamateurfussball-ffm.de\/wp-content\/uploads\/2022\/10\/mich8.jpg\" alt=\"\" class=\"wp-image-3414\"\/><\/figure>\n<\/figure>\n\n\n\n<figure class=\"wp-block-gallery has-nested-images columns-default is-cropped wp-block-gallery-10 is-layout-flex wp-block-gallery-is-layout-flex\">\n<figure class=\"wp-block-image size-large is-style-rounded\"><img decoding=\"async\" data-id=\"3415\" src=\"http:\/\/insideamateurfussball-ffm.de\/wp-content\/uploads\/2022\/10\/mich12.jpg\" alt=\"\" class=\"wp-image-3415\"\/><\/figure>\n<\/figure>\n\n\n\n<figure class=\"wp-block-gallery has-nested-images columns-default is-cropped wp-block-gallery-11 is-layout-flex wp-block-gallery-is-layout-flex\">\n<figure class=\"wp-block-image size-large is-style-rounded\"><img decoding=\"async\" data-id=\"3416\" src=\"http:\/\/insideamateurfussball-ffm.de\/wp-content\/uploads\/2022\/10\/mich4.jpg\" alt=\"\" class=\"wp-image-3416\"\/><\/figure>\n<\/figure>\n","protected":false},"excerpt":{"rendered":"<p>Rot-Weiss Frankfurt erreichte am Freitagabend in der Verbandsliga S\u00fcd gegen Eintracht Wald-Michelbach ein 1:1 (1:1) und pr\u00e4sentierte sich vor 150 Zuschauern in einer besseren Verfassung als beim 0:6-Debakel in Fehlheim vom vergangenen Sonntag. Rot-Weiss Frankfurt &#8211; Eintracht Wald-Michelbach 1:1 (1:1) Auf Vorarbeit von Ayoub Lahchaychi gelang Kani Yildirimoglu die F\u00fchrung der Frankfurter (15.). Die hielt [&hellip;]<\/p>\n","protected":false},"author":1,"featured_media":0,"comment_status":"open","ping_status":"open","sticky":false,"template":"","format":"standard","meta":{"footnotes":""},"categories":[10],"tags":[],"class_list":["post-3404","post","type-post","status-publish","format-standard","hentry","category-verbandsliga-sued"],"_links":{"self":[{"href":"https:\/\/insideamateurfussball-ffm.de\/index.php?rest_route=\/wp\/v2\/posts\/3404","targetHints":{"allow":["GET"]}}],"collection":[{"href":"https:\/\/insideamateurfussball-ffm.de\/index.php?rest_route=\/wp\/v2\/posts"}],"about":[{"href":"https:\/\/insideamateurfussball-ffm.de\/index.php?rest_route=\/wp\/v2\/types\/post"}],"author":[{"embeddable":true,"href":"https:\/\/insideamateurfussball-ffm.de\/index.php?rest_route=\/wp\/v2\/users\/1"}],"replies":[{"embeddable":true,"href":"https:\/\/insideamateurfussball-ffm.de\/index.php?rest_route=%2Fwp%2Fv2%2Fcomments&post=3404"}],"version-history":[{"count":1,"href":"https:\/\/insideamateurfussball-ffm.de\/index.php?rest_route=\/wp\/v2\/posts\/3404\/revisions"}],"predecessor-version":[{"id":3417,"href":"https:\/\/insideamateurfussball-ffm.de\/index.php?rest_route=\/wp\/v2\/posts\/3404\/revisions\/3417"}],"wp:attachment":[{"href":"https:\/\/insideamateurfussball-ffm.de\/index.php?rest_route=%2Fwp%2Fv2%2Fmedia&parent=3404"}],"wp:term":[{"taxonomy":"category","embeddable":true,"href":"https:\/\/insideamateurfussball-ffm.de\/index.php?rest_route=%2Fwp%2Fv2%2Fcategories&post=3404"},{"taxonomy":"post_tag","embeddable":true,"href":"https:\/\/insideamateurfussball-ffm.de\/index.php?rest_route=%2Fwp%2Fv2%2Ftags&post=3404"}],"curies":[{"name":"wp","href":"https:\/\/api.w.org\/{rel}","templated":true}]}}