{"id":3397,"date":"2022-10-24T16:16:43","date_gmt":"2022-10-24T14:16:43","guid":{"rendered":"http:\/\/insideamateurfussball-ffm.de\/?p=3397"},"modified":"2025-01-10T14:25:26","modified_gmt":"2025-01-10T13:25:26","slug":"bad-vilbel-landet-hoechsten-saisonsieg","status":"publish","type":"post","link":"https:\/\/insideamateurfussball-ffm.de\/?p=3397","title":{"rendered":"Bad Vilbel landet h\u00f6chsten Saisonsieg"},"content":{"rendered":"<h4>Mit einer souver\u00e4nen Vorstellung hat der FV Bad Vilbel am Freitagabend in der Verbandsliga S\u00fcd seinen h\u00f6chsten Saisonsieg errungen und den Aufw\u00e4rtstrend der letzten Wochen best\u00e4tigt. Mit 4:0 (1:0) gewannen die Quellenst\u00e4dter gegen Aufsteiger Sportfreunde Seligenstadt und \u00fcberholten die G\u00e4ste aus dem Kreis Offenbach im Klassement. Mit 16 Punkten haben sich die Gr\u00fcn-Wei\u00dfen nun in das Tabellenmittelfeld abgesetzt.<\/h4>\n<figure id=\"attachment_3398\" aria-describedby=\"caption-attachment-3398\" style=\"width: 311px\" class=\"wp-caption alignnone\"><img loading=\"lazy\" decoding=\"async\" class=\"wp-image-3398\" src=\"http:\/\/insideamateurfussball-ffm.de\/wp-content\/uploads\/2022\/10\/Safa-300x200.jpg\" alt=\"\" width=\"311\" height=\"207\" \/><figcaption id=\"caption-attachment-3398\" class=\"wp-caption-text\"><strong>Bad Vilbels Kapit\u00e4n Vladimiros Safaridis bei einem Freisto\u00df. Foto: Jan Werner. <\/strong><\/figcaption><\/figure>\n<h4>FV Bad Vilbel &#8211; Sportfreunde Seligenstadt 4:0 (1:0)<\/h4>\n<p><img loading=\"lazy\" decoding=\"async\" class=\"alignnone size-full wp-image-146\" src=\"http:\/\/insideamateurfussball-ffm.de\/wp-content\/uploads\/2022\/05\/FV-Bad-Vilbel.jpg\" alt=\"\" width=\"80\" height=\"80\" \/><img loading=\"lazy\" decoding=\"async\" class=\"alignnone size-full wp-image-2324\" src=\"http:\/\/insideamateurfussball-ffm.de\/wp-content\/uploads\/2022\/08\/Seligen.jpg\" alt=\"\" width=\"72\" height=\"80\" \/><\/p>\n<p><span style=\"color: #333333;\">&#8222;Wir haben verdient gewonnen, denn wir haben Seligenstadt kaum etwas zugelassen und hatten richtig gute Spielmomente drin&#8220;, res\u00fcmierte FV-Trainer Amir Mustafic unmittelbar nach dem Abpfiff. Von Beginn an waren die Vilbeler pr\u00e4sent und erarbeiteten sich zahlreiche Eckb\u00e4lle. Vorne zeigte sich St\u00fcrmer Flakron Thaci in Torlaune. <\/span><\/p>\n<p><span style=\"color: #333333;\">Vor dem 1:0 scheiterte er an Seligenstadts Torh\u00fcter Valentino di Bella, im Nachsetzen schob er sicher ein. In der Folge hatte Bad Vilbel das Geschehen weiter im Griff und Thaci h\u00e4tte kurz danach sogar erh\u00f6hen k\u00f6nnen, schoss aber \u00fcber das Tor. Seligenstadt entt\u00e4uschte auf der ganzen Linie und kam nur selten zu Torabschl\u00fcssen. Im zweiten Abschnitt dauerte es 45 Sekunden, bis Thaci einen langen Ball im linken Eck platzierte &#8211; 2:0 (46.).<\/span><\/p>\n<blockquote>\n<h4>&#8222;Wir brauchten am Anfang der Saison unsere Zeit, um auf dieses Level zu kommen (Bad Vilbels Trainer Amir Mustafic)<\/h4>\n<\/blockquote>\n<p><span style=\"color: #333333;\">Und nach einem Missverst\u00e4ndnis der G\u00e4ste erlief Alexander Bauscher den Ball auf der linken Seite, passte zu Masahito Morishima, der auf 3:0 stellte (51.). Damit war die Vorentscheidung fr\u00fch gefallen und Bad Vilbel setzte sogar noch einen drauf. Der quirlige Morishima setzte sich auf der rechten Seite durch, flankte musterg\u00fcltig auf den freistehenden Bauscher und es stand 4:0 (74.). <\/span><\/p>\n<p><span style=\"color: #333333;\">&#8222;Wir brauchten am Anfang der Saison unsere Zeit, um auf dieses Level zu kommen. Die Verbandsliga S\u00fcd ist nicht zu untersch\u00e4tzen, da kann jeder gegen jeden gewinnen. Letztendlich haben wir zu unserer Leistung gefunden, die wir jetzt abrufen. Das macht mich optimistisch f\u00fcr die weiteren Spiele&#8220;, freute sich Mustafic.<\/span><\/p>\n<h4>Schiedsrichter: Simon Henninger (Bad Soden\/Taunus). Zuschauer: 105.<\/h4>\n<h4>Tore: 1:0, 2:0 Flakron Thaci (23.\/46.), 3:0 Masahito Morishima (51.), 4:0 Alexander Bauscher (74.).<\/h4>\n<p><span style=\"color: #333333;\">Bildergalerie: Jan Werner.<\/span><\/p>\n<p>\u00a0<\/p>\n\n\n<figure class=\"wp-block-gallery has-nested-images columns-default is-cropped wp-block-gallery-1 is-layout-flex wp-block-gallery-is-layout-flex\">\n<figure class=\"wp-block-image size-large is-style-rounded\"><img decoding=\"async\" data-id=\"3399\" src=\"http:\/\/insideamateurfussball-ffm.de\/wp-content\/uploads\/2022\/10\/Kandi.jpg\" alt=\"\" class=\"wp-image-3399\"\/><\/figure>\n<\/figure>\n\n\n\n<figure class=\"wp-block-gallery has-nested-images columns-default is-cropped wp-block-gallery-2 is-layout-flex wp-block-gallery-is-layout-flex\">\n<figure class=\"wp-block-image size-large is-style-rounded\"><img decoding=\"async\" data-id=\"3400\" src=\"http:\/\/insideamateurfussball-ffm.de\/wp-content\/uploads\/2022\/10\/BV11.jpg\" alt=\"\" class=\"wp-image-3400\"\/><\/figure>\n<\/figure>\n\n\n\n<figure class=\"wp-block-gallery has-nested-images columns-default is-cropped wp-block-gallery-3 is-layout-flex wp-block-gallery-is-layout-flex\">\n<figure class=\"wp-block-image size-large is-style-rounded\"><img decoding=\"async\" data-id=\"3401\" src=\"http:\/\/insideamateurfussball-ffm.de\/wp-content\/uploads\/2022\/10\/BV12.jpg\" alt=\"\" class=\"wp-image-3401\"\/><\/figure>\n<\/figure>\n\n\n\n<figure class=\"wp-block-gallery has-nested-images columns-default is-cropped wp-block-gallery-4 is-layout-flex wp-block-gallery-is-layout-flex\">\n<figure class=\"wp-block-image size-large is-style-rounded\"><img decoding=\"async\" data-id=\"3402\" src=\"http:\/\/insideamateurfussball-ffm.de\/wp-content\/uploads\/2022\/10\/BV13.jpg\" alt=\"\" class=\"wp-image-3402\"\/><\/figure>\n<\/figure>\n","protected":false},"excerpt":{"rendered":"<p>Mit einer souver\u00e4nen Vorstellung hat der FV Bad Vilbel am Freitagabend in der Verbandsliga S\u00fcd seinen h\u00f6chsten Saisonsieg errungen und den Aufw\u00e4rtstrend der letzten Wochen best\u00e4tigt. Mit 4:0 (1:0) gewannen die Quellenst\u00e4dter gegen Aufsteiger Sportfreunde Seligenstadt und \u00fcberholten die G\u00e4ste aus dem Kreis Offenbach im Klassement. Mit 16 Punkten haben sich die Gr\u00fcn-Wei\u00dfen nun in [&hellip;]<\/p>\n","protected":false},"author":1,"featured_media":0,"comment_status":"open","ping_status":"open","sticky":false,"template":"","format":"standard","meta":{"footnotes":""},"categories":[10],"tags":[],"class_list":["post-3397","post","type-post","status-publish","format-standard","hentry","category-verbandsliga-sued"],"_links":{"self":[{"href":"https:\/\/insideamateurfussball-ffm.de\/index.php?rest_route=\/wp\/v2\/posts\/3397","targetHints":{"allow":["GET"]}}],"collection":[{"href":"https:\/\/insideamateurfussball-ffm.de\/index.php?rest_route=\/wp\/v2\/posts"}],"about":[{"href":"https:\/\/insideamateurfussball-ffm.de\/index.php?rest_route=\/wp\/v2\/types\/post"}],"author":[{"embeddable":true,"href":"https:\/\/insideamateurfussball-ffm.de\/index.php?rest_route=\/wp\/v2\/users\/1"}],"replies":[{"embeddable":true,"href":"https:\/\/insideamateurfussball-ffm.de\/index.php?rest_route=%2Fwp%2Fv2%2Fcomments&post=3397"}],"version-history":[{"count":1,"href":"https:\/\/insideamateurfussball-ffm.de\/index.php?rest_route=\/wp\/v2\/posts\/3397\/revisions"}],"predecessor-version":[{"id":3403,"href":"https:\/\/insideamateurfussball-ffm.de\/index.php?rest_route=\/wp\/v2\/posts\/3397\/revisions\/3403"}],"wp:attachment":[{"href":"https:\/\/insideamateurfussball-ffm.de\/index.php?rest_route=%2Fwp%2Fv2%2Fmedia&parent=3397"}],"wp:term":[{"taxonomy":"category","embeddable":true,"href":"https:\/\/insideamateurfussball-ffm.de\/index.php?rest_route=%2Fwp%2Fv2%2Fcategories&post=3397"},{"taxonomy":"post_tag","embeddable":true,"href":"https:\/\/insideamateurfussball-ffm.de\/index.php?rest_route=%2Fwp%2Fv2%2Ftags&post=3397"}],"curies":[{"name":"wp","href":"https:\/\/api.w.org\/{rel}","templated":true}]}}