{"id":3362,"date":"2022-10-19T16:35:54","date_gmt":"2022-10-19T14:35:54","guid":{"rendered":"http:\/\/insideamateurfussball-ffm.de\/?p=3362"},"modified":"2025-01-10T14:26:02","modified_gmt":"2025-01-10T13:26:02","slug":"fruehes-elmas-tor-reicht-tuerkguecue","status":"publish","type":"post","link":"https:\/\/insideamateurfussball-ffm.de\/?p=3362","title":{"rendered":"Fr\u00fches Elmas-Tor reicht T\u00fcrkg\u00fcc\u00fc"},"content":{"rendered":"<h4>Der TSKV T\u00fcrkg\u00fcc\u00fc konnte sich am Sonntag in der Kreisoberliga Frankfurt mit dem zweiten Sieg in Folge aus dem unteren Tabellendrittel befreien. Gegen den FV Hausen siegten die M\u00e4nner von Interimstrainer Ercan Kadimli auf eigenem Gel\u00e4nde mit 1:0 (1:0).<\/h4>\n<figure id=\"attachment_3363\" aria-describedby=\"caption-attachment-3363\" style=\"width: 1500px\" class=\"wp-caption alignnone\"><img loading=\"lazy\" decoding=\"async\" class=\"wp-image-3363 size-full\" src=\"http:\/\/insideamateurfussball-ffm.de\/wp-content\/uploads\/2022\/10\/TGFr.jpg\" alt=\"\" width=\"1500\" height=\"2000\" \/><figcaption id=\"caption-attachment-3363\" class=\"wp-caption-text\"><strong>Die M\u00e4nner von T\u00fcrkg\u00fcc\u00fc gruben den Rasen f\u00fcr den Sieg sprichw\u00f6rtlich um. Foto: Duran G\u00fcng\u00f6r. <\/strong><\/figcaption><\/figure>\n<h4>TSKV T\u00fcrkg\u00fcc\u00fc &#8211; FV Hausen 1:0 (1:0)<\/h4>\n<p><img loading=\"lazy\" decoding=\"async\" class=\"alignnone size-full wp-image-17\" src=\"http:\/\/insideamateurfussball-ffm.de\/wp-content\/uploads\/2021\/11\/Tuerkguecue.jpg\" alt=\"\" width=\"72\" height=\"80\" \/><img loading=\"lazy\" decoding=\"async\" class=\"alignnone size-full wp-image-28\" src=\"http:\/\/insideamateurfussball-ffm.de\/wp-content\/uploads\/2021\/11\/Hausen.jpg\" alt=\"\" width=\"80\" height=\"60\" \/><\/p>\n<p><span style=\"color: #333333;\">Das einzige Tor des Nachmittages resultierte auf dem schwer zu bespielenden Rasenplatz an der Sondershausenstra\u00dfe aus einem Foulelfmeter, den Feyzullah Elmas zun\u00e4chst gegen FVH-Torwart Onno Engel verschoss, im Nachschuss aber erfolgreich war (8.). &#8222;Wir haben das Spiel in der ersten Halbzeit kontrolliert und Hausen keine Torchance zugelassen, da h\u00e4tten wir auch 2:0 oder 3:0 f\u00fchren m\u00fcssen&#8220;, meinte T\u00fcrkg\u00fcc\u00fcs Vorstandsmitglied Duran G\u00fcng\u00f6r. <\/span><\/p>\n<p><span style=\"color: #333333;\">&#8222;Nach der Pause war es ein Kampfspiel, Chancen waren Mangelware. Das Ergebnis geht so in Ordnung, wir sind sehr zufrieden&#8220;, erg\u00e4nzte G\u00fcng\u00f6r. T\u00fcrkg\u00fcc\u00fc legte nach dem 1:0 sein Hauptaugenmerk auf defensive Stabilit\u00e4t, was von Erfolg gekr\u00f6nt war. Auf Seiten der G\u00e4ste hatte FVH-Coach Federico da Costa Coutinho &#8222;das erwartete Spiel auf dem Ackerplatz&#8220; gesehen.<\/span><\/p>\n<blockquote>\n<h4>&#8222;Wir haben zu lange gebraucht, um uns auf die Begebenheiten einzulassen&#8220; (Hausen-Trainer Federico da Costa Coutinho)<\/h4>\n<\/blockquote>\n<p><span style=\"color: #333333;\">&#8222;Ich bin echt gespannt, wie das da bis zur Winterpause gehen soll. Der Platz wird ja eher schlechter als besser&#8220;, sagte der Hausener Trainer zu den Platzverh\u00e4ltnissen auf der maroden Sportanlage im Gallus. Zum Spiel sagte er: &#8222;Zu Beginn haben wir nicht in die Zweik\u00e4mpfe gefunden, standen zu weit weg. Wir haben zu lange gebraucht, um uns auf die Begebenheiten einzulassen. Wir waren ja gewarnt, da wir den Platz im Gastspiel bei der SG Westend vor einigen Wochen schon bespielt hatten.&#8220; <\/span><\/p>\n<p><span style=\"color: #333333;\">Es sei das dritte Spiel innerhalb eines Jahres gegen T\u00fcrkg\u00fcc\u00fc gewesen und &#8222;dreimal war es das gleiche Spiel. Wir hatten wenig Durchsetzungskraft, haben zu viel zugelassen. Das war ein schlechter Tag, viele hatten keine Normalform und so kannst Du in der Klasse halt nicht gewinnen&#8220;, sagte Coutinho genervt.\u00a0<\/span><\/p>\n<h4>Schiedsrichter: Taoufiq Lakhal (Hochheim am Main). Zuschauer: 95.<\/h4>\n<h4>Tor: 1:0 Feyzullah Elmas (8.).<\/h4>\n","protected":false},"excerpt":{"rendered":"<p>Der TSKV T\u00fcrkg\u00fcc\u00fc konnte sich am Sonntag in der Kreisoberliga Frankfurt mit dem zweiten Sieg in Folge aus dem unteren Tabellendrittel befreien. Gegen den FV Hausen siegten die M\u00e4nner von Interimstrainer Ercan Kadimli auf eigenem Gel\u00e4nde mit 1:0 (1:0). TSKV T\u00fcrkg\u00fcc\u00fc &#8211; FV Hausen 1:0 (1:0) Das einzige Tor des Nachmittages resultierte auf dem schwer [&hellip;]<\/p>\n","protected":false},"author":1,"featured_media":0,"comment_status":"open","ping_status":"open","sticky":false,"template":"","format":"standard","meta":{"footnotes":""},"categories":[2],"tags":[],"class_list":["post-3362","post","type-post","status-publish","format-standard","hentry","category-kreisoberliga-frankfurt"],"_links":{"self":[{"href":"https:\/\/insideamateurfussball-ffm.de\/index.php?rest_route=\/wp\/v2\/posts\/3362","targetHints":{"allow":["GET"]}}],"collection":[{"href":"https:\/\/insideamateurfussball-ffm.de\/index.php?rest_route=\/wp\/v2\/posts"}],"about":[{"href":"https:\/\/insideamateurfussball-ffm.de\/index.php?rest_route=\/wp\/v2\/types\/post"}],"author":[{"embeddable":true,"href":"https:\/\/insideamateurfussball-ffm.de\/index.php?rest_route=\/wp\/v2\/users\/1"}],"replies":[{"embeddable":true,"href":"https:\/\/insideamateurfussball-ffm.de\/index.php?rest_route=%2Fwp%2Fv2%2Fcomments&post=3362"}],"version-history":[{"count":1,"href":"https:\/\/insideamateurfussball-ffm.de\/index.php?rest_route=\/wp\/v2\/posts\/3362\/revisions"}],"predecessor-version":[{"id":3364,"href":"https:\/\/insideamateurfussball-ffm.de\/index.php?rest_route=\/wp\/v2\/posts\/3362\/revisions\/3364"}],"wp:attachment":[{"href":"https:\/\/insideamateurfussball-ffm.de\/index.php?rest_route=%2Fwp%2Fv2%2Fmedia&parent=3362"}],"wp:term":[{"taxonomy":"category","embeddable":true,"href":"https:\/\/insideamateurfussball-ffm.de\/index.php?rest_route=%2Fwp%2Fv2%2Fcategories&post=3362"},{"taxonomy":"post_tag","embeddable":true,"href":"https:\/\/insideamateurfussball-ffm.de\/index.php?rest_route=%2Fwp%2Fv2%2Ftags&post=3362"}],"curies":[{"name":"wp","href":"https:\/\/api.w.org\/{rel}","templated":true}]}}