{"id":3349,"date":"2022-10-18T18:47:10","date_gmt":"2022-10-18T16:47:10","guid":{"rendered":"http:\/\/insideamateurfussball-ffm.de\/?p=3349"},"modified":"2025-01-10T14:26:21","modified_gmt":"2025-01-10T13:26:21","slug":"griesheim-schlaegt-westend-ueber-den-kampf","status":"publish","type":"post","link":"https:\/\/insideamateurfussball-ffm.de\/?p=3349","title":{"rendered":"Griesheim besiegt Westend \u00fcber Kampf"},"content":{"rendered":"<h5><span style=\"font-size: 16px;\">Die Spvgg. 02 Griesheim bleibt in der Kreisoberliga Frankfurt Tabellenzweiter. Eine Platzierung, die ja zur Teilnahme an der Relegation zur Gruppenliga Frankfurt West berechtigt. Gegen die aus dieser Spielklasse abgestiegene SG Westend gab es am Sonntag an der Eichenstra\u00dfe einen trockenen 2:0 (2:0)-Sieg.\u00a0<\/span><\/h5>\n<figure id=\"attachment_3351\" aria-describedby=\"caption-attachment-3351\" style=\"width: 312px\" class=\"wp-caption alignnone\"><img loading=\"lazy\" decoding=\"async\" class=\"wp-image-3351\" src=\"http:\/\/insideamateurfussball-ffm.de\/wp-content\/uploads\/2022\/10\/Peko-300x200.jpg\" alt=\"\" width=\"312\" height=\"208\" \/><figcaption id=\"caption-attachment-3351\" class=\"wp-caption-text\"><strong>Griesheims Torsch\u00fctze Ante Peko ist vor Westends Rejhan Poturovic am Ball. Foto: Anzzo Sports. <\/strong><\/figcaption><\/figure>\n<h5><span style=\"font-size: 16px;\">Spvgg. 02 Griesheim &#8211; SG Westend 2:0 (2:0)<\/span><\/h5>\n<p><img loading=\"lazy\" decoding=\"async\" class=\"alignnone size-full wp-image-287\" src=\"http:\/\/insideamateurfussball-ffm.de\/wp-content\/uploads\/2022\/05\/SpVgg._02_Griesheim_02.jpg\" alt=\"\" width=\"100\" height=\"100\" \/><img loading=\"lazy\" decoding=\"async\" class=\"alignnone size-full wp-image-611\" src=\"http:\/\/insideamateurfussball-ffm.de\/wp-content\/uploads\/2022\/06\/Westend.png\" alt=\"\" width=\"69\" height=\"80\" \/><\/p>\n<p><span style=\"font-size: 16px; color: #003300;\">Die Gastgeber legten fr\u00fch zwei Tore vor und legten dann ihr Hauptaugenmerk auf defensive Stabilit\u00e4t. Nach einem Eckball verl\u00e4ngerte Pascal Greb per Kopf auf den Fu\u00df von Ante Peko, der das 1:0 markierte (6.). St\u00fcrmer Jefrey Aboagye vollendete eine tolle Kombination zum 2:0 (22.). &#8222;Es war wichtig, nach zwei Remis in Folge einen Sieg zu holen&#8220;, sagte Griesheims Trainer Marco Santonastaso, dessen Team weiter vier Punkte hinter Tabellenf\u00fchrer FC Tempo liegt und nach den Serben mit 14 Gegentreffern die zweitbeste Defensive der Liga stellt. <\/span><\/p>\n<p><span style=\"font-size: 16px; color: #003300;\">&#8222;Westend war k\u00f6rperlich sehr robust und in den Zweik\u00e4mpfen pr\u00e4sent, das war nicht leicht. Sie verf\u00fcgen \u00fcber starke Einzelspieler und sehr gute Fu\u00dfballer&#8220;, merkte der Coach der &#8222;Schleifer&#8220; an. Im zweiten Abschnitt dr\u00e4ngten die G\u00e4ste nach vorne, konnten aber selbst einen Foulelfmeter in Gestalt von Tarik Cmajcanin nicht verwandeln, der an Griesheims Torwart Adoney Johannes scheiterte (85.).<\/span><\/p>\n<blockquote>\n<h5><span style=\"font-size: 16px;\">&#8222;Eine extrem gute Schiedsrichterleistung&#8220; (Griesheims Vorsitzender Marcel Ruoff)<\/span><\/h5>\n<\/blockquote>\n<p><span style=\"font-size: 16px; color: #003300;\">&#8222;Das war kein Fu\u00dfball-Spektakel. Wir haben das Spiel \u00fcber den Kampf entschieden&#8220;, res\u00fcmierte Santonastaso zufrieden. Westends Vereinspatron Esad Golos, der mal wieder auch als Trainer fungiert, meinte: &#8222;Wir haben die zweite Halbzeit nur auf ein Tor gespielt, hatten reichlich Chancen zu Toren durch Haris Dacic, Tarik Cmajcanin und Amine Kambuhe. Wir h\u00e4tten einen Punkt verdient gehabt, aber leider gehen wir in dieser fairen Partie als Verlierer vom Platz.&#8220;<\/span><\/p>\n<p><span style=\"font-size: 16px; color: #003300;\"> Griesheims Vorsitzender Marcel Ruoff lobte noch die &#8222;extrem gute Schiedsrichterleistung&#8220; des Unparteiischen Dominik Magel aus Offenbach.\u00a0 \u00a0<\/span><\/p>\n<h5><span style=\"font-size: 16px;\">Schiedsrichter: Dominik Magel (Offenbach). Zuschauer: 132.<\/span><\/h5>\n<h5><span style=\"font-size: 16px;\">Tore: 1:0 Ante Peko (6.), 2:0 Jefrey Aboagye (22.).\u00a0\u00a0<\/span><\/h5>\n","protected":false},"excerpt":{"rendered":"<p>Die Spvgg. 02 Griesheim bleibt in der Kreisoberliga Frankfurt Tabellenzweiter. Eine Platzierung, die ja zur Teilnahme an der Relegation zur Gruppenliga Frankfurt West berechtigt. Gegen die aus dieser Spielklasse abgestiegene SG Westend gab es am Sonntag an der Eichenstra\u00dfe einen trockenen 2:0 (2:0)-Sieg.\u00a0 Spvgg. 02 Griesheim &#8211; SG Westend 2:0 (2:0) Die Gastgeber legten fr\u00fch [&hellip;]<\/p>\n","protected":false},"author":1,"featured_media":0,"comment_status":"open","ping_status":"open","sticky":false,"template":"","format":"standard","meta":{"footnotes":""},"categories":[2],"tags":[],"class_list":["post-3349","post","type-post","status-publish","format-standard","hentry","category-kreisoberliga-frankfurt"],"_links":{"self":[{"href":"https:\/\/insideamateurfussball-ffm.de\/index.php?rest_route=\/wp\/v2\/posts\/3349","targetHints":{"allow":["GET"]}}],"collection":[{"href":"https:\/\/insideamateurfussball-ffm.de\/index.php?rest_route=\/wp\/v2\/posts"}],"about":[{"href":"https:\/\/insideamateurfussball-ffm.de\/index.php?rest_route=\/wp\/v2\/types\/post"}],"author":[{"embeddable":true,"href":"https:\/\/insideamateurfussball-ffm.de\/index.php?rest_route=\/wp\/v2\/users\/1"}],"replies":[{"embeddable":true,"href":"https:\/\/insideamateurfussball-ffm.de\/index.php?rest_route=%2Fwp%2Fv2%2Fcomments&post=3349"}],"version-history":[{"count":3,"href":"https:\/\/insideamateurfussball-ffm.de\/index.php?rest_route=\/wp\/v2\/posts\/3349\/revisions"}],"predecessor-version":[{"id":3354,"href":"https:\/\/insideamateurfussball-ffm.de\/index.php?rest_route=\/wp\/v2\/posts\/3349\/revisions\/3354"}],"wp:attachment":[{"href":"https:\/\/insideamateurfussball-ffm.de\/index.php?rest_route=%2Fwp%2Fv2%2Fmedia&parent=3349"}],"wp:term":[{"taxonomy":"category","embeddable":true,"href":"https:\/\/insideamateurfussball-ffm.de\/index.php?rest_route=%2Fwp%2Fv2%2Fcategories&post=3349"},{"taxonomy":"post_tag","embeddable":true,"href":"https:\/\/insideamateurfussball-ffm.de\/index.php?rest_route=%2Fwp%2Fv2%2Ftags&post=3349"}],"curies":[{"name":"wp","href":"https:\/\/api.w.org\/{rel}","templated":true}]}}