{"id":3346,"date":"2022-10-18T17:52:09","date_gmt":"2022-10-18T15:52:09","guid":{"rendered":"http:\/\/insideamateurfussball-ffm.de\/?p=3346"},"modified":"2025-01-10T14:26:35","modified_gmt":"2025-01-10T13:26:35","slug":"44-croatia-entreisst-kosova-zwei-punkte","status":"publish","type":"post","link":"https:\/\/insideamateurfussball-ffm.de\/?p=3346","title":{"rendered":"4:4! Croatia entrei\u00dft Kosova zwei Punkte"},"content":{"rendered":"<h5><span style=\"font-size: 16px;\">In einer turbulenten Begegnung trennten sich am Sonntag der FC Kosova und der FC Croatia auf einem der beiden Rasenpl\u00e4tze an der Wilhelm-Epstein-Stra\u00dfe mit 4:4 (3:1). Die Gastgeber verspielten in diesem &#8222;Balkan-Duell&#8220; sogar eine klare 4:1-F\u00fchrung und verpassten es, die davor platzierten G\u00e4ste in der Tabelle zu \u00fcberholen.\u00a0<\/span><\/h5>\n<figure id=\"attachment_3347\" aria-describedby=\"caption-attachment-3347\" style=\"width: 311px\" class=\"wp-caption alignnone\"><img loading=\"lazy\" decoding=\"async\" class=\"wp-image-3347\" src=\"http:\/\/insideamateurfussball-ffm.de\/wp-content\/uploads\/2022\/10\/tuer9-300x217.jpg\" alt=\"\" width=\"311\" height=\"225\" \/><figcaption id=\"caption-attachment-3347\" class=\"wp-caption-text\"><strong>Dank gro\u00dfer Moral erk\u00e4mpfte sich der FC Croatia ein 4:4. Archivfoto: Mithat G\u00fcrser. <\/strong><\/figcaption><\/figure>\n<h5><span style=\"font-size: 16px;\">FC Kosova &#8211; FC Croatia 4:4 (3:1)<\/span><\/h5>\n<p><img loading=\"lazy\" decoding=\"async\" class=\"alignnone size-full wp-image-9\" src=\"http:\/\/insideamateurfussball-ffm.de\/wp-content\/uploads\/2021\/11\/Kosova.jpg\" alt=\"\" width=\"65\" height=\"80\" \/><img loading=\"lazy\" decoding=\"async\" class=\"alignnone size-full wp-image-29\" src=\"http:\/\/insideamateurfussball-ffm.de\/wp-content\/uploads\/2021\/11\/croatia.jpg\" alt=\"\" width=\"63\" height=\"80\" \/><\/p>\n<p><span style=\"font-size: 16px; color: #003300;\">Kosova bleibt durch das vierte Remis in dieser Saison Sechster, w\u00e4hrend die Croatia durch den sp\u00e4ten Ausgleich in der Nachspielzeit Rang vier festigte. Die Gastgeber hatten vor allem im ersten Abschnitt das Spiel bestimmt, das erkannte auch G\u00e4stecoach Josip Zeravica an: &#8222;Leider kamen wir sehr schlecht ins Spiel. Kosova hat das Spielgeschehen von Beginn an mehr in die Hand genommen. Durch einen aus Zeravicas Sicht fragw\u00fcrdigen Foulelfmeter ging Kosova durch Kapit\u00e4n Frenklin Sefa in F\u00fchrung (17.). <\/span><\/p>\n<p><span style=\"font-size: 16px; color: #003300;\">&#8222;Leider sind die Spielleitungen in den letzten zwei Spielen nicht gro\u00dfz\u00fcgig f\u00fcr uns, sondern eher f\u00fcr den Gegner&#8220;, merkte der Croatia-Trainer an, der aber auch die Beh\u00e4bigkeit seiner Akteure kritisierte: &#8222;Wir trotteten hinterher und haben nicht in den Rhythmus gefunden.&#8220; Mostafa El Aadmi erh\u00f6hte f\u00fcr die Kosovaren auf 2:0 (26.), nachfolgend konnte Croatia mit Filip Sucic verk\u00fcrzen (34.), aber kurz darauf stellte Leon Dashi schon den alten Abstand wieder her (36.).<\/span><\/p>\n<h5><span style=\"font-size: 16px;\">Strljic und Sucic lassen Croatia jubeln\u00a0<\/span><\/h5>\n<p><span style=\"font-size: 16px; color: #003300;\">Nach dem Seitenwechsel schien nach Raisi Zallas Elfmetertor 4:1 (67.) nur noch die Frage nach der H\u00f6he des Kosova-Sieges aktuell zu sein. Doch es kam doch anders: Croatia hatte taktisch umgestellt, sodass die G\u00e4ste mehr im Spiel drin waren. &#8222;Wir kamen dank einer starken Willensleistung von Ante Strljic, der sich gegen drei Mann an der Au\u00dfenlinie durchsetzte und zum 4:2 traf, zur\u00fcck&#8220;, berichtete Zeravica. <\/span><\/p>\n<p><span style=\"font-size: 16px; color: #003300;\">Zum Ende hin verk\u00fcrzte erneut Strljic auf 4:3 (87.), bis dann in der Nachspielzeit Sucic die Kroaten jubeln lie\u00df (90.\/+3). &#8222;Geht das Spiel noch ein paar Minuten l\u00e4nger, h\u00e4tten wir es sogar komplett gedreht&#8220;, war sich Zeravica sicher. &#8222;Kosova war am Ende hinten komplett \u00fcberfordert, aber auch das 4:4 war eine starke Willensleistung. Man kann den Jungs Respekt zollen f\u00fcr die zweite Halbzeit&#8220;, fasste Zeravica zusammen.\u00a0\u00a0<\/span><\/p>\n<h5><span style=\"font-size: 16px;\">Schiedsrichter: Karsten Sch\u00f6n (Ostheim). Zuschauer: 160.<\/span><\/h5>\n<h5><span style=\"font-size: 16px;\">Tore: 1:0 Frenklin Sefa (17.\/Foulelfmeter), 2:0 Mostafa El Aadmi (26.), 2:1 Filip Sucic (34.), 3:1 Leon Dashi (36.), 4:1 Raisi Zalla (67.\/Foulelfmeter), 4:2, 4:3 Ante Strljic (72.\/87.), 4:4 Filip Sucic (90.\/+3).<\/span><\/h5>\n","protected":false},"excerpt":{"rendered":"<p>In einer turbulenten Begegnung trennten sich am Sonntag der FC Kosova und der FC Croatia auf einem der beiden Rasenpl\u00e4tze an der Wilhelm-Epstein-Stra\u00dfe mit 4:4 (3:1). Die Gastgeber verspielten in diesem &#8222;Balkan-Duell&#8220; sogar eine klare 4:1-F\u00fchrung und verpassten es, die davor platzierten G\u00e4ste in der Tabelle zu \u00fcberholen.\u00a0 FC Kosova &#8211; FC Croatia 4:4 (3:1) [&hellip;]<\/p>\n","protected":false},"author":1,"featured_media":0,"comment_status":"open","ping_status":"open","sticky":false,"template":"","format":"standard","meta":{"footnotes":""},"categories":[2],"tags":[],"class_list":["post-3346","post","type-post","status-publish","format-standard","hentry","category-kreisoberliga-frankfurt"],"_links":{"self":[{"href":"https:\/\/insideamateurfussball-ffm.de\/index.php?rest_route=\/wp\/v2\/posts\/3346","targetHints":{"allow":["GET"]}}],"collection":[{"href":"https:\/\/insideamateurfussball-ffm.de\/index.php?rest_route=\/wp\/v2\/posts"}],"about":[{"href":"https:\/\/insideamateurfussball-ffm.de\/index.php?rest_route=\/wp\/v2\/types\/post"}],"author":[{"embeddable":true,"href":"https:\/\/insideamateurfussball-ffm.de\/index.php?rest_route=\/wp\/v2\/users\/1"}],"replies":[{"embeddable":true,"href":"https:\/\/insideamateurfussball-ffm.de\/index.php?rest_route=%2Fwp%2Fv2%2Fcomments&post=3346"}],"version-history":[{"count":1,"href":"https:\/\/insideamateurfussball-ffm.de\/index.php?rest_route=\/wp\/v2\/posts\/3346\/revisions"}],"predecessor-version":[{"id":3348,"href":"https:\/\/insideamateurfussball-ffm.de\/index.php?rest_route=\/wp\/v2\/posts\/3346\/revisions\/3348"}],"wp:attachment":[{"href":"https:\/\/insideamateurfussball-ffm.de\/index.php?rest_route=%2Fwp%2Fv2%2Fmedia&parent=3346"}],"wp:term":[{"taxonomy":"category","embeddable":true,"href":"https:\/\/insideamateurfussball-ffm.de\/index.php?rest_route=%2Fwp%2Fv2%2Fcategories&post=3346"},{"taxonomy":"post_tag","embeddable":true,"href":"https:\/\/insideamateurfussball-ffm.de\/index.php?rest_route=%2Fwp%2Fv2%2Ftags&post=3346"}],"curies":[{"name":"wp","href":"https:\/\/api.w.org\/{rel}","templated":true}]}}