{"id":3316,"date":"2022-10-17T23:25:41","date_gmt":"2022-10-17T21:25:41","guid":{"rendered":"http:\/\/insideamateurfussball-ffm.de\/?p=3316"},"modified":"2025-01-09T16:03:35","modified_gmt":"2025-01-09T15:03:35","slug":"seckbach-holt-bonuspunkt-im-abstiegskampf","status":"publish","type":"post","link":"https:\/\/insideamateurfussball-ffm.de\/?p=3316","title":{"rendered":"Seckbach holt Bonuspunkt im Abstiegskampf"},"content":{"rendered":"<h5><span style=\"font-size: 16px;\">Die FG Seckbach nahm am Sonntag in der Gruppenliga Frankfurt West einen Punkt aus dem schwierigen Ausw\u00e4rtsspiel beim T\u00fcrkischen SV Bad Nauheim mit. Der reaktivierte Routinier Jonas Scheitza hatte mit zwei Toren ma\u00dfgeblichen Anteil am Punktgewinn im Abstiegskampf.\u00a0\u00a0<\/span><\/h5>\n<figure id=\"attachment_3317\" aria-describedby=\"caption-attachment-3317\" style=\"width: 312px\" class=\"wp-caption alignnone\"><img loading=\"lazy\" decoding=\"async\" class=\"wp-image-3317\" src=\"http:\/\/insideamateurfussball-ffm.de\/wp-content\/uploads\/2022\/10\/kalbachvsseckbach-05-300x200.jpg\" alt=\"\" width=\"312\" height=\"208\" \/><figcaption id=\"caption-attachment-3317\" class=\"wp-caption-text\"><strong>Die FG Seckbach, hier in roter Spielkleidung beim Ausw\u00e4rtsspiel in Kalbach, holte in Bad Nauheim einen Punkt. Foto: Anzzo Sports.<\/strong><\/figcaption><\/figure>\n<h5><span style=\"font-size: 16px;\">T\u00fcrkischer SV Bad Nauheim &#8211; FG Seckbach 2:2 (1:2)<\/span><\/h5>\n<p><img loading=\"lazy\" decoding=\"async\" class=\"alignnone size-full wp-image-2300\" src=\"http:\/\/insideamateurfussball-ffm.de\/wp-content\/uploads\/2022\/08\/TSVBN.jpg\" alt=\"\" width=\"80\" height=\"80\" \/><img loading=\"lazy\" decoding=\"async\" class=\"alignnone size-full wp-image-544\" src=\"http:\/\/insideamateurfussball-ffm.de\/wp-content\/uploads\/2022\/06\/Seckbach.jpg\" alt=\"\" width=\"80\" height=\"80\" \/><\/p>\n<p><span style=\"font-size: 16px; color: #003300;\">Beide Seckbacher Treffer markierte Routinier Jonas Scheitza (6.\/24.). Beim ersten Tor traf er per Seitfallzieher, den zweiten markierte der Ex-Kelsterbacher nach einer Ecke mit einem Kopfball. Bad Nauheim konnte mit Noah P\u00f6litz (8.\/Freisto\u00df) und Luis Raul Kundel Vazquez (48.) jeweils ausgleichen. Seckbachs Spielertrainer Manuel May war mit dem Punktgewinn im Abstiegskampf zufrieden: &#8222;Wir haben dem Spitzenteam einen offenen Schlagabtausch geliefert und eine gute Teamleistung gebracht.&#8220;<\/span><\/p>\n<h5><span style=\"font-size: 16px;\">Schiedsrichter: Johannes Stark (Breidenstein). Zuschauer: 110. <\/span><\/h5>\n<h5><span style=\"font-size: 16px;\">Tore: 0:1 Jonas Scheitza (6.), 1:1 Noah P\u00f6litz (8.), 1:2 Jonas Scheitza (24.), 2:2 Luis Raul Kundel Vazquez (48.).<\/span><\/h5>\n","protected":false},"excerpt":{"rendered":"<p>Die FG Seckbach nahm am Sonntag in der Gruppenliga Frankfurt West einen Punkt aus dem schwierigen Ausw\u00e4rtsspiel beim T\u00fcrkischen SV Bad Nauheim mit. Der reaktivierte Routinier Jonas Scheitza hatte mit zwei Toren ma\u00dfgeblichen Anteil am Punktgewinn im Abstiegskampf.\u00a0\u00a0 T\u00fcrkischer SV Bad Nauheim &#8211; FG Seckbach 2:2 (1:2) Beide Seckbacher Treffer markierte Routinier Jonas Scheitza (6.\/24.). [&hellip;]<\/p>\n","protected":false},"author":1,"featured_media":0,"comment_status":"open","ping_status":"open","sticky":false,"template":"","format":"standard","meta":{"footnotes":""},"categories":[13],"tags":[],"class_list":["post-3316","post","type-post","status-publish","format-standard","hentry","category-gruppenliga-frankfurt-west"],"_links":{"self":[{"href":"https:\/\/insideamateurfussball-ffm.de\/index.php?rest_route=\/wp\/v2\/posts\/3316","targetHints":{"allow":["GET"]}}],"collection":[{"href":"https:\/\/insideamateurfussball-ffm.de\/index.php?rest_route=\/wp\/v2\/posts"}],"about":[{"href":"https:\/\/insideamateurfussball-ffm.de\/index.php?rest_route=\/wp\/v2\/types\/post"}],"author":[{"embeddable":true,"href":"https:\/\/insideamateurfussball-ffm.de\/index.php?rest_route=\/wp\/v2\/users\/1"}],"replies":[{"embeddable":true,"href":"https:\/\/insideamateurfussball-ffm.de\/index.php?rest_route=%2Fwp%2Fv2%2Fcomments&post=3316"}],"version-history":[{"count":2,"href":"https:\/\/insideamateurfussball-ffm.de\/index.php?rest_route=\/wp\/v2\/posts\/3316\/revisions"}],"predecessor-version":[{"id":3319,"href":"https:\/\/insideamateurfussball-ffm.de\/index.php?rest_route=\/wp\/v2\/posts\/3316\/revisions\/3319"}],"wp:attachment":[{"href":"https:\/\/insideamateurfussball-ffm.de\/index.php?rest_route=%2Fwp%2Fv2%2Fmedia&parent=3316"}],"wp:term":[{"taxonomy":"category","embeddable":true,"href":"https:\/\/insideamateurfussball-ffm.de\/index.php?rest_route=%2Fwp%2Fv2%2Fcategories&post=3316"},{"taxonomy":"post_tag","embeddable":true,"href":"https:\/\/insideamateurfussball-ffm.de\/index.php?rest_route=%2Fwp%2Fv2%2Ftags&post=3316"}],"curies":[{"name":"wp","href":"https:\/\/api.w.org\/{rel}","templated":true}]}}