{"id":3307,"date":"2022-10-17T22:23:40","date_gmt":"2022-10-17T20:23:40","guid":{"rendered":"http:\/\/insideamateurfussball-ffm.de\/?p=3307"},"modified":"2025-01-09T16:03:51","modified_gmt":"2025-01-09T15:03:51","slug":"bosnier-reko-und-hasecic-eiskalt-51","status":"publish","type":"post","link":"https:\/\/insideamateurfussball-ffm.de\/?p=3307","title":{"rendered":"Bosnier Reko und Hasecic eiskalt &#8211; 5:1!"},"content":{"rendered":"<h5><span style=\"font-size: 16px;\">Der SV BKC Bosnien besiegte am Sonntag in der Gruppenliga Frankfurt West die Usinger TSG mit 5:1 (2:1). Der Verbandsliga-Absteiger konnte damit an der Ackermannwiese seine sieben Spiele anhaltende Negativserie stoppen.\u00a0<\/span><\/h5>\n<figure id=\"attachment_3308\" aria-describedby=\"caption-attachment-3308\" style=\"width: 311px\" class=\"wp-caption alignnone\"><img loading=\"lazy\" decoding=\"async\" class=\"wp-image-3308\" src=\"http:\/\/insideamateurfussball-ffm.de\/wp-content\/uploads\/2022\/10\/tr14-300x222.jpg\" alt=\"\" width=\"311\" height=\"230\" \/><figcaption id=\"caption-attachment-3308\" class=\"wp-caption-text\"><strong>Trotz des Fehlens von Bosniens Kapit\u00e4n Husejn Mevkic gelang ein 5:1-Sieg. Archivbild: Mithat G\u00fcrser. <\/strong><\/figcaption><\/figure>\n<h5><span style=\"font-size: 16px;\">SV BKC Bosnien &#8211; Usinger TSG 5:1 (2:1)<\/span><\/h5>\n<p><img loading=\"lazy\" decoding=\"async\" class=\"alignnone size-full wp-image-139\" src=\"http:\/\/insideamateurfussball-ffm.de\/wp-content\/uploads\/2022\/05\/Bosnien.jpg\" alt=\"\" width=\"79\" height=\"80\" \/><img loading=\"lazy\" decoding=\"async\" class=\"alignnone size-full wp-image-597\" src=\"http:\/\/insideamateurfussball-ffm.de\/wp-content\/uploads\/2022\/06\/UTSG.jpg\" alt=\"\" width=\"72\" height=\"80\" \/><\/p>\n<p><span style=\"font-size: 16px; color: #003300;\">Bosniens Sportlicher Leiter Asmir Husanovic war nach sieben sieglosen Spielen erleichtert: &#8222;Zwei Gr\u00fcnde waren f\u00fcr den klaren Sieg ausschlaggebend. Zum einen lieferten wir eine geschlossene Mannschaftsleistung ab, zum anderen waren wir mit unseren St\u00fcrmern Hamza Reko und Adis Hasecic eiskalt in der Chancenauswertung.&#8220; Reko brachte die Bosnier mit einem Freisto\u00dftor in F\u00fchrung (26.), die der Usinger Routinier Tim Tilger mit einem Foulelfmeter ausglich (40.). Sekunden vor dem Halbzeitpfiff wurde Reko im Strafraum gelegt und es gab auch Strafsto\u00df f\u00fcr die Gastgeber, den Hasecic verwandelte (45.). Nach dem Seitenwechsel zeigten sich erneut Reko (58.) und Hasecic (64.\/73.) treffsicher.<\/span><\/p>\n<h5><span style=\"font-size: 16px;\">Schiedsrichter: David Bischoff (B\u00fcdingen). Zuschauer: 130. <\/span><\/h5>\n<h5><span style=\"font-size: 16px;\">Tore: 1:0 Hamza Reko (26.), 1:1 Tim Tilger (40.\/Foulelfmeter), 2:1 Adis Hasecic (45.\/Foulelfmeter), 3:1 Hamza Reko (58.), 4:1, 5:1 Adis Hasecic (64.\/73.).<\/span><\/h5>\n","protected":false},"excerpt":{"rendered":"<p>Der SV BKC Bosnien besiegte am Sonntag in der Gruppenliga Frankfurt West die Usinger TSG mit 5:1 (2:1). Der Verbandsliga-Absteiger konnte damit an der Ackermannwiese seine sieben Spiele anhaltende Negativserie stoppen.\u00a0 SV BKC Bosnien &#8211; Usinger TSG 5:1 (2:1) Bosniens Sportlicher Leiter Asmir Husanovic war nach sieben sieglosen Spielen erleichtert: &#8222;Zwei Gr\u00fcnde waren f\u00fcr den [&hellip;]<\/p>\n","protected":false},"author":1,"featured_media":0,"comment_status":"open","ping_status":"open","sticky":false,"template":"","format":"standard","meta":{"footnotes":""},"categories":[13],"tags":[],"class_list":["post-3307","post","type-post","status-publish","format-standard","hentry","category-gruppenliga-frankfurt-west"],"_links":{"self":[{"href":"https:\/\/insideamateurfussball-ffm.de\/index.php?rest_route=\/wp\/v2\/posts\/3307","targetHints":{"allow":["GET"]}}],"collection":[{"href":"https:\/\/insideamateurfussball-ffm.de\/index.php?rest_route=\/wp\/v2\/posts"}],"about":[{"href":"https:\/\/insideamateurfussball-ffm.de\/index.php?rest_route=\/wp\/v2\/types\/post"}],"author":[{"embeddable":true,"href":"https:\/\/insideamateurfussball-ffm.de\/index.php?rest_route=\/wp\/v2\/users\/1"}],"replies":[{"embeddable":true,"href":"https:\/\/insideamateurfussball-ffm.de\/index.php?rest_route=%2Fwp%2Fv2%2Fcomments&post=3307"}],"version-history":[{"count":1,"href":"https:\/\/insideamateurfussball-ffm.de\/index.php?rest_route=\/wp\/v2\/posts\/3307\/revisions"}],"predecessor-version":[{"id":3309,"href":"https:\/\/insideamateurfussball-ffm.de\/index.php?rest_route=\/wp\/v2\/posts\/3307\/revisions\/3309"}],"wp:attachment":[{"href":"https:\/\/insideamateurfussball-ffm.de\/index.php?rest_route=%2Fwp%2Fv2%2Fmedia&parent=3307"}],"wp:term":[{"taxonomy":"category","embeddable":true,"href":"https:\/\/insideamateurfussball-ffm.de\/index.php?rest_route=%2Fwp%2Fv2%2Fcategories&post=3307"},{"taxonomy":"post_tag","embeddable":true,"href":"https:\/\/insideamateurfussball-ffm.de\/index.php?rest_route=%2Fwp%2Fv2%2Ftags&post=3307"}],"curies":[{"name":"wp","href":"https:\/\/api.w.org\/{rel}","templated":true}]}}