{"id":327,"date":"2022-05-22T21:42:56","date_gmt":"2022-05-22T21:42:56","guid":{"rendered":"http:\/\/insideamateurfussball-ffm.de\/?p=327"},"modified":"2024-12-17T12:48:50","modified_gmt":"2024-12-17T10:48:50","slug":"sascha-amstaetter-soll-oberrad-retten","status":"publish","type":"post","link":"https:\/\/insideamateurfussball-ffm.de\/?p=327","title":{"rendered":"Sascha Amst\u00e4tter soll Oberrad retten"},"content":{"rendered":"<h4>Nach dem viertletzten Spieltag in der Fu\u00dfball-Verbandsliga S\u00fcd sind einige Entscheidungen gefallen. Der SV Unter-Flockenbach ist Meister und Aufsteiger in die Hessenliga. Die Odenw\u00e4lder erhielten die drei Punkte aus der Partie gegen den als Absteiger feststehenden Tabellenletzten Germania Gro\u00dfkrotzenburg kampflos, da die G\u00e4ste keine Mannschaft stellen konnten. Neben Gro\u00dfkrotzenburg und dem VfB Ginsheim II steht nach der 1:5-Niederlage bei Rot-Wei\u00df Darmstadt der SV BKC Bosnien als dritter Absteiger fest.<\/h4>\n<h4>Rot-Wei\u00df Darmstadt &#8211; SV BKC Bosnien 5:1 (2:1)<\/h4>\n<p><img loading=\"lazy\" decoding=\"async\" class=\"alignnone size-full wp-image-328\" src=\"http:\/\/insideamateurfussball-ffm.de\/wp-content\/uploads\/2022\/05\/RWDA.png\" alt=\"\" width=\"76\" height=\"80\" \/><img loading=\"lazy\" decoding=\"async\" class=\"alignnone size-full wp-image-139\" src=\"http:\/\/insideamateurfussball-ffm.de\/wp-content\/uploads\/2022\/05\/Bosnien.jpg\" alt=\"\" width=\"79\" height=\"80\" \/><\/p>\n<p>Zehn Punkte R\u00fcckstand auf den ersten Nichtabstiegsplatz sind in den drei ausstehenden Partien nicht mehr aufzuholen. &#8222;Jetzt haben wir die Gewissheit und m\u00fcssen endg\u00fcltig f\u00fcr die Gruppenliga planen&#8220;, sagte BKC-Pressesprecher Admir Malohodzic nach der Niederlage beim neuen Tabellenzweiten. Die Gastgeber waren per Handelfmeter durch Patrick Bohn in F\u00fchrung gegangen (5.). Per Kopfball erh\u00f6hte Nick Neumann nach einer Freisto\u00dfflanke (9.). Kurz vor dem Seitenwechsel verk\u00fcrzte Bosniens Torj\u00e4ger Kodai Hayashi mit einem Foulelfmeter auf 2:1 (45.+2). Im zweiten Abschnitt bekam Darmstadt erneut einen Handelfmeter zugesprochen, den wiederum Bohn verwandelte (53.). Einen von Felix Kalbfleisch abgelaufenen Konter schloss Luciano Pepe zum vierten Heimtreffer ab (57.). Ab der 61. Minute spielten die Frankfurter mit einem Mann weniger, da Denis Adrovic mit &#8222;Gelb-Rot&#8220; vom Feld geschickt wurde. Den Schlusspunkt setzte Bohn, der nach einem Foulspiel im Strafraum seinen dritten Elfmeter im Tor der Bosnier versenkte (79.).<\/p>\n<h4>Spvgg. Oberrad &#8211; Eintracht Wald-Michelbach 0:3 (0:1)<\/h4>\n<p><img loading=\"lazy\" decoding=\"async\" class=\"alignnone size-full wp-image-137\" src=\"http:\/\/insideamateurfussball-ffm.de\/wp-content\/uploads\/2022\/05\/Oberrad05.jpg\" alt=\"\" width=\"79\" height=\"80\" \/><img loading=\"lazy\" decoding=\"async\" class=\"alignnone size-full wp-image-140\" src=\"http:\/\/insideamateurfussball-ffm.de\/wp-content\/uploads\/2022\/05\/ETW.jpg\" alt=\"\" width=\"79\" height=\"80\" \/><\/p>\n<p><img loading=\"lazy\" decoding=\"async\" class=\"alignnone size-medium wp-image-330\" src=\"http:\/\/insideamateurfussball-ffm.de\/wp-content\/uploads\/2022\/05\/zeilsh5-300x217.jpg\" alt=\"\" width=\"300\" height=\"217\" \/><\/p>\n<p>Erneuter Trainerwechsel in Oberrad: \u00dcberraschend nahm Ex-Profi Sascha Amst\u00e4tter auf der Bank Platz, ohne auch nur einmal mit der Mannschaft trainiert zu haben. Der fr\u00fchere Trainer des SV Zeilsheim ist mit sofortiger Wirkung Nachfolger von Roland Stipp, der von der Vereinsf\u00fchrung erst vor f\u00fcnf Wochen vom Co- zum Cheftrainer ernannt worden war. Weitere Hintergr\u00fcnde zum Trainerwechsel wollte der Vorsitzende Stefan Uhl nicht nennen und verwies auf eine entsprechende Pressemitteilung in der kommenden Woche. Amst\u00e4tter sagte zu seiner Verpflichtung: &#8222;Wir standen in Gespr\u00e4chen f\u00fcr die kommende Saison. Nun gab es neue Entwicklungen und ich sollte die Mannschaft am Mittwoch im Nachholspiel gegen Unter-Flockenbach \u00fcbernehmen. Ich wurde am Sonntag gebeten, jetzt schon einzusteigen, da mein Vorg\u00e4nger nicht mehr zur Verf\u00fcgung steht.&#8220; Oberrad hielt zun\u00e4chst gegen die G\u00e4ste aus dem Odenwald gut mit, spielte relativ gef\u00e4llig nach vorne und holte viele Eckb\u00e4lle heraus, aus denen kein Profit gezogen werden konnte. Mit dem Halbzeitpfiff gingen die G\u00e4ste durch Lars-Eric Schwinn in F\u00fchrung (45.). Kurz nach Wiederbeginn unterlief dem Oberr\u00e4der Sevki Cevik ein Eigentor (49.). &#8222;Da hat man die Verunsicherung gesehen&#8220;, meinte Amst\u00e4tter, der unabh\u00e4ngig von der Klassenzugeh\u00f6rigkeit zugesagt hat. Die beste Chance der Gastgeber vergab Masse Bell Bell, als ihn G\u00e4stetormann Tyron Darffour anschoss und der Ball \u00fcber das Tor ging. In der 90. Minute setzte Vassilis Chatzigiannakis den Schlusspunkt.<\/p>\n<h4>Spvgg. Neu-Isenburg &#8211; SG Bornheim\/Gr\u00fcn-Weiss 6:1 (3:0)<\/h4>\n<p><img loading=\"lazy\" decoding=\"async\" class=\"alignnone size-full wp-image-329\" src=\"http:\/\/insideamateurfussball-ffm.de\/wp-content\/uploads\/2022\/05\/Neu-Is.jpg\" alt=\"\" width=\"80\" height=\"80\" \/><img loading=\"lazy\" decoding=\"async\" class=\"alignnone size-full wp-image-119\" src=\"http:\/\/insideamateurfussball-ffm.de\/wp-content\/uploads\/2022\/05\/Bornheim.jpg\" alt=\"\" width=\"80\" height=\"80\" \/><\/p>\n<p>Angesichts der Torflaute der Gastgeber in den letzten Spielen kam der hohe Sieg gegen die stark ersatzgeschw\u00e4chten Bornheimer doch etwas \u00fcberraschend daher. &#8222;Der Sieg der Gastgeber war aber verdient. Sie waren uns von der Physis her \u00fcberlegen&#8220;, meinte Bornheims Trainer Sascha Volk. Da es f\u00fcr die Reserve in der A-Klasse um den Aufstieg geht wurde Kapit\u00e4n Niklas Troll nach &#8222;unten&#8220; abgegeben. Im Kader standen stattdessen einige U19-Spieler sowie ein untrainierter Akteur. &#8222;Wir haben es Neu-Isenburg beim Toreschie\u00dfen zu leicht gemacht. Da muss man auch mal den Ball wegschlagen&#8220;, so Volk. Tore: 1:0 Emanuel Essome (20.), 2:0 Philipp Hochstein (23.), 3:0 Ahmed Diack (31.), 4:0 Filip Rubic (53.), 4:1 Marius Troll (56.), 5:1 Leon Hammel (72.), 5:1 Marc Z\u00fcge (90.).<\/p>\n","protected":false},"excerpt":{"rendered":"<p>Nach dem viertletzten Spieltag in der Fu\u00dfball-Verbandsliga S\u00fcd sind einige Entscheidungen gefallen. Der SV Unter-Flockenbach ist Meister und Aufsteiger in die Hessenliga. Die Odenw\u00e4lder erhielten die drei Punkte aus der Partie gegen den als Absteiger feststehenden Tabellenletzten Germania Gro\u00dfkrotzenburg kampflos, da die G\u00e4ste keine Mannschaft stellen konnten. Neben Gro\u00dfkrotzenburg und dem VfB Ginsheim II steht [&hellip;]<\/p>\n","protected":false},"author":1,"featured_media":0,"comment_status":"open","ping_status":"open","sticky":false,"template":"","format":"standard","meta":{"footnotes":""},"categories":[10],"tags":[],"class_list":["post-327","post","type-post","status-publish","format-standard","hentry","category-verbandsliga-sued"],"_links":{"self":[{"href":"https:\/\/insideamateurfussball-ffm.de\/index.php?rest_route=\/wp\/v2\/posts\/327","targetHints":{"allow":["GET"]}}],"collection":[{"href":"https:\/\/insideamateurfussball-ffm.de\/index.php?rest_route=\/wp\/v2\/posts"}],"about":[{"href":"https:\/\/insideamateurfussball-ffm.de\/index.php?rest_route=\/wp\/v2\/types\/post"}],"author":[{"embeddable":true,"href":"https:\/\/insideamateurfussball-ffm.de\/index.php?rest_route=\/wp\/v2\/users\/1"}],"replies":[{"embeddable":true,"href":"https:\/\/insideamateurfussball-ffm.de\/index.php?rest_route=%2Fwp%2Fv2%2Fcomments&post=327"}],"version-history":[{"count":1,"href":"https:\/\/insideamateurfussball-ffm.de\/index.php?rest_route=\/wp\/v2\/posts\/327\/revisions"}],"predecessor-version":[{"id":331,"href":"https:\/\/insideamateurfussball-ffm.de\/index.php?rest_route=\/wp\/v2\/posts\/327\/revisions\/331"}],"wp:attachment":[{"href":"https:\/\/insideamateurfussball-ffm.de\/index.php?rest_route=%2Fwp%2Fv2%2Fmedia&parent=327"}],"wp:term":[{"taxonomy":"category","embeddable":true,"href":"https:\/\/insideamateurfussball-ffm.de\/index.php?rest_route=%2Fwp%2Fv2%2Fcategories&post=327"},{"taxonomy":"post_tag","embeddable":true,"href":"https:\/\/insideamateurfussball-ffm.de\/index.php?rest_route=%2Fwp%2Fv2%2Ftags&post=327"}],"curies":[{"name":"wp","href":"https:\/\/api.w.org\/{rel}","templated":true}]}}