{"id":3256,"date":"2022-10-17T19:06:52","date_gmt":"2022-10-17T17:06:52","guid":{"rendered":"http:\/\/insideamateurfussball-ffm.de\/?p=3256"},"modified":"2025-01-09T16:04:15","modified_gmt":"2025-01-09T15:04:15","slug":"bad-vilbel-rennt-fruehen-roth-toren-hinterher","status":"publish","type":"post","link":"https:\/\/insideamateurfussball-ffm.de\/?p=3256","title":{"rendered":"Bad Vilbel rennt fr\u00fchen Roth-Toren hinterher"},"content":{"rendered":"<h5><span style=\"font-size: 16px;\">Nach f\u00fcnf Spielen ohne Niederlage musste der FV Bad Vilbel am Sonntag in der Verbandsliga S\u00fcd wieder eine Niederlage hinnehmen. Bei der Turnerschaft Ober-Roden unterlag das Team von Trainer Amir Mustafic mit 1:2 (0:2) und musste dabei zwei fr\u00fchen Gegentoren hinterher rennen. Trotz der Niederlage stehen die Wetterauer noch auf Rang zw\u00f6lf und empfangen am kommenden Freitag Aufsteiger Sportfreunde Seligenstadt am Niddasportfeld (19.30 Uhr).\u00a0<\/span><\/h5>\n<figure id=\"attachment_3257\" aria-describedby=\"caption-attachment-3257\" style=\"width: 310px\" class=\"wp-caption alignnone\"><img loading=\"lazy\" decoding=\"async\" class=\"wp-image-3257\" src=\"http:\/\/insideamateurfussball-ffm.de\/wp-content\/uploads\/2022\/10\/Kandelski-300x300.jpg\" alt=\"\" width=\"310\" height=\"310\" srcset=\"https:\/\/insideamateurfussball-ffm.de\/wp-content\/uploads\/2022\/10\/Kandelski-300x300.jpg 300w, https:\/\/insideamateurfussball-ffm.de\/wp-content\/uploads\/2022\/10\/Kandelski-150x150.jpg 150w, https:\/\/insideamateurfussball-ffm.de\/wp-content\/uploads\/2022\/10\/Kandelski-768x768.jpg 768w, https:\/\/insideamateurfussball-ffm.de\/wp-content\/uploads\/2022\/10\/Kandelski.jpg 960w\" sizes=\"auto, (max-width: 310px) 100vw, 310px\" \/><figcaption id=\"caption-attachment-3257\" class=\"wp-caption-text\"><strong>Der Bad Vilbeler Giorgi Kandelaki am Ball. Foto: Jan Werner. <\/strong><\/figcaption><\/figure>\n<h5><span style=\"font-size: 16px;\">TS Ober-Roden &#8211; FV Bad Vilbel 2:1 (2:0)<\/span><\/h5>\n<p><img loading=\"lazy\" decoding=\"async\" class=\"alignnone size-full wp-image-256\" src=\"http:\/\/insideamateurfussball-ffm.de\/wp-content\/uploads\/2022\/05\/TS-Ober-Roden.jpg\" alt=\"\" width=\"69\" height=\"80\" \/><img loading=\"lazy\" decoding=\"async\" class=\"alignnone size-full wp-image-146\" src=\"http:\/\/insideamateurfussball-ffm.de\/wp-content\/uploads\/2022\/05\/FV-Bad-Vilbel.jpg\" alt=\"\" width=\"80\" height=\"80\" \/><\/p>\n<p><span style=\"font-size: 16px; color: #003300;\">Dass die Vilbeler Serie beim Besuch im R\u00f6dermarker Stadtteil erstmal gestoppt wurde, lag vor allem an den beiden Toren von TSO-Torj\u00e4ger Luis Roth in der Anfangsphase. Auf Zuspiel von Patrick Bleibdrey \u00fcberwand Roth FV-Torh\u00fcter Robin Orband zum 1:0 (11.). Drei Minuten sp\u00e4ter versenkte Roth einen Freisto\u00df direkt und es stand 2:0 f\u00fcr die Platzherren (14.). Mit unver\u00e4nderter Startelf war Bad Vilbel auf dem Rasenplatz aufgelaufen, traf durch Visar Gashi in der 25. Minute den Pfosten und verpasste so fr\u00fch den Anschlusstreffer, um der Partie eine Wendung geben zu k\u00f6nnen. Erst mit dem Schlusspfiff verwandelte Kapit\u00e4n Vladimiros Safaridis noch einen Foulelfmeter (90.\/+2), f\u00fcr einen Punktgewinn beim Tabellenf\u00fcnften war das nicht ausreichend.\u00a0\u00a0<\/span><\/p>\n<h5><span style=\"font-size: 16px;\">Schiedsrichter: Maximilian Lotz (Schr\u00f6ck). Zuschauer: 165. <\/span><\/h5>\n<h5><span style=\"font-size: 16px;\">Tore: 1:0, 2:0 Luis Roth (11.\/14.), 2:1 Vladimiros Safaridis (90.\/+2, Foulelfmeter).<\/span><\/h5>\n<p><span style=\"font-size: 16px; color: #003300;\">Danke f\u00fcr die Bilder an Jan Werner.\u00a0<\/span><\/p>\n\n\n<div class=\"wp-block-columns is-layout-flex wp-container-core-columns-is-layout-28f84493 wp-block-columns-is-layout-flex\">\n<div class=\"wp-block-column is-layout-flow wp-block-column-is-layout-flow\">\n<figure class=\"wp-block-image size-large is-style-default\"><img decoding=\"async\" src=\"http:\/\/insideamateurfussball-ffm.de\/wp-content\/uploads\/2022\/10\/IMG_0025-1024x683.jpg\" alt=\"\" class=\"wp-image-3250\"\/><\/figure>\n<\/div>\n\n\n\n<div class=\"wp-block-column is-layout-flow wp-block-column-is-layout-flow\">\n<figure class=\"wp-block-image size-large is-style-default\"><img decoding=\"async\" src=\"http:\/\/insideamateurfussball-ffm.de\/wp-content\/uploads\/2022\/10\/IMG_0008-1024x683.jpg\" alt=\"\" class=\"wp-image-3251\"\/><\/figure>\n<\/div>\n\n\n\n<div class=\"wp-block-column is-layout-flow wp-block-column-is-layout-flow\">\n<figure class=\"wp-block-image size-large is-style-default\"><img decoding=\"async\" src=\"http:\/\/insideamateurfussball-ffm.de\/wp-content\/uploads\/2022\/10\/IMG_0003-1024x683.jpg\" alt=\"\" class=\"wp-image-3249\"\/><\/figure>\n<\/div>\n<\/div>\n","protected":false},"excerpt":{"rendered":"<p>Nach f\u00fcnf Spielen ohne Niederlage musste der FV Bad Vilbel am Sonntag in der Verbandsliga S\u00fcd wieder eine Niederlage hinnehmen. Bei der Turnerschaft Ober-Roden unterlag das Team von Trainer Amir Mustafic mit 1:2 (0:2) und musste dabei zwei fr\u00fchen Gegentoren hinterher rennen. Trotz der Niederlage stehen die Wetterauer noch auf Rang zw\u00f6lf und empfangen am [&hellip;]<\/p>\n","protected":false},"author":1,"featured_media":3257,"comment_status":"open","ping_status":"open","sticky":false,"template":"","format":"standard","meta":{"footnotes":""},"categories":[10],"tags":[],"class_list":["post-3256","post","type-post","status-publish","format-standard","has-post-thumbnail","hentry","category-verbandsliga-sued"],"_links":{"self":[{"href":"https:\/\/insideamateurfussball-ffm.de\/index.php?rest_route=\/wp\/v2\/posts\/3256","targetHints":{"allow":["GET"]}}],"collection":[{"href":"https:\/\/insideamateurfussball-ffm.de\/index.php?rest_route=\/wp\/v2\/posts"}],"about":[{"href":"https:\/\/insideamateurfussball-ffm.de\/index.php?rest_route=\/wp\/v2\/types\/post"}],"author":[{"embeddable":true,"href":"https:\/\/insideamateurfussball-ffm.de\/index.php?rest_route=\/wp\/v2\/users\/1"}],"replies":[{"embeddable":true,"href":"https:\/\/insideamateurfussball-ffm.de\/index.php?rest_route=%2Fwp%2Fv2%2Fcomments&post=3256"}],"version-history":[{"count":1,"href":"https:\/\/insideamateurfussball-ffm.de\/index.php?rest_route=\/wp\/v2\/posts\/3256\/revisions"}],"predecessor-version":[{"id":3258,"href":"https:\/\/insideamateurfussball-ffm.de\/index.php?rest_route=\/wp\/v2\/posts\/3256\/revisions\/3258"}],"wp:featuredmedia":[{"embeddable":true,"href":"https:\/\/insideamateurfussball-ffm.de\/index.php?rest_route=\/wp\/v2\/media\/3257"}],"wp:attachment":[{"href":"https:\/\/insideamateurfussball-ffm.de\/index.php?rest_route=%2Fwp%2Fv2%2Fmedia&parent=3256"}],"wp:term":[{"taxonomy":"category","embeddable":true,"href":"https:\/\/insideamateurfussball-ffm.de\/index.php?rest_route=%2Fwp%2Fv2%2Fcategories&post=3256"},{"taxonomy":"post_tag","embeddable":true,"href":"https:\/\/insideamateurfussball-ffm.de\/index.php?rest_route=%2Fwp%2Fv2%2Ftags&post=3256"}],"curies":[{"name":"wp","href":"https:\/\/api.w.org\/{rel}","templated":true}]}}