{"id":3252,"date":"2022-10-17T17:03:46","date_gmt":"2022-10-17T15:03:46","guid":{"rendered":"http:\/\/insideamateurfussball-ffm.de\/?p=3252"},"modified":"2025-01-09T16:04:21","modified_gmt":"2025-01-09T15:04:21","slug":"zeilsheim-gewinnt-bei-neuling-biedenkopf","status":"publish","type":"post","link":"https:\/\/insideamateurfussball-ffm.de\/?p=3252","title":{"rendered":"Zeilsheim gewinnt bei Neuling Biedenkopf"},"content":{"rendered":"<h5><span style=\"font-size: 16px;\">Erstmals war der SV Zeilsheim in der Verbandsliga Mitte bei Neuling VfL Biedenkopf zu Gast. In der N\u00e4he zur Grenze zum Bundesland Nordrhein-Westfalen gewann der Hessenliga-Absteiger das Ausw\u00e4rtsspiel mit 2:1 (1:0) und verbesserte sich in der Tabelle auf Rang drei. Zwar ist Tabellenf\u00fchrer VfB Marburg schon etwas enteilt, aber der Rangzweite FC Ederbergland ist mit vier Punkten Distanz noch in Sichtweite.\u00a0<\/span><\/h5>\n<figure id=\"attachment_3253\" aria-describedby=\"caption-attachment-3253\" style=\"width: 310px\" class=\"wp-caption alignnone\"><img loading=\"lazy\" decoding=\"async\" class=\"wp-image-3253\" src=\"http:\/\/insideamateurfussball-ffm.de\/wp-content\/uploads\/2022\/10\/13-Kollektives-abklatschen-nach-dem-Fuehrungstreffer-von-Goalgetter-Samed-Guersoy-300x246.jpg\" alt=\"\" width=\"310\" height=\"255\" \/><figcaption id=\"caption-attachment-3253\" class=\"wp-caption-text\"><strong>Zeilsheims Torj\u00e4ger Abdussamed G\u00fcrsoy sorgt f\u00fcr kollektiven Jubel bei den &#8222;Gr\u00fcnen&#8220;. Foto: Peter Strauch.<\/strong><\/figcaption><\/figure>\n<h5><span style=\"font-size: 16px;\">VfL Biedenkopf &#8211; SV Zeilsheim 1:2 (0:1)<\/span><\/h5>\n<p><img loading=\"lazy\" decoding=\"async\" class=\"alignnone size-full wp-image-3254\" src=\"http:\/\/insideamateurfussball-ffm.de\/wp-content\/uploads\/2022\/10\/Biedenkopf.png\" alt=\"\" width=\"60\" height=\"80\" \/><img loading=\"lazy\" decoding=\"async\" class=\"alignnone size-full wp-image-1153\" src=\"http:\/\/insideamateurfussball-ffm.de\/wp-content\/uploads\/2022\/07\/SVZe.jpg\" alt=\"\" width=\"68\" height=\"80\" \/><\/p>\n<div data-canvas-width=\"157.31466666666665\"><span style=\"color: #003300;\">Ein Spaziergang war der Erfolg der Frankfurter Vorst\u00e4dter am Ende jedoch nicht. F\u00fcr die F\u00fchrung des SV sorgte wieder einmal Abdussamed G\u00fcrsoy per Freisto\u00df. In der 18. Minute\u00a0traf der Zeilsheimer St\u00fcrmer ins Schwarze. Biedenkopfs Dennis Rakowski h\u00e4tte nur eine Minute sp\u00e4ter ausgleichen k\u00f6nnen, scheiterte jedoch an Keeper Marvin Vester. <\/span><\/div>\n<div data-canvas-width=\"157.31466666666665\"><\/div>\n<div data-canvas-width=\"157.31466666666665\"><span style=\"color: #003300;\">Der SV kontrollierte zusehends die Partie und h\u00e4tte durch G\u00fcrsoy und Amer Vrcic nachlegen k\u00f6nnen. Dies gelang den Gr\u00fcn-Wei\u00dfen in der 49. Minute. Der eingewechselte Timo Kunert legte auf Pierre Massfeller auf, der m\u00fchelos das 2:0 erzielen konnte, womit die Partie gelaufen schien!<\/span><\/div>\n<h5 data-canvas-width=\"157.31466666666665\"><span style=\"font-size: 16px;\">Zeilsheim rutscht in der Tabelle nach oben<\/span><\/h5>\n<div data-canvas-width=\"157.31466666666665\"><span style=\"color: #003300;\">Doch Zeilsheim verpasste es, den Sack zuzumachen. Reihenweise wurden gute Torgelegenheiten u.a. durch G\u00fcrsoy und Patryk Kuras vergeben. Biedenkopf steckte nicht auf und kam, nach der Gelb-Roten Karte (83.) gegen Furkan T\u00fcrksoy (Meckern und Foulspiel) zum Anschlusstreffer (83.) durch Luis H\u00f6flein. Die Gastgeber witterten Morgenluft und SV-Schlussmann Marvin Vester musste mehrmals in h\u00f6chster Not eingreifen und machte den verdienten Sieg, wenn am Ende auch gl\u00fccklich, fest. <\/span><\/div>\n<div data-canvas-width=\"157.31466666666665\"><\/div>\n<div data-canvas-width=\"157.31466666666665\"><span style=\"color: #003300;\">Mit dem Sieg rutschte der SV Zeilsheim in der Tabelle nach vorne und belegt jetzt den dritten Tabellenplatz. Der SV bestreitet das n\u00e4chste Spiel erst in zwei Wochen, am 30.10.2022, beim souver\u00e4nen Tabellenf\u00fchrer VfB Marburg.<\/span><\/div>\n<h5><span style=\"font-size: 16px;\">Schiedsrichter: Patrick Haustein (Buseck). Zuschauer: 200. <\/span><\/h5>\n<h5><span style=\"font-size: 16px;\">Tore: 0:1 Abdussamed G\u00fcrsoy (18.), 0:2 Pierre Massfeller (49.), 1:2 Luis H\u00f6flein (85.).<\/span><\/h5>\n","protected":false},"excerpt":{"rendered":"<p>Erstmals war der SV Zeilsheim in der Verbandsliga Mitte bei Neuling VfL Biedenkopf zu Gast. In der N\u00e4he zur Grenze zum Bundesland Nordrhein-Westfalen gewann der Hessenliga-Absteiger das Ausw\u00e4rtsspiel mit 2:1 (1:0) und verbesserte sich in der Tabelle auf Rang drei. Zwar ist Tabellenf\u00fchrer VfB Marburg schon etwas enteilt, aber der Rangzweite FC Ederbergland ist mit [&hellip;]<\/p>\n","protected":false},"author":1,"featured_media":0,"comment_status":"open","ping_status":"open","sticky":false,"template":"","format":"standard","meta":{"footnotes":""},"categories":[32],"tags":[],"class_list":["post-3252","post","type-post","status-publish","format-standard","hentry","category-verbandsliga-mitte"],"_links":{"self":[{"href":"https:\/\/insideamateurfussball-ffm.de\/index.php?rest_route=\/wp\/v2\/posts\/3252","targetHints":{"allow":["GET"]}}],"collection":[{"href":"https:\/\/insideamateurfussball-ffm.de\/index.php?rest_route=\/wp\/v2\/posts"}],"about":[{"href":"https:\/\/insideamateurfussball-ffm.de\/index.php?rest_route=\/wp\/v2\/types\/post"}],"author":[{"embeddable":true,"href":"https:\/\/insideamateurfussball-ffm.de\/index.php?rest_route=\/wp\/v2\/users\/1"}],"replies":[{"embeddable":true,"href":"https:\/\/insideamateurfussball-ffm.de\/index.php?rest_route=%2Fwp%2Fv2%2Fcomments&post=3252"}],"version-history":[{"count":1,"href":"https:\/\/insideamateurfussball-ffm.de\/index.php?rest_route=\/wp\/v2\/posts\/3252\/revisions"}],"predecessor-version":[{"id":3255,"href":"https:\/\/insideamateurfussball-ffm.de\/index.php?rest_route=\/wp\/v2\/posts\/3252\/revisions\/3255"}],"wp:attachment":[{"href":"https:\/\/insideamateurfussball-ffm.de\/index.php?rest_route=%2Fwp%2Fv2%2Fmedia&parent=3252"}],"wp:term":[{"taxonomy":"category","embeddable":true,"href":"https:\/\/insideamateurfussball-ffm.de\/index.php?rest_route=%2Fwp%2Fv2%2Fcategories&post=3252"},{"taxonomy":"post_tag","embeddable":true,"href":"https:\/\/insideamateurfussball-ffm.de\/index.php?rest_route=%2Fwp%2Fv2%2Ftags&post=3252"}],"curies":[{"name":"wp","href":"https:\/\/api.w.org\/{rel}","templated":true}]}}