{"id":3241,"date":"2022-10-16T01:07:19","date_gmt":"2022-10-15T23:07:19","guid":{"rendered":"http:\/\/insideamateurfussball-ffm.de\/?p=3241"},"modified":"2025-01-09T16:04:36","modified_gmt":"2025-01-09T15:04:36","slug":"fechenheim-gibt-fuehrung-in-ueberzahl-ab","status":"publish","type":"post","link":"https:\/\/insideamateurfussball-ffm.de\/?p=3241","title":{"rendered":"Fechenheim gibt F\u00fchrung in \u00dcberzahl ab"},"content":{"rendered":"<h5><span style=\"font-size: 16px;\">Nach drei Siegen in Folge musste die SpVgg. Fechenheim am Donnerstagabend in der Fu\u00dfball-Gruppenliga Frankfurt West wieder eine Niederlage hinnehmen. Gegen den neuen Tabellenf\u00fchrer FC Neu-Anspach unterlag die Mannschaft von Trainer Maximilian Schmidt nach einer turbulenten Begegnung mit 3:4 (3:2). <\/span><\/h5>\n<figure id=\"attachment_1733\" aria-describedby=\"caption-attachment-1733\" style=\"width: 312px\" class=\"wp-caption alignnone\"><img loading=\"lazy\" decoding=\"async\" class=\"wp-image-1733\" src=\"http:\/\/insideamateurfussball-ffm.de\/wp-content\/uploads\/2022\/07\/8-Fech-300x200.jpg\" alt=\"\" width=\"312\" height=\"208\" \/><figcaption id=\"caption-attachment-1733\" class=\"wp-caption-text\">Julen Herrero Cennamos zwei Tore waren gegen Neu-Anspach nicht ausreichend. Archivfoto: Patrick Gawlik.<\/figcaption><\/figure>\n<h5><span style=\"font-size: 16px;\">Spvgg. 03 Fechenheim &#8211; FC Neu-Anspach 3:4 (3:2)<\/span><\/h5>\n<p><img loading=\"lazy\" decoding=\"async\" class=\"alignnone size-full wp-image-603\" src=\"http:\/\/insideamateurfussball-ffm.de\/wp-content\/uploads\/2022\/06\/Fech03.jpg\" alt=\"\" width=\"52\" height=\"80\" \/><img loading=\"lazy\" decoding=\"async\" class=\"alignnone size-full wp-image-2292\" src=\"http:\/\/insideamateurfussball-ffm.de\/wp-content\/uploads\/2022\/08\/FCNA.jpg\" alt=\"\" width=\"80\" height=\"79\" \/><\/p>\n<p><span style=\"font-size: 16px; color: #003300;\">Die G\u00e4ste gingen durch Ren\u00e9 Gilles in F\u00fchrung (7.). Fechenheim glich per Foulelfmeter durch Yassin Benjilali\u00a0 postwendend aus (9.). Julen Herrero Cennamo traf zum 2:1 (15.), ehe Neu-Anspach durch Celil Cetinkaya zum 2:2 kam (39.). Wiederum Herrero Cennamo sorgte f\u00fcr die Fechenheimer Halbzeitf\u00fchrung (41.). G\u00e4steakteur Frederick Coleman erhielt kurz vor der Pause die Gelb-Rote Karte (44.), doch Fechenheim konnte die \u00dcberzahl nicht nutzen. Maziar Namavizadeh glich f\u00fcr den Hochtaunus-Club aus (70.), der per Foulelfmeter noch den Siegtreffer der G\u00e4ste erzielte (87.). <\/span><\/p>\n<p><span style=\"font-size: 16px; color: #003300;\">Fechenheims Torwart Dennis Reuswig erhielt wegen Schiedsrichterbeleidigung die Rote Karte (90.+1). Fechenheims Vereinschef Reinhold Schmidt kritisierte das unsportliche Verhalten der G\u00e4ste: &#8222;Die haben permanent Karten gefordert und die Schiedsrichterin mit ihrer Hektik beeinflusst.&#8220; \u00dcber den Umstand, dass die Fechenheimer die Partie in \u00dcberzahl noch aus der Hand gaben, zeigte sich Reinhold Schmidt entt\u00e4uscht: &#8222;Wir haben den Gegner zun\u00e4chst dominiert und dann aus unerkl\u00e4rlichen Gr\u00fcnden mit einem Mann mehr aufgeh\u00f6rt Fu\u00dfball zu spielen.&#8220;<\/span><\/p>\n<blockquote>\n<h5><span style=\"font-size: 16px;\">&#8222;Da Reuswig nun als Wiederholungst\u00e4ter gilt, wird die Sperre wohl l\u00e4nger ausfallen&#8220; (Fechenheims Vereinschef Reinhold Schmidt)<\/span><\/h5>\n<\/blockquote>\n<p><span style=\"font-size: 16px; color: #003300;\">Zu allem \u00dcberfluss erhielt Torh\u00fcter Dennis Reuswig schon zum zweiten Mal in dieser Saison &#8211; diesmal wegen Schiedsrichterbeleidigung &#8211; die Rote Karte und wird nicht nur im Gastspiel beim Tabellenvorletzten DJK Bad Homburg fehlen. <\/span><\/p>\n<p><span style=\"font-size: 16px; color: #003300;\">&#8222;Da Reuswig nun als Wiederholungst\u00e4ter gilt, wird die Sperre wohl l\u00e4nger ausfallen&#8220;, glaubt Schmidt. Der 22-j\u00e4hrige Ersatztorwart Armin Buchholz, der 2021 von Vatanspor Bad Homburg kam, steht am Sonntag f\u00fcr einen Einsatz von Beginn an bereit.<\/span><\/p>\n<h5><span style=\"font-size: 16px;\">Schiedsrichterin: Julia D\u00f6rr (Wolfskehlen). Zuschauer: 50. <\/span><\/h5>\n<h5><span style=\"font-size: 16px;\">Tore: 0:1 Rene Gilles (7.), 1:1 Yassin Bejilali (9.\/Foulelfmeter), 2:1 Julen Herreo Cennamo (15.), 2:2 Celil Ceinkaya (39.), 3:2 Julen Herrero Cennamo (41.), 3:3, 3:4 Maziar Namavizadeh (70.\/87., Foulelfmeter).<\/span><\/h5>\n","protected":false},"excerpt":{"rendered":"<p>Nach drei Siegen in Folge musste die SpVgg. Fechenheim am Donnerstagabend in der Fu\u00dfball-Gruppenliga Frankfurt West wieder eine Niederlage hinnehmen. Gegen den neuen Tabellenf\u00fchrer FC Neu-Anspach unterlag die Mannschaft von Trainer Maximilian Schmidt nach einer turbulenten Begegnung mit 3:4 (3:2). Spvgg. 03 Fechenheim &#8211; FC Neu-Anspach 3:4 (3:2) Die G\u00e4ste gingen durch Ren\u00e9 Gilles in [&hellip;]<\/p>\n","protected":false},"author":1,"featured_media":0,"comment_status":"open","ping_status":"open","sticky":false,"template":"","format":"standard","meta":{"footnotes":""},"categories":[13],"tags":[],"class_list":["post-3241","post","type-post","status-publish","format-standard","hentry","category-gruppenliga-frankfurt-west"],"_links":{"self":[{"href":"https:\/\/insideamateurfussball-ffm.de\/index.php?rest_route=\/wp\/v2\/posts\/3241","targetHints":{"allow":["GET"]}}],"collection":[{"href":"https:\/\/insideamateurfussball-ffm.de\/index.php?rest_route=\/wp\/v2\/posts"}],"about":[{"href":"https:\/\/insideamateurfussball-ffm.de\/index.php?rest_route=\/wp\/v2\/types\/post"}],"author":[{"embeddable":true,"href":"https:\/\/insideamateurfussball-ffm.de\/index.php?rest_route=\/wp\/v2\/users\/1"}],"replies":[{"embeddable":true,"href":"https:\/\/insideamateurfussball-ffm.de\/index.php?rest_route=%2Fwp%2Fv2%2Fcomments&post=3241"}],"version-history":[{"count":3,"href":"https:\/\/insideamateurfussball-ffm.de\/index.php?rest_route=\/wp\/v2\/posts\/3241\/revisions"}],"predecessor-version":[{"id":3245,"href":"https:\/\/insideamateurfussball-ffm.de\/index.php?rest_route=\/wp\/v2\/posts\/3241\/revisions\/3245"}],"wp:attachment":[{"href":"https:\/\/insideamateurfussball-ffm.de\/index.php?rest_route=%2Fwp%2Fv2%2Fmedia&parent=3241"}],"wp:term":[{"taxonomy":"category","embeddable":true,"href":"https:\/\/insideamateurfussball-ffm.de\/index.php?rest_route=%2Fwp%2Fv2%2Fcategories&post=3241"},{"taxonomy":"post_tag","embeddable":true,"href":"https:\/\/insideamateurfussball-ffm.de\/index.php?rest_route=%2Fwp%2Fv2%2Ftags&post=3241"}],"curies":[{"name":"wp","href":"https:\/\/api.w.org\/{rel}","templated":true}]}}