{"id":3208,"date":"2022-10-14T18:10:11","date_gmt":"2022-10-14T16:10:11","guid":{"rendered":"http:\/\/insideamateurfussball-ffm.de\/?p=3208"},"modified":"2025-01-09T16:04:52","modified_gmt":"2025-01-09T15:04:52","slug":"bornheim-besiegt-rot-weiss-in-90-minute","status":"publish","type":"post","link":"https:\/\/insideamateurfussball-ffm.de\/?p=3208","title":{"rendered":"Bornheim besiegt Rot-Weiss in 90. Minute"},"content":{"rendered":"<h5><span style=\"font-size: 16px;\">In einem Nachholspiel der Verbandsliga S\u00fcd setzte sich am Donnerstagabend die SG Bornheim Gr\u00fcn-Weiss mit 2:1 (1:1) gegen Rot-Weiss Frankfurt durch und verbesserte sich mit dem vierten Sieg in Folge auf den vierten Tabellenplatz. Die G\u00e4ste stecken dagegen durch die Niederlage im Stadtduell weiter im unteren Tabellendrittel fest.\u00a0<\/span><\/h5>\n<figure id=\"attachment_3209\" aria-describedby=\"caption-attachment-3209\" style=\"width: 311px\" class=\"wp-caption alignnone\"><img loading=\"lazy\" decoding=\"async\" class=\"wp-image-3209\" src=\"http:\/\/insideamateurfussball-ffm.de\/wp-content\/uploads\/2022\/10\/bor5-300x216.jpg\" alt=\"\" width=\"311\" height=\"224\" \/><figcaption id=\"caption-attachment-3209\" class=\"wp-caption-text\"><strong>Technische Probleme beim Schiedsrichtergespann werden von Rot-Weiss-Akteur Filip Cirpaci beobachtet. Foto: Mithat G\u00fcrser. <\/strong><\/figcaption><\/figure>\n<h5><span style=\"font-size: 16px;\">SG Bornheim Gr\u00fcn-Weiss &#8211; Rot-Weiss Frankfurt 2:1 (1:1)<\/span><\/h5>\n<p><img loading=\"lazy\" decoding=\"async\" class=\"alignnone size-full wp-image-119\" src=\"http:\/\/insideamateurfussball-ffm.de\/wp-content\/uploads\/2022\/05\/Bornheim.jpg\" alt=\"\" width=\"80\" height=\"80\" \/><img loading=\"lazy\" decoding=\"async\" class=\"alignnone size-full wp-image-120\" src=\"http:\/\/insideamateurfussball-ffm.de\/wp-content\/uploads\/2022\/05\/rot-weiss.png\" alt=\"\" width=\"80\" height=\"70\" \/><\/p>\n<p><span style=\"font-size: 16px; color: #003300;\">Vor 116 Zuschauern fiel der Bornheimer Siegtreffer nach einer Druckphase erst in der 90. Minute. Raphael Gure \u00fcberwand nach einer abgewehrten Flanke aus dem Hinterhalt G\u00e4stetorh\u00fcter Dusan Zbiljic. Die beiden anderen Treffer\u00a0 waren in der Nachspielzeit der ersten H\u00e4lfte gefallen. Gure traf mit einem Distanzschuss aus 20 Metern zum 1:0 (45.+1). Im Gegenzug leistete sich der Bornheimer Natsuki Wada einen folgenschweren R\u00fcckpass in den Lauf von Ayoub Lahchaychi, der Bornheims Torh\u00fcter Gianluca Colombo umkurvte und zum Ausgleich einschob (45.+2). <\/span><\/p>\n<p><span style=\"font-size: 16px; color: #003300;\">Die G\u00e4ste hatten im ersten Abschnitt technisch versierten Fu\u00dfball geboten und zielstrebig nach vorne gespielt. Die besseren M\u00f6glichkeiten hatte jedoch Bornheim mit Lattensch\u00fcssen von Teklu Tewelde (29.) und Gure (31.). Dazu schoss Bela Schuster aus kurzer Distanz G\u00e4stekeeper Zbiljic an (33.). Im zweiten Abschnitt mussten die G\u00e4ste Kapit\u00e4n Patrick G\u00fcrser und ihre Offensivspieler auswechseln und fanden au\u00dfer bei einem Fernschuss von Noel Scacchetti kaum Entlastung.<\/span><\/p>\n<blockquote>\n<h5><span style=\"font-size: 16px;\">&#8222;Sie haben uns fr\u00fch attackiert, wir haben versucht uns spielerisch zu l\u00f6sen&#8220; (Bornheims Trainer Sascha Volk)<\/span><\/h5>\n<\/blockquote>\n<p><span style=\"font-size: 16px; color: #003300;\"> Bornheim hatte schon in der letzten Viertelstunde mehrfach das zweite Tor auf dem Fu\u00df und belohnte sich letztlich mit Gures 2:1. &#8222;Aufgrund der Vielzahl an Chancen ist der Sieg verdient. Es war ein sehr nickliges Spiel mit vielen harten Zweik\u00e4mpfen. Rot-Weiss hat sehr k\u00f6rperbetont Fu\u00dfball gespielt. Sie haben uns fr\u00fch attackiert, wir haben versucht uns spielerisch zu l\u00f6sen. Der Gegner konnte das Tempo in der zweiten Halbzeit nicht mehr halten&#8220;, analysierte Bornheims Trainer Sascha Volk den Spielverlauf. <\/span><\/p>\n<p><span style=\"font-size: 16px; color: #003300;\">Rot-Weiss-Trainer Jonel Goncalves hob in seinem Statement erneut die Personallage bei den &#8222;Roten&#8220; hervor: &#8222;Uns fehlen die Spieler. Wir hatten nur zwei Offensivspieler dabei, die vorne alles machen mussten. Die musste ich beide auswechseln und vorne dann Verteidiger oder Sechser spielen lassen. Dadurch fehlte uns die Entlastung und so war der letzte Gegentreffer nur eine Frage der Zeit. Wir haben es so nicht geschafft, das Remis \u00fcber die Zeit zu bringen. Kurzfristig ben\u00f6tigen wir unsere verletzten Spieler zur\u00fcck.&#8220;<\/span><\/p>\n<h5><span style=\"font-size: 16px;\">Schiedsrichter: Florian Tesch (Dieburg). Zuschauer: 116. <\/span><\/h5>\n<h5><span style=\"font-size: 16px;\">Tore: 1:0 Raphael Gure (45.\/+1), 1:1 Ayoub Lahchaychi (45.\/+2), 2:1 Raphael Gure (90.).<\/span><\/h5>\n<p><span style=\"font-size: 16px; color: #003300;\">Vielen Dank an Mithat G\u00fcrser f\u00fcr die Bildergalerie!\u00a0<\/span><\/p>\n\n\n<div class=\"wp-block-columns is-layout-flex wp-container-core-columns-is-layout-28f84493 wp-block-columns-is-layout-flex\">\n<div class=\"wp-block-column is-layout-flow wp-block-column-is-layout-flow\">\n<figure class=\"wp-block-image size-full is-style-default\"><img decoding=\"async\" src=\"http:\/\/insideamateurfussball-ffm.de\/wp-content\/uploads\/2022\/10\/bor10.jpg\" alt=\"\" class=\"wp-image-3210\"\/><\/figure>\n<\/div>\n\n\n\n<div class=\"wp-block-column is-layout-flow wp-block-column-is-layout-flow\">\n<figure class=\"wp-block-image size-full is-style-default\"><img decoding=\"async\" src=\"http:\/\/insideamateurfussball-ffm.de\/wp-content\/uploads\/2022\/10\/bor15-1.jpg\" alt=\"\" class=\"wp-image-3211\"\/><\/figure>\n<\/div>\n\n\n\n<div class=\"wp-block-column is-layout-flow wp-block-column-is-layout-flow\">\n<figure class=\"wp-block-image size-full is-style-default\"><img decoding=\"async\" src=\"http:\/\/insideamateurfussball-ffm.de\/wp-content\/uploads\/2022\/10\/bor4-1.jpg\" alt=\"\" class=\"wp-image-3212\"\/><\/figure>\n<\/div>\n<\/div>\n\n\n\n<figure class=\"wp-block-gallery has-nested-images columns-default is-cropped wp-block-gallery-1 is-layout-flex wp-block-gallery-is-layout-flex\">\n<figure class=\"wp-block-image size-large is-style-default\"><img decoding=\"async\" data-id=\"3213\" src=\"http:\/\/insideamateurfussball-ffm.de\/wp-content\/uploads\/2022\/10\/bor9.jpg\" alt=\"\" class=\"wp-image-3213\"\/><figcaption>Fotos: Mithat G\u00fcrser.<\/figcaption><\/figure>\n<\/figure>\n\n\n\n<div class=\"wp-block-columns is-layout-flex wp-container-core-columns-is-layout-28f84493 wp-block-columns-is-layout-flex\">\n<div class=\"wp-block-column is-layout-flow wp-block-column-is-layout-flow\">\n<figure class=\"wp-block-image size-full is-style-default\"><img decoding=\"async\" src=\"http:\/\/insideamateurfussball-ffm.de\/wp-content\/uploads\/2022\/10\/bor3-2.jpg\" alt=\"\" class=\"wp-image-3214\"\/><\/figure>\n<\/div>\n\n\n\n<div class=\"wp-block-column is-layout-flow wp-block-column-is-layout-flow\">\n<figure class=\"wp-block-image size-full is-style-default\"><img decoding=\"async\" src=\"http:\/\/insideamateurfussball-ffm.de\/wp-content\/uploads\/2022\/10\/bor8.jpg\" alt=\"\" class=\"wp-image-3215\"\/><\/figure>\n<\/div>\n\n\n\n<div class=\"wp-block-column is-layout-flow wp-block-column-is-layout-flow\">\n<figure class=\"wp-block-image size-full is-style-default\"><img decoding=\"async\" src=\"http:\/\/insideamateurfussball-ffm.de\/wp-content\/uploads\/2022\/10\/bor13.jpg\" alt=\"\" class=\"wp-image-3216\"\/><\/figure>\n<\/div>\n<\/div>\n\n\n\n<div class=\"wp-block-columns is-layout-flex wp-container-core-columns-is-layout-28f84493 wp-block-columns-is-layout-flex\">\n<div class=\"wp-block-column is-layout-flow wp-block-column-is-layout-flow\">\n<figure class=\"wp-block-image size-full is-style-default\"><img decoding=\"async\" src=\"http:\/\/insideamateurfussball-ffm.de\/wp-content\/uploads\/2022\/10\/bor2-1.jpg\" alt=\"\" class=\"wp-image-3217\"\/><\/figure>\n<\/div>\n\n\n\n<div class=\"wp-block-column is-layout-flow wp-block-column-is-layout-flow\">\n<figure class=\"wp-block-image size-full is-style-default\"><img decoding=\"async\" src=\"http:\/\/insideamateurfussball-ffm.de\/wp-content\/uploads\/2022\/10\/bor7.jpg\" alt=\"\" class=\"wp-image-3218\"\/><\/figure>\n<\/div>\n\n\n\n<div class=\"wp-block-column is-layout-flow wp-block-column-is-layout-flow\">\n<figure class=\"wp-block-image size-full is-style-default\"><img decoding=\"async\" src=\"http:\/\/insideamateurfussball-ffm.de\/wp-content\/uploads\/2022\/10\/bor1-1.jpg\" alt=\"\" class=\"wp-image-3219\"\/><\/figure>\n<\/div>\n<\/div>\n\n\n\n<div class=\"wp-block-columns is-layout-flex wp-container-core-columns-is-layout-28f84493 wp-block-columns-is-layout-flex\">\n<div class=\"wp-block-column is-layout-flow wp-block-column-is-layout-flow\">\n<figure class=\"wp-block-image size-large is-style-default\"><img decoding=\"async\" src=\"http:\/\/insideamateurfussball-ffm.de\/wp-content\/uploads\/2022\/10\/bor6-1024x680.jpg\" alt=\"\" class=\"wp-image-3220\"\/><\/figure>\n<\/div>\n\n\n\n<div class=\"wp-block-column is-layout-flow wp-block-column-is-layout-flow\">\n<figure class=\"wp-block-image size-full is-style-default\"><img decoding=\"async\" src=\"http:\/\/insideamateurfussball-ffm.de\/wp-content\/uploads\/2022\/10\/bor11.jpg\" alt=\"\" class=\"wp-image-3221\"\/><\/figure>\n<\/div>\n\n\n\n<div class=\"wp-block-column is-layout-flow wp-block-column-is-layout-flow\">\n<figure class=\"wp-block-image size-full is-style-default\"><img decoding=\"async\" src=\"http:\/\/insideamateurfussball-ffm.de\/wp-content\/uploads\/2022\/10\/bor16.jpg\" alt=\"\" class=\"wp-image-3222\"\/><\/figure>\n<\/div>\n<\/div>\n","protected":false},"excerpt":{"rendered":"<p>In einem Nachholspiel der Verbandsliga S\u00fcd setzte sich am Donnerstagabend die SG Bornheim Gr\u00fcn-Weiss mit 2:1 (1:1) gegen Rot-Weiss Frankfurt durch und verbesserte sich mit dem vierten Sieg in Folge auf den vierten Tabellenplatz. Die G\u00e4ste stecken dagegen durch die Niederlage im Stadtduell weiter im unteren Tabellendrittel fest.\u00a0 SG Bornheim Gr\u00fcn-Weiss &#8211; Rot-Weiss Frankfurt 2:1 [&hellip;]<\/p>\n","protected":false},"author":1,"featured_media":0,"comment_status":"open","ping_status":"open","sticky":false,"template":"","format":"standard","meta":{"footnotes":""},"categories":[10],"tags":[],"class_list":["post-3208","post","type-post","status-publish","format-standard","hentry","category-verbandsliga-sued"],"_links":{"self":[{"href":"https:\/\/insideamateurfussball-ffm.de\/index.php?rest_route=\/wp\/v2\/posts\/3208","targetHints":{"allow":["GET"]}}],"collection":[{"href":"https:\/\/insideamateurfussball-ffm.de\/index.php?rest_route=\/wp\/v2\/posts"}],"about":[{"href":"https:\/\/insideamateurfussball-ffm.de\/index.php?rest_route=\/wp\/v2\/types\/post"}],"author":[{"embeddable":true,"href":"https:\/\/insideamateurfussball-ffm.de\/index.php?rest_route=\/wp\/v2\/users\/1"}],"replies":[{"embeddable":true,"href":"https:\/\/insideamateurfussball-ffm.de\/index.php?rest_route=%2Fwp%2Fv2%2Fcomments&post=3208"}],"version-history":[{"count":1,"href":"https:\/\/insideamateurfussball-ffm.de\/index.php?rest_route=\/wp\/v2\/posts\/3208\/revisions"}],"predecessor-version":[{"id":3223,"href":"https:\/\/insideamateurfussball-ffm.de\/index.php?rest_route=\/wp\/v2\/posts\/3208\/revisions\/3223"}],"wp:attachment":[{"href":"https:\/\/insideamateurfussball-ffm.de\/index.php?rest_route=%2Fwp%2Fv2%2Fmedia&parent=3208"}],"wp:term":[{"taxonomy":"category","embeddable":true,"href":"https:\/\/insideamateurfussball-ffm.de\/index.php?rest_route=%2Fwp%2Fv2%2Fcategories&post=3208"},{"taxonomy":"post_tag","embeddable":true,"href":"https:\/\/insideamateurfussball-ffm.de\/index.php?rest_route=%2Fwp%2Fv2%2Ftags&post=3208"}],"curies":[{"name":"wp","href":"https:\/\/api.w.org\/{rel}","templated":true}]}}