{"id":32015,"date":"2026-05-01T21:54:34","date_gmt":"2026-05-01T20:54:34","guid":{"rendered":"https:\/\/insideamateurfussball-ffm.de\/?p=32015"},"modified":"2026-05-01T21:54:34","modified_gmt":"2026-05-01T20:54:34","slug":"eintracht-ii-macht-direkten-wiederaufstieg-perfekt","status":"publish","type":"post","link":"https:\/\/insideamateurfussball-ffm.de\/?p=32015","title":{"rendered":"Eintracht II macht direkten Wiederaufstieg perfekt"},"content":{"rendered":"<h5><span style=\"font-size: 16px;\">Ein Punkt beim als erster Absteiger der Fu\u00dfball-Hessenliga feststehenden Hanauer FC 93 h\u00e4tte schon gen\u00fcgt, doch die U21 von Eintracht Frankfurt landete vor 520 Zuschauern an der Kastanienallee einen souver\u00e4nen 4:0 (2:0)-Sieg und hat sich damit die Meisterschaft und den damit verbundenen direkten Wiederaufstieg in die Regionalliga S\u00fcdwest bereits vier Spieltage vor dem Saisonende gesichert.<\/span><\/h5>\n<figure id=\"attachment_32016\" aria-describedby=\"caption-attachment-32016\" style=\"width: 652px\" class=\"wp-caption alignleft\"><img loading=\"lazy\" decoding=\"async\" class=\"wp-image-32016\" src=\"http:\/\/insideamateurfussball-ffm.de\/wp-content\/uploads\/2026\/05\/Eintracht-II-Aufstieg-1024x768.jpg\" alt=\"\" width=\"652\" height=\"489\" srcset=\"https:\/\/insideamateurfussball-ffm.de\/wp-content\/uploads\/2026\/05\/Eintracht-II-Aufstieg-1024x768.jpg 1024w, https:\/\/insideamateurfussball-ffm.de\/wp-content\/uploads\/2026\/05\/Eintracht-II-Aufstieg-300x225.jpg 300w, https:\/\/insideamateurfussball-ffm.de\/wp-content\/uploads\/2026\/05\/Eintracht-II-Aufstieg-768x576.jpg 768w, https:\/\/insideamateurfussball-ffm.de\/wp-content\/uploads\/2026\/05\/Eintracht-II-Aufstieg-1536x1152.jpg 1536w, https:\/\/insideamateurfussball-ffm.de\/wp-content\/uploads\/2026\/05\/Eintracht-II-Aufstieg.jpg 2048w\" sizes=\"auto, (max-width: 652px) 100vw, 652px\" \/><figcaption id=\"caption-attachment-32016\" class=\"wp-caption-text\">Eintracht Frankfurt II ist Hessenliga-Meister. Foto: PA.\u00a0\u00a0<\/figcaption><\/figure>\n<h5><span style=\"font-size: 16px;\">1. Hanauer FC 1893 &#8211; Eintracht Frankfurt II 0:4 (0:2)<\/span><\/h5>\n<p><img loading=\"lazy\" decoding=\"async\" class=\"alignnone size-full wp-image-223\" src=\"http:\/\/insideamateurfussball-ffm.de\/wp-content\/uploads\/2022\/05\/hanau93.jpg\" alt=\"\" width=\"80\" height=\"60\" \/><img loading=\"lazy\" decoding=\"async\" class=\"alignnone size-full wp-image-836\" src=\"http:\/\/insideamateurfussball-ffm.de\/wp-content\/uploads\/2022\/06\/SGE.jpg\" alt=\"\" width=\"79\" height=\"80\" \/><\/p>\n<p><span style=\"font-size: 16px;\">78 Punkte hat das Team von Trainer Dennis Schmitt bereits gesammelt, 18 mehr als der Rangzweite FC Eddersheim, der selbst bei f\u00fcnf Siegen nur noch auf 75 Z\u00e4hler kommen kann. <\/span><\/p>\n<p><span style=\"font-size: 16px;\">Der Jubel nach dem Abpfiff fiel moderat aus. Die Eintracht-Jungadler freuten sich, posierten zum Aufstiegsfoto, Coach Schmitt wurde beim Interview mit der obligatorischen Bierdusche bedacht. Die Gastgeber, die nach sieben Jahren in Hessens Oberhaus in der n\u00e4chsten Saison in der sechstklassigen Verbandsliga S\u00fcd antreten, konnten mit ihrer jungen Mannschaft nicht viel ausrichten. Zudem verletzte sich St\u00fcrmer Ilias Akaouch schon fr\u00fch und musste nach sieben Minuten gegen Soufiane Aamirach ausgewechselt werden.<\/span><\/p>\n<ul>\n<li><strong><span style=\"font-size: 16px;\">Vorsprung bei 25 Grad verwaltet, dann schlagen die Japaner zu<\/span><\/strong><\/li>\n<\/ul>\n<p><span style=\"font-size: 16px;\">Nach mutigem Beginn des Schlusslichtes mit einem Freisto\u00df in Torn\u00e4he, nahm der erwartete Verlauf Realit\u00e4t an. Innenverteidiger Fousseny Doumbia traf aus 25 Metern zum 1:0 f\u00fcr die G\u00e4ste (12.), die danach durch den neben Lukas Sonnenwald im Sturm aufgebotenen Keito Kumashiro den zweiten Treffer verpassten. Seinen Heber \u00fcber HFC-Torh\u00fcter Fabian Juricic kratzte der Hanauer Atjom Belavskis von der Torlinie. Kumashiro traf dann kurz vor der Halbzeit auf Zuspiel von Metehan Yildirim zum beruhigenden 2:0 (42.). Nach dem Seitenwechsel verwalteten die Frankfurter bei sommerlichen 25 Grad den Vorsprung, w\u00e4hrend Hanau nicht in der Lage war, f\u00fcr Gefahr zu sorgen. Ohne viel Aufwand behielt das 2:0 Bestand, erst in der Schlussphase erh\u00f6hten die Japaner Rinto Hanashiro (81.) und Kumashiro (87.) zum 4:0, nachdem zuvor Sonnenwald an den Pfosten gek\u00f6pft hatte. <\/span><\/p>\n<p><span style=\"font-size: 16px;\">&#8222;Heute ist es uninteressant, wie wir gespielt haben. Wir haben gewonnen und haben es gezogen. Man hat schon die Woche \u00fcber gemerkt, dass es eine besondere Situation ist und dass wir jetzt den letzten Schritt gehen k\u00f6nnen. Das haben die Jungs auf schweren Platzverh\u00e4ltnissen \u00fcberragend gemacht&#8220;, erkl\u00e4rte Schmitt. Die Hessenliga-Saison sei \u00fcberragend verlaufen. &#8222;Wir haben relativ fr\u00fch den Schock des Abstieges verarbeitet. Das habe ich den Jungs, die letztes Jahr schon dabei waren, noch einmal gesagt. Wir wollten den Neustart, einen anderen Geist und mit den Neuzug\u00e4ngen aus der U19 sowie den externen durchstarten. Das war vom ersten Tag an ein besonderes Gef\u00fchl. Die Jungs haben Bock gehabt zu arbeiten und deswegen ist dieser Aufstieg hochverdient.&#8220;<\/span><\/p>\n<ul>\n<li>\n<div><strong><span style=\"font-size: 16px;\">Hanauer FC 93: Juricic; Savas (88. M\u00fcller), Belavskis, Toukoupke, Rosa Garcia &#8211; Baytug Garcia (77. Abdi), Major &#8211; Zech, Feselmayer (88. Mawamba Menougong), Kraus &#8211; Akaouch (7. Aamirach).<\/span><\/strong><\/div>\n<\/li>\n<li>\n<div><\/div>\n<div><strong><span style=\"font-size: 16px;\">Eintracht Frankfurt II: Efthimiou; Ochojski, Doumbia (85. Boakye Osei), Maluze, Kosugi &#8211; Dills (65. Hanashiro), W\u00fcnsch (59. Is), Yildirim (74. Spahn), Etse (81. Bauer) &#8211; Sonnenwald, Kumashiro.<\/span><\/strong><\/div>\n<\/li>\n<li>\n<div><\/div>\n<div><strong><span style=\"font-size: 16px;\">Schiedsrichter: Tom Bartholmai (TSV Altmorschen). <\/span><\/strong><\/div>\n<\/li>\n<li>\n<div><strong><span style=\"font-size: 16px;\">Zuschauer: 520.<\/span><\/strong><\/div>\n<\/li>\n<li>\n<div><\/div>\n<div><strong><span style=\"font-size: 16px;\">Tore: 0:1 Fousseny Doumbia (12.), 0:2 Keito Kumashiro (42.), 0:3 Rinto Hanashiro (81.), 0:4 Keito Kumashiro (87.<\/span><\/strong>).<\/div>\n<\/li>\n<\/ul>\n","protected":false},"excerpt":{"rendered":"<p>Ein Punkt beim als erster Absteiger der Fu\u00dfball-Hessenliga feststehenden Hanauer FC 93 h\u00e4tte schon gen\u00fcgt, doch die U21 von Eintracht Frankfurt landete vor 520 Zuschauern an der Kastanienallee einen souver\u00e4nen 4:0 (2:0)-Sieg und hat sich damit die Meisterschaft und den damit verbundenen direkten Wiederaufstieg in die Regionalliga S\u00fcdwest bereits vier Spieltage vor dem Saisonende gesichert. [&hellip;]<\/p>\n","protected":false},"author":1,"featured_media":32016,"comment_status":"closed","ping_status":"closed","sticky":true,"template":"","format":"standard","meta":{"footnotes":""},"categories":[8],"tags":[],"class_list":["post-32015","post","type-post","status-publish","format-standard","has-post-thumbnail","hentry","category-hessenliga"],"_links":{"self":[{"href":"https:\/\/insideamateurfussball-ffm.de\/index.php?rest_route=\/wp\/v2\/posts\/32015","targetHints":{"allow":["GET"]}}],"collection":[{"href":"https:\/\/insideamateurfussball-ffm.de\/index.php?rest_route=\/wp\/v2\/posts"}],"about":[{"href":"https:\/\/insideamateurfussball-ffm.de\/index.php?rest_route=\/wp\/v2\/types\/post"}],"author":[{"embeddable":true,"href":"https:\/\/insideamateurfussball-ffm.de\/index.php?rest_route=\/wp\/v2\/users\/1"}],"replies":[{"embeddable":true,"href":"https:\/\/insideamateurfussball-ffm.de\/index.php?rest_route=%2Fwp%2Fv2%2Fcomments&post=32015"}],"version-history":[{"count":1,"href":"https:\/\/insideamateurfussball-ffm.de\/index.php?rest_route=\/wp\/v2\/posts\/32015\/revisions"}],"predecessor-version":[{"id":32017,"href":"https:\/\/insideamateurfussball-ffm.de\/index.php?rest_route=\/wp\/v2\/posts\/32015\/revisions\/32017"}],"wp:featuredmedia":[{"embeddable":true,"href":"https:\/\/insideamateurfussball-ffm.de\/index.php?rest_route=\/wp\/v2\/media\/32016"}],"wp:attachment":[{"href":"https:\/\/insideamateurfussball-ffm.de\/index.php?rest_route=%2Fwp%2Fv2%2Fmedia&parent=32015"}],"wp:term":[{"taxonomy":"category","embeddable":true,"href":"https:\/\/insideamateurfussball-ffm.de\/index.php?rest_route=%2Fwp%2Fv2%2Fcategories&post=32015"},{"taxonomy":"post_tag","embeddable":true,"href":"https:\/\/insideamateurfussball-ffm.de\/index.php?rest_route=%2Fwp%2Fv2%2Ftags&post=32015"}],"curies":[{"name":"wp","href":"https:\/\/api.w.org\/{rel}","templated":true}]}}