{"id":3200,"date":"2022-10-13T18:57:21","date_gmt":"2022-10-13T16:57:21","guid":{"rendered":"http:\/\/insideamateurfussball-ffm.de\/?p=3200"},"modified":"2025-01-09T16:04:58","modified_gmt":"2025-01-09T15:04:58","slug":"griesheim-tarik-erstmals-nur-remis","status":"publish","type":"post","link":"https:\/\/insideamateurfussball-ffm.de\/?p=3200","title":{"rendered":"Griesheim Tarik erstmals nur Remis"},"content":{"rendered":"<h5><span style=\"font-size: 16px;\">In der Kreisliga A Frankfurt (Gruppe 1), der einstigen Nordwest-Staffel, wird im Gegensatz zur Parallelgruppe mit 18 Vereinen gespielt, da es hier bislang keinen R\u00fcckzug gab. Tabellenf\u00fchrer SV Griesheim Tarik kam im Heimspiel gegen den TuS Nieder-Eschbach nicht \u00fcber ein 1:1 hinaus und spielte erstmals in dieser Saison nur Remis. Dennoch f\u00fchrt der Kreisoberliga-Absteiger das Klassement mit vier Punkten Vorsprung vor dem BSC Schwarz-Wei\u00df 19 an, der das Verfolgerduell bei der TSG 51 mit 2:3 verlor und die zweite Niederlage kassierte. Am Tabellenende stehen der mit dem FC Maroc (erst drei Punkte) und dem FV Saz-Rock (weiterhin punktlos) zwei KOL-Absteiger, die Richtung B-Klasse taumeln.\u00a0<\/span><\/h5>\n<figure id=\"attachment_3201\" aria-describedby=\"caption-attachment-3201\" style=\"width: 208px\" class=\"wp-caption alignnone\"><img loading=\"lazy\" decoding=\"async\" class=\"wp-image-3201\" src=\"http:\/\/insideamateurfussball-ffm.de\/wp-content\/uploads\/2022\/10\/bscswvstarik-010-200x300.jpg\" alt=\"\" width=\"208\" height=\"312\" \/><figcaption id=\"caption-attachment-3201\" class=\"wp-caption-text\"><\/strong> <strong>Griesheim Tariks Renato Trauner k\u00fcmmert sich um einen am Boden liegenden Mitspieler. Archivfoto: Anzzo Sports.<\/strong><\/figcaption><\/figure>\n<h5><span style=\"font-size: 16px;\">SV Griesheim Tarik &#8211; TuS Nieder-Eschbach 1:1 (1:0)<\/span><\/h5>\n<p><img loading=\"lazy\" decoding=\"async\" class=\"alignnone size-full wp-image-34\" src=\"http:\/\/insideamateurfussball-ffm.de\/wp-content\/uploads\/2021\/11\/Tarik.jpg\" alt=\"\" width=\"80\" height=\"80\" \/><img loading=\"lazy\" decoding=\"async\" class=\"alignnone size-full wp-image-3202\" src=\"http:\/\/insideamateurfussball-ffm.de\/wp-content\/uploads\/2022\/10\/nieder-eschb.png\" alt=\"\" width=\"57\" height=\"80\" \/><\/p>\n<p><span style=\"font-size: 16px; color: #003300;\">Tarik-Torj\u00e4ger Oualid Gourad hatte sich im BSC-Spiel verletzt und hielt gegen Nieder-Eschbach nur 20 Minuten durch. Trainer Jamal Er-Rjah stand sein Stammmittelfeld nicht zur Verf\u00fcgung, weswegen er auf die zweite Garde zur\u00fcckgreifen musste. Nach der F\u00fchrung durch Renato Trauner &#8222;haben wir den Gegner mit einem katastrophalen Fehler stark gemacht&#8220;, berichtete Er-Rjah. So konnte der Tabellensechste Nieder-Eschbach dank Jan Moys Ausgleich einen Z\u00e4hler von der L\u00e4rchenstra\u00dfe entf\u00fchren.<\/span><\/p>\n<h5><span style=\"font-size: 16px;\">Schiedsrichter: Dirk Ebner (Frankfurt). Zuschauer: 60. <\/span><\/h5>\n<h5><span style=\"font-size: 16px;\">Tore: 1:0 Renato Trauner (40.), 1:1 Jan Moy (51.).<\/span><\/h5>\n<h5><span style=\"font-size: 16px;\">TSG 51 &#8211; BSC Schwarz-Wei\u00df 19 3:2 (1:1)<\/span><\/h5>\n<p><img loading=\"lazy\" decoding=\"async\" class=\"alignnone size-full wp-image-1140\" src=\"http:\/\/insideamateurfussball-ffm.de\/wp-content\/uploads\/2022\/07\/TSG-51.jpg\" alt=\"\" width=\"66\" height=\"80\" \/><img loading=\"lazy\" decoding=\"async\" class=\"alignnone size-full wp-image-285\" src=\"http:\/\/insideamateurfussball-ffm.de\/wp-content\/uploads\/2022\/05\/BSC-19.jpg\" alt=\"\" width=\"80\" height=\"61\" \/><\/p>\n<p><span style=\"font-size: 16px; color: #003300;\">&#8222;Wir haben einen gro\u00dfen und breiten Kader, allerdings eine \u00e4ltere Mannschaft mit ein paar jungen Spielern&#8220;, sagte TSG 51-Trainer Christian Balzer, der mit dem Saisonverlauf und Rang drei nicht ganz zufrieden ist: &#8222;Wir haben beim 7:7 gegen Bockenheim und dem 4:4 gegen R\u00f6delheim alleine schon vier Punkte liegen lassen, sonst w\u00e4ren wir an Griesheim Tarik n\u00e4her dran.&#8220; Sein Sohn Nils Viktor, der im ersten Seniorenjahr bei den 51ern spielt, markierte den Siegtreffer gegen den Tabellenzweiten BSC 19. &#8222;Wir leben nach wie vor von der guten Gemeinschaft im Verein und wollen oben mitspielen. Wir haben keinen Druck, aufsteigen zu m\u00fcssen&#8220;, betonte der langj\u00e4hrige Oberliga-Fu\u00dfballer, der ab und zu selbst die Schuhe schn\u00fcrt.\u00a0<\/span><\/p>\n<h5><span style=\"font-size: 16px;\">Schiedsrichter: Christian Fox (R\u00fcsselsheim). Zuschauer: 150. <\/span><\/h5>\n<h5><span style=\"font-size: 16px;\">Tore: 0:1 Hicham Abdessadki (16.), 1:1, 2:1 Benedikt Burger (35.\/79.), 2:2 \u00d6zkan Ucar (80.), 3:2 Nils Viktor Balzer (86.).\u00a0<\/span><\/h5>\n<h5><span style=\"font-size: 16px;\">TSG Nieder-Erlenbach &#8211; SV Blau-Gelb 3:8 (2:3)<\/span><\/h5>\n<p><img loading=\"lazy\" decoding=\"async\" class=\"alignnone size-full wp-image-21\" src=\"http:\/\/insideamateurfussball-ffm.de\/wp-content\/uploads\/2021\/11\/Nieder-Erlenbach.jpg\" alt=\"\" width=\"80\" height=\"80\" \/><img loading=\"lazy\" decoding=\"async\" class=\"alignnone size-full wp-image-355\" src=\"http:\/\/insideamateurfussball-ffm.de\/wp-content\/uploads\/2022\/05\/Blau-Gelb.jpg\" alt=\"\" width=\"79\" height=\"80\" \/><\/p>\n<p><span style=\"font-size: 16px; color: #003300;\">Nach dem R\u00fccktritt von Trainer Andreas Ludwig (wir berichteten) verpflichtete Nieder-Erlenbach mit Oliver Tuma einen Nachfolger, der den KOL-Absteiger erst nach der herben Heimschlappe gegen Blau-Gelb \u00fcbernommen hat.\u00a0<\/span><\/p>\n<h5><span style=\"font-size: 16px;\">Tore: 0:1 Marco Metz (2.), 1:1 Max M\u00fcnch (9.), 1:2 Marco Metz (14.), 2:2 Henry Naftaliev (23.), 2:3 Niklas Spies (35.), 2:4 Marco Metz (55.), 2:5 Leon Giovanni la Falce (67.), 2:6 Tarek Dirbas (79.\/Eigentor), 2:7, 2:8 Perry Wolf (77.\/79.), 3:8 Christian L\u00f6chner (90.).<\/span><\/h5>\n<h5><span style=\"font-size: 16px;\">FC Maroc &#8211; FC Tempo II 0:4 (0:0)<\/span><\/h5>\n<p><img loading=\"lazy\" decoding=\"async\" class=\"alignnone size-full wp-image-35\" src=\"http:\/\/insideamateurfussball-ffm.de\/wp-content\/uploads\/2021\/11\/Maroc.jpg\" alt=\"\" width=\"80\" height=\"80\" \/><img loading=\"lazy\" decoding=\"async\" class=\"alignnone size-full wp-image-31\" src=\"http:\/\/insideamateurfussball-ffm.de\/wp-content\/uploads\/2021\/11\/Tempo.jpg\" alt=\"\" width=\"80\" height=\"80\" \/><\/p>\n<p><span style=\"font-size: 16px; color: #003300;\">KOL-Absteiger Maroc droht der Durchmarsch in die B-Liga. Das 0:4 gegen die Tempo-Reserve war bereits die neunte Niederlage im zehnten Spiel.\u00a0<\/span><\/p>\n<h5><span style=\"font-size: 16px;\">Tore: 0:1 Aleksandar Maksimovic (52.), 0:2 Daniel Vojvodanovic (62.), 0:3Nenad Pasic (87.), 0:4 Darko Avramovic (90.).<\/span><\/h5>\n<h5><span style=\"font-size: 16px;\">SG 28 &#8211; SV Niederursel 0:12 (0:6)<\/span><\/h5>\n<p><img loading=\"lazy\" decoding=\"async\" class=\"alignnone size-full wp-image-3203\" src=\"http:\/\/insideamateurfussball-ffm.de\/wp-content\/uploads\/2022\/10\/SG-28.jpg\" alt=\"\" width=\"68\" height=\"80\" \/><img loading=\"lazy\" decoding=\"async\" class=\"alignnone size-full wp-image-2580\" src=\"http:\/\/insideamateurfussball-ffm.de\/wp-content\/uploads\/2022\/09\/Niederursel.png\" alt=\"\" width=\"63\" height=\"80\" \/><\/p>\n<p><span style=\"font-size: 16px; color: #003300;\">Gegen die desolate Abwehr der Gastgeber gelang Niederursel im Schnelldurchlauf ein volles Dutzend Tore an der Ackermannwiese. <\/span><\/p>\n<h5><span style=\"font-size: 16px;\">Tore: 0:1 Christian Ritzheim (24.), 0:2 Arshdeep Singh (34.), 0:3 Zdenko Simunkovic (39.), 0:4 Ilias Becker (40.), 0:5 Kemal Altun (42.\/Eigentor), 0:6 Mehmet Uygun (45.), 0:7 Zdenko Simunkovic (49.), 0:8, 0:9 Christian Ritzheim (50.\/58.), 0:10 Natan Abraham (66.), 0:11 Ilias Becker (85.), 0:12 Peter Hartinger (88.).<\/span><\/h5>\n<h5><span style=\"font-size: 16px;\">FV 09 Eschersheim &#8211; FV Saz-Rock 3:2 (2:2)<\/span><\/h5>\n<p><img loading=\"lazy\" decoding=\"async\" class=\"alignnone size-full wp-image-3204\" src=\"http:\/\/insideamateurfussball-ffm.de\/wp-content\/uploads\/2022\/10\/fv-09.jpg\" alt=\"\" width=\"80\" height=\"78\" \/><img loading=\"lazy\" decoding=\"async\" class=\"alignnone size-full wp-image-25\" src=\"http:\/\/insideamateurfussball-ffm.de\/wp-content\/uploads\/2021\/11\/saz-rock.jpg\" alt=\"\" width=\"80\" height=\"76\" \/><\/p>\n<p><span style=\"font-size: 16px; color: #003300;\">Der punktlose Tabellenletzte war nah dran am ersten Punktgewinn, gab aber in Eschersheim eine zweimalige F\u00fchrung noch aus der Hand.\u00a0<\/span><\/p>\n<h5><span style=\"font-size: 16px;\">Tore: 0:1 Munib Ahmad Mian (7.), 1:1 Lukas Bendix (12.), 1:2 Oussama Boutharouit (20.), 2:2 Katriot Selmanaj (22.), 3:2 Jamal Eltayeb (72.).<\/span><\/h5>\n<h5><span style=\"font-size: 16px;\">VfR Bockenheim &#8211; SG Praunheim 4:1 (3:1)<\/span><\/h5>\n<p><img loading=\"lazy\" decoding=\"async\" class=\"alignnone size-full wp-image-334\" src=\"http:\/\/insideamateurfussball-ffm.de\/wp-content\/uploads\/2022\/05\/Bockenheim.jpg\" alt=\"\" width=\"78\" height=\"80\" \/><img loading=\"lazy\" decoding=\"async\" class=\"alignnone size-full wp-image-2588\" src=\"http:\/\/insideamateurfussball-ffm.de\/wp-content\/uploads\/2022\/09\/Praunheim.jpg\" alt=\"\" width=\"79\" height=\"80\" \/><\/p>\n<h5><span style=\"font-size: 16px;\">Tore: 1:0 Karim Ben Neticha (8.), 2:0 Norman Syed (16.), 3:0 Modou Lamin Corr (31.), 3:1 Baran Yilmaz (40.), 4:1 Maximilian Hausmann (71.).<\/span><\/h5>\n<h5><span style=\"font-size: 16px;\">Germania Ginnheim &#8211; 1. FC 02 R\u00f6delheim 1:4 (0:2)<\/span><\/h5>\n<p><img loading=\"lazy\" decoding=\"async\" class=\"alignnone size-full wp-image-3205\" src=\"http:\/\/insideamateurfussball-ffm.de\/wp-content\/uploads\/2022\/10\/Ginnheim.jpg\" alt=\"\" width=\"80\" height=\"80\" \/><img loading=\"lazy\" decoding=\"async\" class=\"alignnone size-full wp-image-932\" src=\"http:\/\/insideamateurfussball-ffm.de\/wp-content\/uploads\/2022\/06\/Roedelheim.jpg\" alt=\"\" width=\"80\" height=\"73\" \/><\/p>\n<h5><span style=\"font-size: 16px;\">Tore: 0:1 Dennis Penk (15.), 0:2 Jakob Nobbe (31.), 0:3 Paskal Marinic (57.), 1:3 Yassir Achati (64.), 1:4 Alexander Schubert (83.).<\/span><\/h5>\n<h5><span style=\"font-size: 16px;\">SV Bonames &#8211; SG Harheim II 2:1 (1:1)\u00a0<\/span><\/h5>\n<p><img loading=\"lazy\" decoding=\"async\" class=\"alignnone size-full wp-image-281\" src=\"http:\/\/insideamateurfussball-ffm.de\/wp-content\/uploads\/2022\/05\/Bonames.png\" alt=\"\" width=\"80\" height=\"80\" \/><img loading=\"lazy\" decoding=\"async\" class=\"alignnone size-full wp-image-284\" src=\"http:\/\/insideamateurfussball-ffm.de\/wp-content\/uploads\/2022\/05\/Harheim.jpg\" alt=\"\" width=\"78\" height=\"80\" \/><\/p>\n<h5><span style=\"font-size: 16px;\">Tore: 1:0 Michael David Berntal (9.), 1:1 Miguel Angelo Lacerda (17.), 2:1 Eric Thorwarth (49.).<\/span><\/h5>\n<figure id=\"attachment_3206\" aria-describedby=\"caption-attachment-3206\" style=\"width: 692px\" class=\"wp-caption alignnone\"><img loading=\"lazy\" decoding=\"async\" class=\"wp-image-3206 size-full\" src=\"http:\/\/insideamateurfussball-ffm.de\/wp-content\/uploads\/2022\/10\/221011_TabKLA.png\" alt=\"\" width=\"692\" height=\"692\" srcset=\"https:\/\/insideamateurfussball-ffm.de\/wp-content\/uploads\/2022\/10\/221011_TabKLA.png 692w, https:\/\/insideamateurfussball-ffm.de\/wp-content\/uploads\/2022\/10\/221011_TabKLA-300x300.png 300w, https:\/\/insideamateurfussball-ffm.de\/wp-content\/uploads\/2022\/10\/221011_TabKLA-150x150.png 150w\" sizes=\"auto, (max-width: 692px) 100vw, 692px\" \/><figcaption id=\"caption-attachment-3206\" class=\"wp-caption-text\">Grafik: Cickovic (SV Bonames).<\/figcaption><\/figure>\n","protected":false},"excerpt":{"rendered":"<p>In der Kreisliga A Frankfurt (Gruppe 1), der einstigen Nordwest-Staffel, wird im Gegensatz zur Parallelgruppe mit 18 Vereinen gespielt, da es hier bislang keinen R\u00fcckzug gab. Tabellenf\u00fchrer SV Griesheim Tarik kam im Heimspiel gegen den TuS Nieder-Eschbach nicht \u00fcber ein 1:1 hinaus und spielte erstmals in dieser Saison nur Remis. Dennoch f\u00fchrt der Kreisoberliga-Absteiger das [&hellip;]<\/p>\n","protected":false},"author":1,"featured_media":0,"comment_status":"open","ping_status":"open","sticky":false,"template":"","format":"standard","meta":{"footnotes":""},"categories":[12],"tags":[],"class_list":["post-3200","post","type-post","status-publish","format-standard","hentry","category-kreisliga-a1"],"_links":{"self":[{"href":"https:\/\/insideamateurfussball-ffm.de\/index.php?rest_route=\/wp\/v2\/posts\/3200","targetHints":{"allow":["GET"]}}],"collection":[{"href":"https:\/\/insideamateurfussball-ffm.de\/index.php?rest_route=\/wp\/v2\/posts"}],"about":[{"href":"https:\/\/insideamateurfussball-ffm.de\/index.php?rest_route=\/wp\/v2\/types\/post"}],"author":[{"embeddable":true,"href":"https:\/\/insideamateurfussball-ffm.de\/index.php?rest_route=\/wp\/v2\/users\/1"}],"replies":[{"embeddable":true,"href":"https:\/\/insideamateurfussball-ffm.de\/index.php?rest_route=%2Fwp%2Fv2%2Fcomments&post=3200"}],"version-history":[{"count":1,"href":"https:\/\/insideamateurfussball-ffm.de\/index.php?rest_route=\/wp\/v2\/posts\/3200\/revisions"}],"predecessor-version":[{"id":3207,"href":"https:\/\/insideamateurfussball-ffm.de\/index.php?rest_route=\/wp\/v2\/posts\/3200\/revisions\/3207"}],"wp:attachment":[{"href":"https:\/\/insideamateurfussball-ffm.de\/index.php?rest_route=%2Fwp%2Fv2%2Fmedia&parent=3200"}],"wp:term":[{"taxonomy":"category","embeddable":true,"href":"https:\/\/insideamateurfussball-ffm.de\/index.php?rest_route=%2Fwp%2Fv2%2Fcategories&post=3200"},{"taxonomy":"post_tag","embeddable":true,"href":"https:\/\/insideamateurfussball-ffm.de\/index.php?rest_route=%2Fwp%2Fv2%2Ftags&post=3200"}],"curies":[{"name":"wp","href":"https:\/\/api.w.org\/{rel}","templated":true}]}}