{"id":31988,"date":"2026-04-28T21:19:31","date_gmt":"2026-04-28T20:19:31","guid":{"rendered":"https:\/\/insideamateurfussball-ffm.de\/?p=31988"},"modified":"2026-04-28T21:19:31","modified_gmt":"2026-04-28T20:19:31","slug":"saz-rock-gewinnt-ueberraschend-bei-griesheim-ii","status":"publish","type":"post","link":"https:\/\/insideamateurfussball-ffm.de\/?p=31988","title":{"rendered":"Saz-Rock gewinnt \u00fcberraschend bei Griesheim II"},"content":{"rendered":"<h5><span style=\"font-size: 16px;\">Mit einem Sieg w\u00e4re der Klassenerhalt sicher gewesen, doch die Spvgg. 02 Griesheim II unterlag im Heimspiel gegen den FV Saz-Rock \u00fcberraschend mit 1:4 (0:3), der sich damit vom Relegationsplatz auf Rang 15 l\u00f6ste.\u00a0<\/span><\/h5>\n<figure id=\"attachment_31989\" aria-describedby=\"caption-attachment-31989\" style=\"width: 150px\" class=\"wp-caption alignleft\"><img loading=\"lazy\" decoding=\"async\" class=\"wp-image-31989 size-thumbnail\" src=\"http:\/\/insideamateurfussball-ffm.de\/wp-content\/uploads\/2026\/04\/saz-rock4-150x150.jpg\" alt=\"\" width=\"150\" height=\"150\" \/><figcaption id=\"caption-attachment-31989\" class=\"wp-caption-text\">Der Griesheimer Semir Ribic enteilt hier zwei Saz-Rock-Kickern. Foto: Mithat G\u00fcrser.\u00a0\u00a0<\/figcaption><\/figure>\n<h5><span style=\"font-size: 16px;\">Spvgg. 02 Griesheim &#8211; FV Saz-Rock 1:4 (0:3)<\/span><\/h5>\n<p><img loading=\"lazy\" decoding=\"async\" class=\"alignnone size-full wp-image-287\" src=\"http:\/\/insideamateurfussball-ffm.de\/wp-content\/uploads\/2022\/05\/SpVgg._02_Griesheim_02.jpg\" alt=\"\" width=\"100\" height=\"100\" \/><img loading=\"lazy\" decoding=\"async\" class=\"alignnone size-full wp-image-25\" src=\"http:\/\/insideamateurfussball-ffm.de\/wp-content\/uploads\/2021\/11\/saz-rock.jpg\" alt=\"\" width=\"80\" height=\"76\" \/><\/p>\n<p><span style=\"font-size: 16px;\">Die G\u00e4ste, die mit 155 Gegentoren die &#8222;Schie\u00dfbude&#8220; der Liga sind, \u00fcberraschten an der Eichenstra\u00dfe mit einer disziplinierten Abwehrleistung und trafen vorne konsequent. Mohamed Bangoura (10.\/Foulelfmeter), Brad Carlson Zeng (13.), Kapit\u00e4n Yael Ananda Helwes (45.\/+1) und Heni Bourigua (49.) zogen auf 4:0 davon. <\/span><\/p>\n<p><span style=\"font-size: 16px;\">Die konsternierte Griesheimer Reserve konnte nur durch Len Stubenrecht verk\u00fcrzen (84.). <\/span><\/p>\n<p><span style=\"font-size: 16px;\">Immerhin: Der direkte Vergleich konnte dank des 6:0-Sieges im Hinspiel gezogen werden. Damit bleibt es vier Spieltage vor Schluss bei neun Punkten Vorsprung vor dem Relegationsplatz, den jetzt die SG Harheim II innehat. Dort gastiert das Team von Trainer Jamal El Baouti am Sonntag, das Hinspiel endete 2:2. Ein Remis w\u00fcrde angesichts der wesentlich besseren Tordifferenz bei dann weiter neun Punkten mehr zum Ligaerhalt schon reichen. <\/span><\/p>\n<p><span style=\"font-size: 16px;\">&#8222;Saz-Rock hat uns den Schneid abgekauft und war immer im richtigen Moment da&#8220;, stellte El Baouti fest, der den Club nach Saisonende wieder verl\u00e4sst.\u00a0<\/span><\/p>\n<p>\u00a0<\/p>\n\n\n<figure class=\"wp-block-pullquote\"><blockquote><p><strong>&#8222;Saz-Rock hat uns den Schneid abgekauft und war immer im richtigen Moment da.&#8220;<\/strong><\/p><cite><strong>Griesheim II-Trainer JAMAL EL Baouti<\/strong><\/cite><\/blockquote><\/figure>\n\n\n<ul>\n<li><strong><span style=\"font-size: 16px;\">Schiedsrichter: Mustafa Simsek (SC Steinberg). <\/span><\/strong><\/li>\n<li><strong><span style=\"font-size: 16px;\">Zuschauer: 60. <\/span><\/strong><\/li>\n<li><strong><span style=\"font-size: 16px;\">Tore: 0:1 Mohamed Bangoura (10.\/Foulelfmeter), 0:2 Brad Carlson Zeng (13.), 0:3 Yael Ananda Helwes (45.\/+1), 0:4 Heni Bourigua (49.), 1:4 Len Stubenrecht (84.). <\/span><\/strong><\/li>\n<li><strong><span style=\"font-size: 16px;\">Bildergalerie: Mithat G\u00fcrser.\u00a0\u00a0<\/span><\/strong><\/li>\n<\/ul>\n\n\n<figure class=\"wp-block-image size-full\"><img loading=\"lazy\" decoding=\"async\" width=\"886\" height=\"581\" src=\"http:\/\/insideamateurfussball-ffm.de\/wp-content\/uploads\/2026\/04\/saz-rock4.jpg\" alt=\"\" class=\"wp-image-31989\" srcset=\"https:\/\/insideamateurfussball-ffm.de\/wp-content\/uploads\/2026\/04\/saz-rock4.jpg 886w, https:\/\/insideamateurfussball-ffm.de\/wp-content\/uploads\/2026\/04\/saz-rock4-300x197.jpg 300w, https:\/\/insideamateurfussball-ffm.de\/wp-content\/uploads\/2026\/04\/saz-rock4-768x504.jpg 768w\" sizes=\"auto, (max-width: 886px) 100vw, 886px\" \/><\/figure>\n\n\n\n<figure class=\"wp-block-gallery has-nested-images columns-default is-cropped wp-block-gallery-1 is-layout-flex wp-block-gallery-is-layout-flex\">\n<figure class=\"wp-block-image size-large\"><img loading=\"lazy\" decoding=\"async\" width=\"886\" height=\"639\" data-id=\"31990\" src=\"https:\/\/insideamateurfussball-ffm.de\/wp-content\/uploads\/2026\/04\/sat-rock2.jpg\" alt=\"\" class=\"wp-image-31990\" srcset=\"https:\/\/insideamateurfussball-ffm.de\/wp-content\/uploads\/2026\/04\/sat-rock2.jpg 886w, https:\/\/insideamateurfussball-ffm.de\/wp-content\/uploads\/2026\/04\/sat-rock2-300x216.jpg 300w, https:\/\/insideamateurfussball-ffm.de\/wp-content\/uploads\/2026\/04\/sat-rock2-768x554.jpg 768w\" sizes=\"auto, (max-width: 886px) 100vw, 886px\" \/><\/figure>\n<\/figure>\n\n\n\n<figure class=\"wp-block-image size-full\"><img loading=\"lazy\" decoding=\"async\" width=\"886\" height=\"670\" src=\"https:\/\/insideamateurfussball-ffm.de\/wp-content\/uploads\/2026\/04\/saz-rock7.jpg\" alt=\"\" class=\"wp-image-31991\" srcset=\"https:\/\/insideamateurfussball-ffm.de\/wp-content\/uploads\/2026\/04\/saz-rock7.jpg 886w, https:\/\/insideamateurfussball-ffm.de\/wp-content\/uploads\/2026\/04\/saz-rock7-300x227.jpg 300w, https:\/\/insideamateurfussball-ffm.de\/wp-content\/uploads\/2026\/04\/saz-rock7-768x581.jpg 768w\" sizes=\"auto, (max-width: 886px) 100vw, 886px\" \/><\/figure>\n\n\n\n<figure class=\"wp-block-image size-full\"><img loading=\"lazy\" decoding=\"async\" width=\"901\" height=\"637\" src=\"https:\/\/insideamateurfussball-ffm.de\/wp-content\/uploads\/2026\/04\/saz-rock1.jpg\" alt=\"\" class=\"wp-image-31992\" srcset=\"https:\/\/insideamateurfussball-ffm.de\/wp-content\/uploads\/2026\/04\/saz-rock1.jpg 901w, https:\/\/insideamateurfussball-ffm.de\/wp-content\/uploads\/2026\/04\/saz-rock1-300x212.jpg 300w, https:\/\/insideamateurfussball-ffm.de\/wp-content\/uploads\/2026\/04\/saz-rock1-768x543.jpg 768w\" sizes=\"auto, (max-width: 901px) 100vw, 901px\" \/><\/figure>\n\n\n\n<figure class=\"wp-block-image size-full\"><img loading=\"lazy\" decoding=\"async\" width=\"886\" height=\"589\" src=\"https:\/\/insideamateurfussball-ffm.de\/wp-content\/uploads\/2026\/04\/sac-rok-.jpg\" alt=\"\" class=\"wp-image-31993\" srcset=\"https:\/\/insideamateurfussball-ffm.de\/wp-content\/uploads\/2026\/04\/sac-rok-.jpg 886w, https:\/\/insideamateurfussball-ffm.de\/wp-content\/uploads\/2026\/04\/sac-rok--300x199.jpg 300w, https:\/\/insideamateurfussball-ffm.de\/wp-content\/uploads\/2026\/04\/sac-rok--768x511.jpg 768w\" sizes=\"auto, (max-width: 886px) 100vw, 886px\" \/><\/figure>\n\n\n\n<figure class=\"wp-block-image size-full\"><img loading=\"lazy\" decoding=\"async\" width=\"886\" height=\"720\" src=\"https:\/\/insideamateurfussball-ffm.de\/wp-content\/uploads\/2026\/04\/saz-rock6.jpg\" alt=\"\" class=\"wp-image-31994\" srcset=\"https:\/\/insideamateurfussball-ffm.de\/wp-content\/uploads\/2026\/04\/saz-rock6.jpg 886w, https:\/\/insideamateurfussball-ffm.de\/wp-content\/uploads\/2026\/04\/saz-rock6-300x244.jpg 300w, https:\/\/insideamateurfussball-ffm.de\/wp-content\/uploads\/2026\/04\/saz-rock6-768x624.jpg 768w\" sizes=\"auto, (max-width: 886px) 100vw, 886px\" \/><\/figure>\n\n\n\n<figure class=\"wp-block-image size-full\"><img loading=\"lazy\" decoding=\"async\" width=\"864\" height=\"572\" src=\"https:\/\/insideamateurfussball-ffm.de\/wp-content\/uploads\/2026\/04\/saz-roc3.jpg\" alt=\"\" class=\"wp-image-31995\" srcset=\"https:\/\/insideamateurfussball-ffm.de\/wp-content\/uploads\/2026\/04\/saz-roc3.jpg 864w, https:\/\/insideamateurfussball-ffm.de\/wp-content\/uploads\/2026\/04\/saz-roc3-300x199.jpg 300w, https:\/\/insideamateurfussball-ffm.de\/wp-content\/uploads\/2026\/04\/saz-roc3-768x508.jpg 768w\" sizes=\"auto, (max-width: 864px) 100vw, 864px\" \/><\/figure>\n\n\n\n<figure class=\"wp-block-image size-full\"><img loading=\"lazy\" decoding=\"async\" width=\"886\" height=\"636\" src=\"https:\/\/insideamateurfussball-ffm.de\/wp-content\/uploads\/2026\/04\/saz-rock9.jpg\" alt=\"\" class=\"wp-image-31996\" srcset=\"https:\/\/insideamateurfussball-ffm.de\/wp-content\/uploads\/2026\/04\/saz-rock9.jpg 886w, https:\/\/insideamateurfussball-ffm.de\/wp-content\/uploads\/2026\/04\/saz-rock9-300x215.jpg 300w, https:\/\/insideamateurfussball-ffm.de\/wp-content\/uploads\/2026\/04\/saz-rock9-768x551.jpg 768w\" sizes=\"auto, (max-width: 886px) 100vw, 886px\" \/><\/figure>\n","protected":false},"excerpt":{"rendered":"<p>Mit einem Sieg w\u00e4re der Klassenerhalt sicher gewesen, doch die Spvgg. 02 Griesheim II unterlag im Heimspiel gegen den FV Saz-Rock \u00fcberraschend mit 1:4 (0:3), der sich damit vom Relegationsplatz auf Rang 15 l\u00f6ste.\u00a0 Spvgg. 02 Griesheim &#8211; FV Saz-Rock 1:4 (0:3) Die G\u00e4ste, die mit 155 Gegentoren die &#8222;Schie\u00dfbude&#8220; der Liga sind, \u00fcberraschten an [&hellip;]<\/p>\n","protected":false},"author":1,"featured_media":31989,"comment_status":"closed","ping_status":"closed","sticky":true,"template":"","format":"standard","meta":{"footnotes":""},"categories":[12],"tags":[],"class_list":["post-31988","post","type-post","status-publish","format-standard","has-post-thumbnail","hentry","category-kreisliga-a1"],"_links":{"self":[{"href":"https:\/\/insideamateurfussball-ffm.de\/index.php?rest_route=\/wp\/v2\/posts\/31988","targetHints":{"allow":["GET"]}}],"collection":[{"href":"https:\/\/insideamateurfussball-ffm.de\/index.php?rest_route=\/wp\/v2\/posts"}],"about":[{"href":"https:\/\/insideamateurfussball-ffm.de\/index.php?rest_route=\/wp\/v2\/types\/post"}],"author":[{"embeddable":true,"href":"https:\/\/insideamateurfussball-ffm.de\/index.php?rest_route=\/wp\/v2\/users\/1"}],"replies":[{"embeddable":true,"href":"https:\/\/insideamateurfussball-ffm.de\/index.php?rest_route=%2Fwp%2Fv2%2Fcomments&post=31988"}],"version-history":[{"count":1,"href":"https:\/\/insideamateurfussball-ffm.de\/index.php?rest_route=\/wp\/v2\/posts\/31988\/revisions"}],"predecessor-version":[{"id":31997,"href":"https:\/\/insideamateurfussball-ffm.de\/index.php?rest_route=\/wp\/v2\/posts\/31988\/revisions\/31997"}],"wp:featuredmedia":[{"embeddable":true,"href":"https:\/\/insideamateurfussball-ffm.de\/index.php?rest_route=\/wp\/v2\/media\/31989"}],"wp:attachment":[{"href":"https:\/\/insideamateurfussball-ffm.de\/index.php?rest_route=%2Fwp%2Fv2%2Fmedia&parent=31988"}],"wp:term":[{"taxonomy":"category","embeddable":true,"href":"https:\/\/insideamateurfussball-ffm.de\/index.php?rest_route=%2Fwp%2Fv2%2Fcategories&post=31988"},{"taxonomy":"post_tag","embeddable":true,"href":"https:\/\/insideamateurfussball-ffm.de\/index.php?rest_route=%2Fwp%2Fv2%2Ftags&post=31988"}],"curies":[{"name":"wp","href":"https:\/\/api.w.org\/{rel}","templated":true}]}}