{"id":31984,"date":"2026-04-28T20:37:47","date_gmt":"2026-04-28T19:37:47","guid":{"rendered":"https:\/\/insideamateurfussball-ffm.de\/?p=31984"},"modified":"2026-04-28T20:38:31","modified_gmt":"2026-04-28T19:38:31","slug":"stellungnahme-tus-makkabi-zu-bernsteins-aussagen","status":"publish","type":"post","link":"https:\/\/insideamateurfussball-ffm.de\/?p=31984","title":{"rendered":"Stellungnahme TuS Makkabi zu Bernsteins Aussagen"},"content":{"rendered":"<h5><span style=\"font-size: 16px;\">Als Reaktion auf die Aussagen von Harheims Trainer Gabriel Bernstein im Spielbericht TuS Makkabi &#8211; SG Harheim 1:1 erhielten wir heute eine Stellungnahme des Vereins TuS Makkabi vertreten durch Vorstandsmitglied Lenny Lemler, der das Geschehen pers\u00f6nlich vor Ort wahrgenommen hat. Diese ver\u00f6ffentlichen wir zur allgemeinen Kenntnisnahme.\u00a0<\/span><\/h5>\n<figure id=\"attachment_31985\" aria-describedby=\"caption-attachment-31985\" style=\"width: 150px\" class=\"wp-caption alignleft\"><img loading=\"lazy\" decoding=\"async\" class=\"wp-image-31985 size-thumbnail\" src=\"http:\/\/insideamateurfussball-ffm.de\/wp-content\/uploads\/2026\/04\/hedd-makk7-1-150x150.jpg\" alt=\"\" width=\"150\" height=\"150\" \/><figcaption id=\"caption-attachment-31985\" class=\"wp-caption-text\">Die Mannschaft von TuS Makkabi im Kreis. Foto: Archiv Mithat G\u00fcrser.<\/figcaption><\/figure>\n<p><img loading=\"lazy\" decoding=\"async\" class=\"alignnone size-full wp-image-90\" src=\"http:\/\/insideamateurfussball-ffm.de\/wp-content\/uploads\/2022\/05\/makkabi-neu.jpg\" alt=\"\" width=\"80\" height=\"80\" \/><\/p>\n<p><span style=\"font-size: 16px;\">&#8222;<\/span><span style=\"font-size: 16px;\">Die Aussagen von Herrn Bernstein sind in dieser Form schlichtweg weder nachvollziehbar noch akzeptabel. Sein Nachname hat zudem genauso wenig Relevanz wie die Tatsache, dass er bei dem Spiel groteskerweise nicht mal anwesend war. Unter diesen Voraussetzungen sollte man sich sehr genau \u00fcberlegen, ob und wie man sich im Nachgang \u00f6ffentlich \u00e4u\u00dfert. Auf Basis von Videoaufnahmen pauschale Vorw\u00fcrfe zu erheben, ohne die Situation vor Ort selbst erlebt zu haben, ist unseri\u00f6s und wird der Realit\u00e4t nicht gerecht. <\/span><\/p>\n<p><span style=\"font-size: 16px;\">Zum angesprochenen Foul: sicherlich kann man \u00fcber die Entscheidung des Schiedsrichters diskutieren, so wie bei vielen Entscheidungen der Schiedsrichter an jedem Sonntag. Was wir jedoch entschieden zur\u00fcckweisen, sind die Unterstellungen bez\u00fcglich angeblich unangebrachter Kommentare von unserer Bank. Diese hat es in der behaupteten Form nicht gegeben. Dar\u00fcber hinaus haben wir unmittelbar nach dieser Szene sowie bei zwei Verletzungsunterbrechungen davor unseren Arztkoffer kollegialerweise und f\u00fcr uns selbstverst\u00e4ndlich zur Verf\u00fcgung gestellt, weil Harheim keinen dabei hatte.<\/span><\/p>\n<p><span style=\"font-size: 16px;\"> Dieser Fakt bleibt offenbar bewusst unausgesprochen. <\/span><span style=\"font-size: 16px;\">Im Zuge der Verletzung haben sich unser Trainer als auch ein Vorstandsmitglied von Makkabi mehrmals pers\u00f6nlich beim betroffenen Torwart entschuldigt, gefragt ob wir noch helfen k\u00f6nnen und ihm gute Besserung gew\u00fcnscht. Auch das scheint in der Darstellung von Herrn Bernstein keinen Platz zu finden. <\/span><span style=\"font-size: 16px;\">Besonders irritierend ist zudem, dass selbst aus den Reihen der eigenen Mannschaft zu h\u00f6ren ist, dass es keine negativen oder respektlosen \u00c4u\u00dferungen von Makkabi gegeben hat. Wenn die eigenen Spieler das best\u00e4tigen, stellt sich umso mehr die Frage, auf welcher Grundlage hier ein Bed\u00fcrfnis f\u00fcr \u00f6ffentliche Kritik besteht. <\/span><\/p>\n<p><span style=\"font-size: 16px;\">Wer Fairness einfordert, sollte sie auch selbst leben \u2013 und dazu geh\u00f6rt vor allem, sich nur dann \u00f6ffentlich zu \u00e4u\u00dfern, wenn man die Situation aus erster Hand beurteilen kann. Herr Bernstein w\u00e4re gut beraten, in Zukunft mehr Zur\u00fcckhaltung zu zeigen, anstatt unbegr\u00fcndete Vorw\u00fcrfe in den Raum zu stellen. <\/span><span style=\"font-size: 16px;\">F\u00fcr alle, die sich ein eigenes Bild machen m\u00f6chten: das Spiel ist vollst\u00e4ndig einsehbar. Wir empfehlen ausdr\u00fccklich, sich die betreffende Szene mit Ton anzuschauen und die angeblich \u201eunn\u00f6tigen Kommentare\u201c selbst zu bewerten<\/span>.&#8220;<\/p>\n","protected":false},"excerpt":{"rendered":"<p>Als Reaktion auf die Aussagen von Harheims Trainer Gabriel Bernstein im Spielbericht TuS Makkabi &#8211; SG Harheim 1:1 erhielten wir heute eine Stellungnahme des Vereins TuS Makkabi vertreten durch Vorstandsmitglied Lenny Lemler, der das Geschehen pers\u00f6nlich vor Ort wahrgenommen hat. Diese ver\u00f6ffentlichen wir zur allgemeinen Kenntnisnahme.\u00a0 &#8222;Die Aussagen von Herrn Bernstein sind in dieser Form [&hellip;]<\/p>\n","protected":false},"author":1,"featured_media":31985,"comment_status":"closed","ping_status":"closed","sticky":true,"template":"","format":"standard","meta":{"footnotes":""},"categories":[2],"tags":[],"class_list":["post-31984","post","type-post","status-publish","format-standard","has-post-thumbnail","hentry","category-kreisoberliga-frankfurt"],"_links":{"self":[{"href":"https:\/\/insideamateurfussball-ffm.de\/index.php?rest_route=\/wp\/v2\/posts\/31984","targetHints":{"allow":["GET"]}}],"collection":[{"href":"https:\/\/insideamateurfussball-ffm.de\/index.php?rest_route=\/wp\/v2\/posts"}],"about":[{"href":"https:\/\/insideamateurfussball-ffm.de\/index.php?rest_route=\/wp\/v2\/types\/post"}],"author":[{"embeddable":true,"href":"https:\/\/insideamateurfussball-ffm.de\/index.php?rest_route=\/wp\/v2\/users\/1"}],"replies":[{"embeddable":true,"href":"https:\/\/insideamateurfussball-ffm.de\/index.php?rest_route=%2Fwp%2Fv2%2Fcomments&post=31984"}],"version-history":[{"count":2,"href":"https:\/\/insideamateurfussball-ffm.de\/index.php?rest_route=\/wp\/v2\/posts\/31984\/revisions"}],"predecessor-version":[{"id":31987,"href":"https:\/\/insideamateurfussball-ffm.de\/index.php?rest_route=\/wp\/v2\/posts\/31984\/revisions\/31987"}],"wp:featuredmedia":[{"embeddable":true,"href":"https:\/\/insideamateurfussball-ffm.de\/index.php?rest_route=\/wp\/v2\/media\/31985"}],"wp:attachment":[{"href":"https:\/\/insideamateurfussball-ffm.de\/index.php?rest_route=%2Fwp%2Fv2%2Fmedia&parent=31984"}],"wp:term":[{"taxonomy":"category","embeddable":true,"href":"https:\/\/insideamateurfussball-ffm.de\/index.php?rest_route=%2Fwp%2Fv2%2Fcategories&post=31984"},{"taxonomy":"post_tag","embeddable":true,"href":"https:\/\/insideamateurfussball-ffm.de\/index.php?rest_route=%2Fwp%2Fv2%2Ftags&post=31984"}],"curies":[{"name":"wp","href":"https:\/\/api.w.org\/{rel}","templated":true}]}}