{"id":31980,"date":"2026-04-28T15:05:00","date_gmt":"2026-04-28T14:05:00","guid":{"rendered":"https:\/\/insideamateurfussball-ffm.de\/?p=31980"},"modified":"2026-04-28T20:19:29","modified_gmt":"2026-04-28T19:19:29","slug":"posavina-wittert-nun-chancen-auf-relegation","status":"publish","type":"post","link":"https:\/\/insideamateurfussball-ffm.de\/?p=31980","title":{"rendered":"Posavina wittert nun Chancen auf Relegation"},"content":{"rendered":"<h5><span style=\"font-size: 16px;\">Pl\u00f6tzlich wird der FC Posavina zu einem ernst zu nehmenden Kandidaten auf die Relegationsteilnahme. Nach dem 3:2-Ausw\u00e4rtssieg im Ostpark beim FC Gudesding liegt das Team von Trainer Danijel Koturic auf Rang f\u00fcnf nur noch drei Punkte hinter dem SV 07 Heddernheim und hat noch eine Partie mehr auszutragen. F\u00fcr Gudesding auf Rang zehn l\u00e4uft die Saison im gesicherten Mittelfeld auf Platz zehn beruhigend aus, der FCG kann f\u00fcr die neue Runde planen.\u00a0<\/span><\/h5>\n<figure id=\"attachment_31981\" aria-describedby=\"caption-attachment-31981\" style=\"width: 150px\" class=\"wp-caption alignleft\"><img loading=\"lazy\" decoding=\"async\" class=\"wp-image-31981 size-thumbnail\" src=\"http:\/\/insideamateurfussball-ffm.de\/wp-content\/uploads\/2026\/04\/conc-pos12-4-150x150.jpg\" alt=\"\" width=\"150\" height=\"150\" \/><figcaption id=\"caption-attachment-31981\" class=\"wp-caption-text\">Kann Posavina Rang zwei noch erreichen? Foto: Archiv Mithat G\u00fcrser.\u00a0\u00a0<\/figcaption><\/figure>\n<h5><span style=\"font-size: 16px;\">FC Gudesding &#8211; FC Posavina 2:3 (1:1)<\/span><\/h5>\n<p><img loading=\"lazy\" decoding=\"async\" class=\"alignnone size-full wp-image-10\" src=\"http:\/\/insideamateurfussball-ffm.de\/wp-content\/uploads\/2021\/11\/Gudesding.jpg\" alt=\"\" width=\"64\" height=\"80\" \/><img loading=\"lazy\" decoding=\"async\" class=\"alignnone size-full wp-image-22\" src=\"http:\/\/insideamateurfussball-ffm.de\/wp-content\/uploads\/2021\/11\/posavina.jpg\" alt=\"\" width=\"63\" height=\"80\" \/><\/p>\n<p><span style=\"font-size: 16px;\">Gudesding konnte im &#8222;Ost-Derby&#8220; nur eine der vielen Chancen in Halbzeit eins nutzen, Suhaib Feras Mahmoud Alasad traf zum 1:0 (21.). Entscheidend waren die Treffer der G\u00e4ste kurz vor und nach der Halbzeit. Ein Absto\u00df kam postwendend zur\u00fcck, Posavina-St\u00fcrmer Anto Arlovic bedankte sich mit dem Ausgleich (45.\/+2). <\/span><\/p>\n<p><span style=\"font-size: 16px;\">Nach dem Seitenwechsel vollendete Manir Can Karasu einen Angriff der Kroaten vom Riederwald zum 1:2 (46.). Gudesding-Trainer Maik Rudolf wechselte in der 63. Minute im Block vier Spieler ein. &#8222;Das hatten wir vorher abgesprochen. Wir wollten auch anderen Spielern Spielzeit geben&#8220;, erkl\u00e4rte der Coach.<\/span><\/p>\n<ul>\n<li><strong><span style=\"font-size: 16px;\">Noch schweres Restprogramm f\u00fcr Posavina\u00a0<\/span><\/strong><\/li>\n<\/ul>\n<p><span style=\"font-size: 16px;\">Die G\u00e4ste nutzten einen Konter durch St\u00fcrmer Arlovic zum 1:3 (76.). Der Anschlusstreffer des FCG durch Daniel Peter (83.) weckte noch einmal Hoffnungen, aber es blieb beim 2:3. &#8222;Vorne nutzen wir zu wenige Chancen und hinten treffen wir Entscheidungen, die es dem Gegner leicht machen, Tore zu erzielen&#8220;, erkl\u00e4rte Rudolf. Im Restprogramm wollen die &#8222;Guden&#8220; bei GSU Hellas (A), gegen Enkheim (H), in Ginnheim (A) und bei Union (A) &#8222;mehr Punkte als letzte Saison holen, das waren 43.&#8220; <\/span><\/p>\n<p><span style=\"font-size: 16px;\">F\u00fcr Posavina stehen noch Partien gegen Makkabi (H), in Griesheim (A), gegen Concordia (H) und Harheim (H) an. Pressesprecher Ante Pejic: &#8222;Vor zwei Wochen haben wir ein Turnier am 4. Juni angemeldet, da wir Rang zwei abgeschrieben hatten. Jetzt m\u00fcssen wir wohl improvisieren, falls wir es doch schaffen sollten.&#8220;<\/span><\/p>\n<ul>\n<li><span style=\"font-size: 16px;\"><strong>Schiedsrichter: Mark Uffelmann (Germania Rothenbergen). <\/strong><\/span><\/li>\n<li><span style=\"font-size: 16px;\"><strong>Zuschauer: 75. <\/strong><\/span><\/li>\n<li><span style=\"font-size: 16px;\"><strong>Tore: 1:0 Suhaib Feras Mahmoud Alasad (21.), 1:1 Anto Arlovic (45.\/+2), 1:2 Manir Can Karasu (46.), 1:3 Anto Arlovic (76.), 2:3 Daniel Peter (83.). <\/strong>\u00a0 \u00a0<\/span><\/li>\n<\/ul>\n","protected":false},"excerpt":{"rendered":"<p>Pl\u00f6tzlich wird der FC Posavina zu einem ernst zu nehmenden Kandidaten auf die Relegationsteilnahme. Nach dem 3:2-Ausw\u00e4rtssieg im Ostpark beim FC Gudesding liegt das Team von Trainer Danijel Koturic auf Rang f\u00fcnf nur noch drei Punkte hinter dem SV 07 Heddernheim und hat noch eine Partie mehr auszutragen. F\u00fcr Gudesding auf Rang zehn l\u00e4uft die [&hellip;]<\/p>\n","protected":false},"author":1,"featured_media":31981,"comment_status":"closed","ping_status":"closed","sticky":true,"template":"","format":"standard","meta":{"footnotes":""},"categories":[2],"tags":[],"class_list":["post-31980","post","type-post","status-publish","format-standard","has-post-thumbnail","hentry","category-kreisoberliga-frankfurt"],"_links":{"self":[{"href":"https:\/\/insideamateurfussball-ffm.de\/index.php?rest_route=\/wp\/v2\/posts\/31980","targetHints":{"allow":["GET"]}}],"collection":[{"href":"https:\/\/insideamateurfussball-ffm.de\/index.php?rest_route=\/wp\/v2\/posts"}],"about":[{"href":"https:\/\/insideamateurfussball-ffm.de\/index.php?rest_route=\/wp\/v2\/types\/post"}],"author":[{"embeddable":true,"href":"https:\/\/insideamateurfussball-ffm.de\/index.php?rest_route=\/wp\/v2\/users\/1"}],"replies":[{"embeddable":true,"href":"https:\/\/insideamateurfussball-ffm.de\/index.php?rest_route=%2Fwp%2Fv2%2Fcomments&post=31980"}],"version-history":[{"count":1,"href":"https:\/\/insideamateurfussball-ffm.de\/index.php?rest_route=\/wp\/v2\/posts\/31980\/revisions"}],"predecessor-version":[{"id":31982,"href":"https:\/\/insideamateurfussball-ffm.de\/index.php?rest_route=\/wp\/v2\/posts\/31980\/revisions\/31982"}],"wp:featuredmedia":[{"embeddable":true,"href":"https:\/\/insideamateurfussball-ffm.de\/index.php?rest_route=\/wp\/v2\/media\/31981"}],"wp:attachment":[{"href":"https:\/\/insideamateurfussball-ffm.de\/index.php?rest_route=%2Fwp%2Fv2%2Fmedia&parent=31980"}],"wp:term":[{"taxonomy":"category","embeddable":true,"href":"https:\/\/insideamateurfussball-ffm.de\/index.php?rest_route=%2Fwp%2Fv2%2Fcategories&post=31980"},{"taxonomy":"post_tag","embeddable":true,"href":"https:\/\/insideamateurfussball-ffm.de\/index.php?rest_route=%2Fwp%2Fv2%2Ftags&post=31980"}],"curies":[{"name":"wp","href":"https:\/\/api.w.org\/{rel}","templated":true}]}}