{"id":3197,"date":"2022-10-12T16:04:46","date_gmt":"2022-10-12T14:04:46","guid":{"rendered":"http:\/\/insideamateurfussball-ffm.de\/?p=3197"},"modified":"2025-01-09T16:05:03","modified_gmt":"2025-01-09T15:05:03","slug":"concordia-befreit-sich-mit-10-ueber-bornheim-ii","status":"publish","type":"post","link":"https:\/\/insideamateurfussball-ffm.de\/?p=3197","title":{"rendered":"Concordia befreit sich mit 1:0 \u00fcber Bornheim II"},"content":{"rendered":"<h5><span style=\"font-size: 16px;\">Nach vier Niederlagen in Folge und zwei spielfreien Wochen hat sich Concordia Eschersheim mit einem 1:0 (1:0)-Sieg gegen den Tabellendritten der Kreisoberliga Frankfurt, den starken Aufsteiger SG Bornheim Gr\u00fcn-Weiss II, zur\u00fcck gemeldet und sich aus der unteren Zone befreit. Die Concorden belegen jetzt Rang 13, w\u00e4hrend die Bornheimer Reserve trotz der ersten Niederlage nach sechs brauchbaren Ergebnissen in Folge weiter auf Rang drei steht.\u00a0<\/span><\/h5>\n<figure id=\"attachment_3198\" aria-describedby=\"caption-attachment-3198\" style=\"width: 311px\" class=\"wp-caption alignnone\"><img loading=\"lazy\" decoding=\"async\" class=\"wp-image-3198\" src=\"http:\/\/insideamateurfussball-ffm.de\/wp-content\/uploads\/2022\/10\/gries16-300x245.jpg\" alt=\"\" width=\"311\" height=\"254\" \/><figcaption id=\"caption-attachment-3198\" class=\"wp-caption-text\"><strong>Edoardo Manganelli und Concordia Eschersheim konnten am Sonntag einen 1:0-Sieg feiern. Archivfoto: Mithat G\u00fcrser. <\/strong><\/figcaption><\/figure>\n<h5><span style=\"font-size: 16px;\">Concordia Eschersheim &#8211; SG Bornheim Gr\u00fcn-Weiss II 1:0 (1:0)<\/span><\/h5>\n<p><img loading=\"lazy\" decoding=\"async\" class=\"alignnone size-full wp-image-351\" src=\"http:\/\/insideamateurfussball-ffm.de\/wp-content\/uploads\/2022\/05\/1sv07_news2_4178_01_01_02_01_01_01_01_01_01_01_02_01_01_02.jpg\" alt=\"\" width=\"80\" height=\"80\" \/><img loading=\"lazy\" decoding=\"async\" class=\"alignnone size-full wp-image-119\" src=\"http:\/\/insideamateurfussball-ffm.de\/wp-content\/uploads\/2022\/05\/Bornheim.jpg\" alt=\"\" width=\"80\" height=\"80\" \/><\/p>\n<p><span style=\"font-size: 16px; color: #003300;\">Das entscheidende Tor fiel am Rosegger recht fr\u00fch. In der 11. Minute gab es nach einem Foulspiel des Bornheimer Torh\u00fcters Max Emil Flamme einen Foulelfmeter, den Concordia-Kapit\u00e4n Matthias M\u00fcller verwandelte. &#8222;In der Folge haben wir das Spiel eigentlich \u00fcber 90 Minuten dominiert. Bornheim hatte sehr wenige Abschlusschancen, stand aber auch ganz gut defensiv&#8220;, res\u00fcmierte Concordia-Trainer Andre Winter. <\/span><\/p>\n<p><span style=\"font-size: 16px; color: #003300;\">Da die Eschersheimer trotz mehrerer guter Chancen in der zweiten Halbzeit keinen weiteren Treffer nachlegen konnten, wurde es am Ende nochmal etwas spannend. Dennoch brachte die Concordia den knappen Vorsprung \u00fcber die Ziellinie.<\/span><\/p>\n<blockquote>\n<h5><span style=\"font-size: 16px;\">&#8222;Es war eine konzentrierte und reife Leistung&#8220; (Concordia-Trainer Andre Winter)<\/span><\/h5>\n<\/blockquote>\n<p><span style=\"font-size: 16px; color: #003300;\">&#8222;Ich glaube jeder auf dem Sportplatz hat gesehen, wie stark die Mannschaft ist. Wir haben das Spiel eigentlich \u00fcber die komplette Spieldauer dominiert und hochverdient gewonnen. Dabei war nicht nur die Einstellung super. Vor allem freut mich die taktische Umsetzung. Es war eine konzentrierte und reife Leistung.&#8220; <\/span><\/p>\n<p><span style=\"font-size: 16px; color: #003300;\">Sein Kollege Lucas Milbredt hatte im ersten Abschnitt &#8222;die schlechteste Saisonleistung&#8220; gesehen. &#8222;Da konnten wir froh sein, nur einen Gegentreffer kassiert zu haben. Nach der Pause wurde es besser, aber wir konnten unsere beiden Torchancen nicht nutzen und somit stehen wir erstmals nach sechs Spielen wieder mit leeren H\u00e4nden da.&#8220;\u00a0\u00a0<\/span><\/p>\n<h5><span style=\"font-size: 16px;\">Schiedsrichter: Marius B\u00fcrkin (Sch\u00f6neck). Zuschauer: 120. <\/span><\/h5>\n<h5><span style=\"font-size: 16px;\">Tor: 1:0 Matthias M\u00fcller (11.\/Foulelfmeter).\u00a0<\/span><\/h5>\n","protected":false},"excerpt":{"rendered":"<p>Nach vier Niederlagen in Folge und zwei spielfreien Wochen hat sich Concordia Eschersheim mit einem 1:0 (1:0)-Sieg gegen den Tabellendritten der Kreisoberliga Frankfurt, den starken Aufsteiger SG Bornheim Gr\u00fcn-Weiss II, zur\u00fcck gemeldet und sich aus der unteren Zone befreit. Die Concorden belegen jetzt Rang 13, w\u00e4hrend die Bornheimer Reserve trotz der ersten Niederlage nach sechs [&hellip;]<\/p>\n","protected":false},"author":1,"featured_media":0,"comment_status":"open","ping_status":"open","sticky":false,"template":"","format":"standard","meta":{"footnotes":""},"categories":[2],"tags":[],"class_list":["post-3197","post","type-post","status-publish","format-standard","hentry","category-kreisoberliga-frankfurt"],"_links":{"self":[{"href":"https:\/\/insideamateurfussball-ffm.de\/index.php?rest_route=\/wp\/v2\/posts\/3197","targetHints":{"allow":["GET"]}}],"collection":[{"href":"https:\/\/insideamateurfussball-ffm.de\/index.php?rest_route=\/wp\/v2\/posts"}],"about":[{"href":"https:\/\/insideamateurfussball-ffm.de\/index.php?rest_route=\/wp\/v2\/types\/post"}],"author":[{"embeddable":true,"href":"https:\/\/insideamateurfussball-ffm.de\/index.php?rest_route=\/wp\/v2\/users\/1"}],"replies":[{"embeddable":true,"href":"https:\/\/insideamateurfussball-ffm.de\/index.php?rest_route=%2Fwp%2Fv2%2Fcomments&post=3197"}],"version-history":[{"count":1,"href":"https:\/\/insideamateurfussball-ffm.de\/index.php?rest_route=\/wp\/v2\/posts\/3197\/revisions"}],"predecessor-version":[{"id":3199,"href":"https:\/\/insideamateurfussball-ffm.de\/index.php?rest_route=\/wp\/v2\/posts\/3197\/revisions\/3199"}],"wp:attachment":[{"href":"https:\/\/insideamateurfussball-ffm.de\/index.php?rest_route=%2Fwp%2Fv2%2Fmedia&parent=3197"}],"wp:term":[{"taxonomy":"category","embeddable":true,"href":"https:\/\/insideamateurfussball-ffm.de\/index.php?rest_route=%2Fwp%2Fv2%2Fcategories&post=3197"},{"taxonomy":"post_tag","embeddable":true,"href":"https:\/\/insideamateurfussball-ffm.de\/index.php?rest_route=%2Fwp%2Fv2%2Ftags&post=3197"}],"curies":[{"name":"wp","href":"https:\/\/api.w.org\/{rel}","templated":true}]}}