{"id":31959,"date":"2026-04-28T14:54:00","date_gmt":"2026-04-28T13:54:00","guid":{"rendered":"https:\/\/insideamateurfussball-ffm.de\/?p=31959"},"modified":"2026-04-28T18:43:58","modified_gmt":"2026-04-28T17:43:58","slug":"westend-nach-drittem-sieg-in-folge-gerettet","status":"publish","type":"post","link":"https:\/\/insideamateurfussball-ffm.de\/?p=31959","title":{"rendered":"Westend nach drittem Sieg in Folge gerettet"},"content":{"rendered":"<h5><span style=\"font-size: 16px;\">Mit dem dritten Sieg in Folge unter der Regie von Trainer-R\u00fcckkehrer Vait Arslanoski hat Wiederaufsteiger SG Westend den Klassenerhalt gesichert. Das deutliche 5:0 \u00fcber die schon zuvor gesicherte Germania Enkheim bringt dem Club von der Sondershausenstra\u00dfe den Sprung auf Rang elf mit 16 Punkten Vorsprung auf den Relegationsplatz. Au\u00dferdem konnten die Enkheimer bei strahlendem Sonnenschein auf Rang 13 verwiesen werden.\u00a0<\/span><\/h5>\n<figure id=\"attachment_31960\" aria-describedby=\"caption-attachment-31960\" style=\"width: 150px\" class=\"wp-caption alignleft\"><img loading=\"lazy\" decoding=\"async\" class=\"wp-image-31960 size-thumbnail\" src=\"http:\/\/insideamateurfussball-ffm.de\/wp-content\/uploads\/2026\/04\/west-fc-germ5-150x150.jpg\" alt=\"\" width=\"150\" height=\"150\" \/><figcaption id=\"caption-attachment-31960\" class=\"wp-caption-text\">Summerfeeling im &#8222;Stadion SG Westend&#8220;. Foto: Mithat G\u00fcrser.\u00a0\u00a0<\/figcaption><\/figure>\n<h5><span style=\"font-size: 16px;\">SG Westend &#8211; FC Germania Enkheim 5:0 (3:0)<\/span><\/h5>\n<p><img loading=\"lazy\" decoding=\"async\" class=\"alignnone size-full wp-image-611\" src=\"http:\/\/insideamateurfussball-ffm.de\/wp-content\/uploads\/2022\/06\/Westend.png\" alt=\"\" width=\"69\" height=\"80\" \/><img loading=\"lazy\" decoding=\"async\" class=\"alignnone size-full wp-image-1748\" src=\"http:\/\/insideamateurfussball-ffm.de\/wp-content\/uploads\/2022\/07\/Enkheim-1.jpg\" alt=\"\" width=\"63\" height=\"80\" \/><\/p>\n<p><span style=\"font-size: 16px;\">Das erste Heimspiel der SG Westend gegen Germania Enkheim seit Oktober 2018 verlief eindeutig zugunsten der Platzherren. Trainer Vait Arslanoski hatte eine &#8222;Supersaisonleistung, wenn nicht die beste&#8220; gesehen. Die Jungs haben alles umgesetzt und das ohne etatm\u00e4\u00dfige Au\u00dfenbahnspieler.&#8220; <\/span><\/p>\n<p><span style=\"font-size: 16px;\">Das Spiel begann mit viel Pech, denn Kapit\u00e4n Ismail Sy st\u00fcrzte ungl\u00fccklich \u00fcber die Eckfahne, verletzte sich schon in der 2. Minute und musste gegen Yunus Karadag ausgewechselt werden. Sy musste mit Verdacht auf Schl\u00fcsselbeinbruch ins Krankenhaus gefahren werden. Im Spiel trugen die Gastgeber ihre Dominanz in Tore von Torj\u00e4ger Amin Anedam aus 40 Metern (11.), Nadim Ahmed (42.) und Romal Naziri aus (45.\/+1). <\/span><\/p>\n<p><span style=\"font-size: 16px;\">Nach dem Seitenwechsel erh\u00f6hten Anedam per Kopfball (57.) und Mustafa Ilhan (85.). &#8222;Enkheim hat nicht einmal aufs Tor geschossen und wir haben es souver\u00e4n und \u00fcberragend gespielt. Wir waren in allen Belangen besser. Mein Kopf ist aber beim verletzten Spieler. Enkheim war eine junge und faire Truppe. Sie waren angenehme G\u00e4ste, mit ihnen ist zu rechnen in der kommenden Saison.&#8220; <\/span><\/p>\n<p><span style=\"font-size: 16px;\">Enkheims Interimstrainer Ali \u00d6zer sagte: &#8222;Die Jungs waren komplett \u00fcberfordert mit dem Naturrasenplatz, das kennen sie so nicht mehr. Wir hoffen, dass hier n\u00e4chste Saison der Kunstrasen steht.&#8220; <\/span><span style=\"font-size: 16px;\">F\u00fcr Westend geht es in den letzten vier Spielen mit folgendem Restprogramm Ginnheim (A), Preu\u00dfen (H), Niederrad (A) und Croatia (A) nur noch um die Endplatzierung. Genauso wie f\u00fcr Enkheim mit dem Restprogramm: R\u00f6delheim (H), Gudesding (A), Makkabi (H) und Concordia (H).\u00a0<\/span><\/p>\n<p><span style=\"font-size: 16px;\"> \u00a0\u00a0<\/span><\/p>\n\n\n<figure class=\"wp-block-pullquote\"><blockquote><p><strong>&#8222;Enkheim war eine junge und faire Truppe.&#8220; <\/strong><\/p><cite><strong>WESTEND-Trainer VAIT ARSLANOSKI<\/strong><\/cite><\/blockquote><\/figure>\n\n\n<ul>\n<li><strong><span style=\"font-size: 16px;\">Schiedsrichter: Anas Abalgouch (FV Biebrich). <\/span><\/strong><\/li>\n<li><strong><span style=\"font-size: 16px;\">Zuschauer: 75. <\/span><\/strong><\/li>\n<li><strong><span style=\"font-size: 16px;\">Tore: 1:0 Amin Anedam (11.), 2:0 Nadim Ahmed (42.), 3:0 Romal Naziri (45.\/+1), 4:0 Amin Anedam (57.), 5:0 Mustafa Ilhan (85.).\u00a0<\/span><\/strong><\/li>\n<li><strong><span style=\"font-size: 16px;\">Bildergalerie: Mithat G\u00fcrser.\u00a0<\/span><\/strong><\/li>\n<\/ul>\n\n\n<figure class=\"wp-block-image size-full\"><img loading=\"lazy\" decoding=\"async\" width=\"872\" height=\"535\" src=\"http:\/\/insideamateurfussball-ffm.de\/wp-content\/uploads\/2026\/04\/west-fc-germ5.jpg\" alt=\"\" class=\"wp-image-31960\" srcset=\"https:\/\/insideamateurfussball-ffm.de\/wp-content\/uploads\/2026\/04\/west-fc-germ5.jpg 872w, https:\/\/insideamateurfussball-ffm.de\/wp-content\/uploads\/2026\/04\/west-fc-germ5-300x184.jpg 300w, https:\/\/insideamateurfussball-ffm.de\/wp-content\/uploads\/2026\/04\/west-fc-germ5-768x471.jpg 768w\" sizes=\"auto, (max-width: 872px) 100vw, 872px\" \/><\/figure>\n\n\n\n<figure class=\"wp-block-gallery has-nested-images columns-default is-cropped wp-block-gallery-1 is-layout-flex wp-block-gallery-is-layout-flex\">\n<figure class=\"wp-block-image size-large\"><img loading=\"lazy\" decoding=\"async\" width=\"841\" height=\"649\" data-id=\"31961\" src=\"https:\/\/insideamateurfussball-ffm.de\/wp-content\/uploads\/2026\/04\/west-fc-germ10.jpg\" alt=\"\" class=\"wp-image-31961\" srcset=\"https:\/\/insideamateurfussball-ffm.de\/wp-content\/uploads\/2026\/04\/west-fc-germ10.jpg 841w, https:\/\/insideamateurfussball-ffm.de\/wp-content\/uploads\/2026\/04\/west-fc-germ10-300x232.jpg 300w, https:\/\/insideamateurfussball-ffm.de\/wp-content\/uploads\/2026\/04\/west-fc-germ10-768x593.jpg 768w\" sizes=\"auto, (max-width: 841px) 100vw, 841px\" \/><\/figure>\n<\/figure>\n\n\n\n<figure class=\"wp-block-image size-full\"><img loading=\"lazy\" decoding=\"async\" width=\"872\" height=\"624\" src=\"https:\/\/insideamateurfussball-ffm.de\/wp-content\/uploads\/2026\/04\/west-fc-germ15.jpg\" alt=\"\" class=\"wp-image-31962\" srcset=\"https:\/\/insideamateurfussball-ffm.de\/wp-content\/uploads\/2026\/04\/west-fc-germ15.jpg 872w, https:\/\/insideamateurfussball-ffm.de\/wp-content\/uploads\/2026\/04\/west-fc-germ15-300x215.jpg 300w, https:\/\/insideamateurfussball-ffm.de\/wp-content\/uploads\/2026\/04\/west-fc-germ15-768x550.jpg 768w\" sizes=\"auto, (max-width: 872px) 100vw, 872px\" \/><\/figure>\n\n\n\n<figure class=\"wp-block-image size-full\"><img loading=\"lazy\" decoding=\"async\" width=\"827\" height=\"584\" src=\"https:\/\/insideamateurfussball-ffm.de\/wp-content\/uploads\/2026\/04\/west-fc-germ4.jpg\" alt=\"\" class=\"wp-image-31963\" srcset=\"https:\/\/insideamateurfussball-ffm.de\/wp-content\/uploads\/2026\/04\/west-fc-germ4.jpg 827w, https:\/\/insideamateurfussball-ffm.de\/wp-content\/uploads\/2026\/04\/west-fc-germ4-300x212.jpg 300w, https:\/\/insideamateurfussball-ffm.de\/wp-content\/uploads\/2026\/04\/west-fc-germ4-768x542.jpg 768w\" sizes=\"auto, (max-width: 827px) 100vw, 827px\" \/><\/figure>\n\n\n\n<figure class=\"wp-block-image size-full\"><img loading=\"lazy\" decoding=\"async\" width=\"886\" height=\"594\" src=\"https:\/\/insideamateurfussball-ffm.de\/wp-content\/uploads\/2026\/04\/west-fc-germ9.jpg\" alt=\"\" class=\"wp-image-31964\" srcset=\"https:\/\/insideamateurfussball-ffm.de\/wp-content\/uploads\/2026\/04\/west-fc-germ9.jpg 886w, https:\/\/insideamateurfussball-ffm.de\/wp-content\/uploads\/2026\/04\/west-fc-germ9-300x201.jpg 300w, https:\/\/insideamateurfussball-ffm.de\/wp-content\/uploads\/2026\/04\/west-fc-germ9-768x515.jpg 768w\" sizes=\"auto, (max-width: 886px) 100vw, 886px\" \/><\/figure>\n\n\n\n<figure class=\"wp-block-image size-full\"><img loading=\"lazy\" decoding=\"async\" width=\"827\" height=\"676\" src=\"https:\/\/insideamateurfussball-ffm.de\/wp-content\/uploads\/2026\/04\/west-fc-germ14.jpg\" alt=\"\" class=\"wp-image-31965\" srcset=\"https:\/\/insideamateurfussball-ffm.de\/wp-content\/uploads\/2026\/04\/west-fc-germ14.jpg 827w, https:\/\/insideamateurfussball-ffm.de\/wp-content\/uploads\/2026\/04\/west-fc-germ14-300x245.jpg 300w, https:\/\/insideamateurfussball-ffm.de\/wp-content\/uploads\/2026\/04\/west-fc-germ14-768x628.jpg 768w\" sizes=\"auto, (max-width: 827px) 100vw, 827px\" \/><\/figure>\n\n\n\n<figure class=\"wp-block-image size-full\"><img loading=\"lazy\" decoding=\"async\" width=\"827\" height=\"550\" src=\"https:\/\/insideamateurfussball-ffm.de\/wp-content\/uploads\/2026\/04\/west-fc-germ3.jpg\" alt=\"\" class=\"wp-image-31966\" srcset=\"https:\/\/insideamateurfussball-ffm.de\/wp-content\/uploads\/2026\/04\/west-fc-germ3.jpg 827w, https:\/\/insideamateurfussball-ffm.de\/wp-content\/uploads\/2026\/04\/west-fc-germ3-300x200.jpg 300w, https:\/\/insideamateurfussball-ffm.de\/wp-content\/uploads\/2026\/04\/west-fc-germ3-768x511.jpg 768w\" sizes=\"auto, (max-width: 827px) 100vw, 827px\" \/><\/figure>\n\n\n\n<figure class=\"wp-block-image size-full\"><img loading=\"lazy\" decoding=\"async\" width=\"827\" height=\"519\" src=\"https:\/\/insideamateurfussball-ffm.de\/wp-content\/uploads\/2026\/04\/west-fc-germ8.jpg\" alt=\"\" class=\"wp-image-31967\" srcset=\"https:\/\/insideamateurfussball-ffm.de\/wp-content\/uploads\/2026\/04\/west-fc-germ8.jpg 827w, https:\/\/insideamateurfussball-ffm.de\/wp-content\/uploads\/2026\/04\/west-fc-germ8-300x188.jpg 300w, https:\/\/insideamateurfussball-ffm.de\/wp-content\/uploads\/2026\/04\/west-fc-germ8-768x482.jpg 768w\" sizes=\"auto, (max-width: 827px) 100vw, 827px\" \/><\/figure>\n\n\n\n<figure class=\"wp-block-image size-full\"><img loading=\"lazy\" decoding=\"async\" width=\"950\" height=\"691\" src=\"https:\/\/insideamateurfussball-ffm.de\/wp-content\/uploads\/2026\/04\/west-fc-germ13.jpg\" alt=\"\" class=\"wp-image-31968\" srcset=\"https:\/\/insideamateurfussball-ffm.de\/wp-content\/uploads\/2026\/04\/west-fc-germ13.jpg 950w, https:\/\/insideamateurfussball-ffm.de\/wp-content\/uploads\/2026\/04\/west-fc-germ13-300x218.jpg 300w, https:\/\/insideamateurfussball-ffm.de\/wp-content\/uploads\/2026\/04\/west-fc-germ13-768x559.jpg 768w\" sizes=\"auto, (max-width: 950px) 100vw, 950px\" \/><\/figure>\n\n\n\n<figure class=\"wp-block-image size-full\"><img loading=\"lazy\" decoding=\"async\" width=\"827\" height=\"603\" src=\"https:\/\/insideamateurfussball-ffm.de\/wp-content\/uploads\/2026\/04\/west-fc-germ2.jpg\" alt=\"\" class=\"wp-image-31969\" srcset=\"https:\/\/insideamateurfussball-ffm.de\/wp-content\/uploads\/2026\/04\/west-fc-germ2.jpg 827w, https:\/\/insideamateurfussball-ffm.de\/wp-content\/uploads\/2026\/04\/west-fc-germ2-300x219.jpg 300w, https:\/\/insideamateurfussball-ffm.de\/wp-content\/uploads\/2026\/04\/west-fc-germ2-768x560.jpg 768w\" sizes=\"auto, (max-width: 827px) 100vw, 827px\" \/><\/figure>\n\n\n\n<figure class=\"wp-block-image size-full\"><img loading=\"lazy\" decoding=\"async\" width=\"877\" height=\"618\" src=\"https:\/\/insideamateurfussball-ffm.de\/wp-content\/uploads\/2026\/04\/west-fc-germ7.jpg\" alt=\"\" class=\"wp-image-31970\" srcset=\"https:\/\/insideamateurfussball-ffm.de\/wp-content\/uploads\/2026\/04\/west-fc-germ7.jpg 877w, https:\/\/insideamateurfussball-ffm.de\/wp-content\/uploads\/2026\/04\/west-fc-germ7-300x211.jpg 300w, https:\/\/insideamateurfussball-ffm.de\/wp-content\/uploads\/2026\/04\/west-fc-germ7-768x541.jpg 768w\" sizes=\"auto, (max-width: 877px) 100vw, 877px\" \/><\/figure>\n\n\n\n<figure class=\"wp-block-image size-full\"><img loading=\"lazy\" decoding=\"async\" width=\"827\" height=\"661\" src=\"https:\/\/insideamateurfussball-ffm.de\/wp-content\/uploads\/2026\/04\/west-fc-germ12.jpg\" alt=\"\" class=\"wp-image-31971\" srcset=\"https:\/\/insideamateurfussball-ffm.de\/wp-content\/uploads\/2026\/04\/west-fc-germ12.jpg 827w, https:\/\/insideamateurfussball-ffm.de\/wp-content\/uploads\/2026\/04\/west-fc-germ12-300x240.jpg 300w, https:\/\/insideamateurfussball-ffm.de\/wp-content\/uploads\/2026\/04\/west-fc-germ12-768x614.jpg 768w\" sizes=\"auto, (max-width: 827px) 100vw, 827px\" \/><\/figure>\n\n\n\n<figure class=\"wp-block-image size-full\"><img loading=\"lazy\" decoding=\"async\" width=\"827\" height=\"624\" src=\"https:\/\/insideamateurfussball-ffm.de\/wp-content\/uploads\/2026\/04\/west-fc-germ1.jpg\" alt=\"\" class=\"wp-image-31972\" srcset=\"https:\/\/insideamateurfussball-ffm.de\/wp-content\/uploads\/2026\/04\/west-fc-germ1.jpg 827w, https:\/\/insideamateurfussball-ffm.de\/wp-content\/uploads\/2026\/04\/west-fc-germ1-300x226.jpg 300w, https:\/\/insideamateurfussball-ffm.de\/wp-content\/uploads\/2026\/04\/west-fc-germ1-768x579.jpg 768w\" sizes=\"auto, (max-width: 827px) 100vw, 827px\" \/><\/figure>\n\n\n\n<figure class=\"wp-block-image size-full\"><img loading=\"lazy\" decoding=\"async\" width=\"827\" height=\"632\" src=\"https:\/\/insideamateurfussball-ffm.de\/wp-content\/uploads\/2026\/04\/west-fc-germ6.jpg\" alt=\"\" class=\"wp-image-31973\" srcset=\"https:\/\/insideamateurfussball-ffm.de\/wp-content\/uploads\/2026\/04\/west-fc-germ6.jpg 827w, https:\/\/insideamateurfussball-ffm.de\/wp-content\/uploads\/2026\/04\/west-fc-germ6-300x229.jpg 300w, https:\/\/insideamateurfussball-ffm.de\/wp-content\/uploads\/2026\/04\/west-fc-germ6-768x587.jpg 768w\" sizes=\"auto, (max-width: 827px) 100vw, 827px\" \/><\/figure>\n\n\n\n<figure class=\"wp-block-image size-full\"><img loading=\"lazy\" decoding=\"async\" width=\"838\" height=\"656\" src=\"https:\/\/insideamateurfussball-ffm.de\/wp-content\/uploads\/2026\/04\/west-fc-germ11.jpg\" alt=\"\" class=\"wp-image-31974\" srcset=\"https:\/\/insideamateurfussball-ffm.de\/wp-content\/uploads\/2026\/04\/west-fc-germ11.jpg 838w, https:\/\/insideamateurfussball-ffm.de\/wp-content\/uploads\/2026\/04\/west-fc-germ11-300x235.jpg 300w, https:\/\/insideamateurfussball-ffm.de\/wp-content\/uploads\/2026\/04\/west-fc-germ11-768x601.jpg 768w\" sizes=\"auto, (max-width: 838px) 100vw, 838px\" \/><\/figure>\n\n\n\n<figure class=\"wp-block-image size-full\"><img loading=\"lazy\" decoding=\"async\" width=\"827\" height=\"606\" src=\"https:\/\/insideamateurfussball-ffm.de\/wp-content\/uploads\/2026\/04\/west-fcgerm.jpg\" alt=\"\" class=\"wp-image-31975\" srcset=\"https:\/\/insideamateurfussball-ffm.de\/wp-content\/uploads\/2026\/04\/west-fcgerm.jpg 827w, https:\/\/insideamateurfussball-ffm.de\/wp-content\/uploads\/2026\/04\/west-fcgerm-300x220.jpg 300w, https:\/\/insideamateurfussball-ffm.de\/wp-content\/uploads\/2026\/04\/west-fcgerm-768x563.jpg 768w\" sizes=\"auto, (max-width: 827px) 100vw, 827px\" \/><\/figure>\n","protected":false},"excerpt":{"rendered":"<p>Mit dem dritten Sieg in Folge unter der Regie von Trainer-R\u00fcckkehrer Vait Arslanoski hat Wiederaufsteiger SG Westend den Klassenerhalt gesichert. Das deutliche 5:0 \u00fcber die schon zuvor gesicherte Germania Enkheim bringt dem Club von der Sondershausenstra\u00dfe den Sprung auf Rang elf mit 16 Punkten Vorsprung auf den Relegationsplatz. Au\u00dferdem konnten die Enkheimer bei strahlendem Sonnenschein [&hellip;]<\/p>\n","protected":false},"author":1,"featured_media":31960,"comment_status":"closed","ping_status":"closed","sticky":true,"template":"","format":"standard","meta":{"footnotes":""},"categories":[2],"tags":[],"class_list":["post-31959","post","type-post","status-publish","format-standard","has-post-thumbnail","hentry","category-kreisoberliga-frankfurt"],"_links":{"self":[{"href":"https:\/\/insideamateurfussball-ffm.de\/index.php?rest_route=\/wp\/v2\/posts\/31959","targetHints":{"allow":["GET"]}}],"collection":[{"href":"https:\/\/insideamateurfussball-ffm.de\/index.php?rest_route=\/wp\/v2\/posts"}],"about":[{"href":"https:\/\/insideamateurfussball-ffm.de\/index.php?rest_route=\/wp\/v2\/types\/post"}],"author":[{"embeddable":true,"href":"https:\/\/insideamateurfussball-ffm.de\/index.php?rest_route=\/wp\/v2\/users\/1"}],"replies":[{"embeddable":true,"href":"https:\/\/insideamateurfussball-ffm.de\/index.php?rest_route=%2Fwp%2Fv2%2Fcomments&post=31959"}],"version-history":[{"count":1,"href":"https:\/\/insideamateurfussball-ffm.de\/index.php?rest_route=\/wp\/v2\/posts\/31959\/revisions"}],"predecessor-version":[{"id":31976,"href":"https:\/\/insideamateurfussball-ffm.de\/index.php?rest_route=\/wp\/v2\/posts\/31959\/revisions\/31976"}],"wp:featuredmedia":[{"embeddable":true,"href":"https:\/\/insideamateurfussball-ffm.de\/index.php?rest_route=\/wp\/v2\/media\/31960"}],"wp:attachment":[{"href":"https:\/\/insideamateurfussball-ffm.de\/index.php?rest_route=%2Fwp%2Fv2%2Fmedia&parent=31959"}],"wp:term":[{"taxonomy":"category","embeddable":true,"href":"https:\/\/insideamateurfussball-ffm.de\/index.php?rest_route=%2Fwp%2Fv2%2Fcategories&post=31959"},{"taxonomy":"post_tag","embeddable":true,"href":"https:\/\/insideamateurfussball-ffm.de\/index.php?rest_route=%2Fwp%2Fv2%2Ftags&post=31959"}],"curies":[{"name":"wp","href":"https:\/\/api.w.org\/{rel}","templated":true}]}}