{"id":31953,"date":"2026-04-28T14:22:00","date_gmt":"2026-04-28T13:22:00","guid":{"rendered":"https:\/\/insideamateurfussball-ffm.de\/?p=31953"},"modified":"2026-04-28T17:25:14","modified_gmt":"2026-04-28T16:25:14","slug":"trotz-klassenerhalt-muss-rissling-zum-saisonende-gehen","status":"publish","type":"post","link":"https:\/\/insideamateurfussball-ffm.de\/?p=31953","title":{"rendered":"Trotz Klassenerhalt muss Rissling zum Saisonende gehen"},"content":{"rendered":"<h5><span style=\"font-size: 16px;\">W\u00e4hrend der FC Croatia durch die 3:4-Heimniederlage weiterhin auf einem der momentan zwei Absteigerpl\u00e4tze steht, hat der SV Viktoria Preu\u00dfen den Klassenerhalt nach der zweiten schwierigen Saison in Folge diesmal ohne den Gang in die Relegation geschafft. Trotzdem muss der vor einem Jahr zur\u00fcckgeholte Trainer Artur Rissling nach der Saison gehen, denn der Club soll den erfolgreichen U19-Coach Njegos Kojic als Nachfolger installieren.\u00a0<\/span><\/h5>\n<figure id=\"attachment_31954\" aria-describedby=\"caption-attachment-31954\" style=\"width: 150px\" class=\"wp-caption alignleft\"><img loading=\"lazy\" decoding=\"async\" class=\"wp-image-31954 size-thumbnail\" src=\"http:\/\/insideamateurfussball-ffm.de\/wp-content\/uploads\/2026\/04\/cocor15-1-150x150.jpg\" alt=\"\" width=\"150\" height=\"150\" \/><figcaption id=\"caption-attachment-31954\" class=\"wp-caption-text\">Preu\u00dfen-Trainer Artur Rissling muss trotz Klassenerhalt gehen. Foto: Archiv Mithat G\u00fcrser.<\/figcaption><\/figure>\n<h5><span style=\"font-size: 16px;\">FC Croatia &#8211; SV Viktoria Preu\u00dfen 3:4 (1:2)<\/span><\/h5>\n<p><img loading=\"lazy\" decoding=\"async\" class=\"alignnone size-full wp-image-29\" src=\"http:\/\/insideamateurfussball-ffm.de\/wp-content\/uploads\/2021\/11\/croatia.jpg\" alt=\"\" width=\"63\" height=\"80\" \/><img loading=\"lazy\" decoding=\"async\" class=\"alignnone size-full wp-image-12\" src=\"http:\/\/insideamateurfussball-ffm.de\/wp-content\/uploads\/2021\/11\/preussen.jpg\" alt=\"\" width=\"72\" height=\"80\" \/><\/p>\n<p><span style=\"font-size: 16px;\">&#8222;Leider eine weitere Niederlage, aber mit dem Auftritt und der Leistung meiner Mannschaft kann ich zufrieden sein&#8220;, befand Croatia-Trainer Damir Hustic. Denn die durch den Sechs-Punkte-Abzug in die Abstiegszone gerutschte Croatia war diesmal nah dran am Punktgewinn und ging durch Kapit\u00e4n Ivan Propadalo nach einer sch\u00f6nen Aktion von Marko Krunic in F\u00fchrung (11.). Nach der \u00fcberraschenden Abmeldung der SOMA (wir berichteten). Drei Akteure der &#8222;Alten Herren&#8220; wie der 55-j\u00e4hrige Zvonimir Matkovic stellten sich zur Verf\u00fcgung, um zu helfen. &#8222;Matkovic ist mehr gelaufen als mancher junger Spieler&#8220;, befand Pressesprecher Stanislav Konta. Zudem stand nach dem Ausfall s\u00e4mtlicher Torh\u00fcter mit Petar Beslic ein Feldspieler im Tor. Nach dem 1:0 entwickelte sich ein gutes Spiel auf beiden Seiten, wobei die Preu\u00dfen durch Ilias Dini zum Ausgleich kamen (24.) und durch den &#8222;Ex-Kroaten&#8220; Stefano Amore zur Halbzeitf\u00fchrung einschossen (43.). Nach dem Seitenwechsel musste Croatia-Spielmacher Ante Strljic wegen Verletzung das Spielfeld verlassen, es starteten beide Teams mit Chancen, aber Croatia erzielte den Ausgleich durch den kurz vor der Pause eingewechselten Marko Vuckovic (63.). <\/span><\/p>\n<p><span style=\"font-size: 16px;\">Wiederum Amore brachte die G\u00e4ste nach vorne (68.), dann erhielt Vuckovic nach einem ungeschickten und unbeabsichtigten Foul Gelb-Rot (72.). &#8222;Meiner Meinung nach war diese Entscheidung zu streng, aber wir m\u00fcssen sie akzeptieren&#8220;, sagte Hustic. Die G\u00e4ste zogen durch Ayman Bengarbi auf 4:2 davon (85.). In der Nachspielzeit gelang Krunic per Foulelfmeter lediglich Resultatsverbesserung (90.\/+3). &#8222;Mit einem Spieler weniger war es schwierig, noch Akzente zu setzen, obwohl wir einige Chancen auf den erneuten Ausgleich hatten. Wie so oft im Fu\u00dfball gilt: Wenn man seine Chancen nicht nutzt, wird man bestraft. Trotzdem hat die Mannschaft nicht aufgegeben, leider war nicht mehr zu schaffen. Jetzt liegt es an uns, in den verbleibenden Spielen alles zu geben, um den Relegationsplatz zu schaffen&#8220;, sagte Hustic. Drei Punkte betr\u00e4gt der R\u00fcckstand auf GSU Hellas, Croatia hat aber nur drei Partien zu spielen, da am vorletzten Spieltag spielfrei. Das Restprogramm: Union Niederrad (A), BSC SW 19 (H), SG Westend (H). Viktoria Preu\u00dfen hat vier Spieltage vor Schluss 15 Punkte Vorsprung auf den Relegationsplatz. Im Restprogramm gegen die Speuzer (H), bei der SG Westend (A), und gegen R\u00f6delheim und Makkabi (je H) geht es nur noch um die Platzierung in der Abschlusstabelle.<\/span><\/p>\n<ul>\n<li><strong><span style=\"font-size: 16px;\">Neue Saison mit Neuzug\u00e4ngen war schon geplant <\/span><\/strong><\/li>\n<\/ul>\n<p><span style=\"font-size: 16px;\">Das Klima war vor dem Spiel komisch, beim Spiel habe Risslings Team&#8220; nicht zwingend genug gespielt, h\u00e4tten viel h\u00f6her gewinnen m\u00fcssen gegen die gemischte Mannschaft Croatias mit Leuten von der zur\u00fcckgezogenen SOMA. Durch unsere Fehler haben wir die im Spiel gelassen. Vielleicht war die Mannschaft auch geschockt dar\u00fcber, dass ich nach der Saison weg bin. Ich habe das noch nicht mal direkt vom Ersten Vorsitzenden Uwe Henss gesagt bekommen, sondern \u00fcber Abteilungsleiter Thomas Mahlau, der auch erstmal von nichts wusste&#8220;, war Rissling erstaunt. Denn die neue Saison mit Neuzug\u00e4ngen sei schon geplant gewesen. Die Mannschaft habe am Donnerstag davon erfahren, alle st\u00fcnden geschlossen hinter dem aktuellen Trainer. Neuer Trainer soll der bisherige A-Jugend-Coach Njegos Kolic werden, dessen U19 in der Kreisliga A einen Zweikampf um die Meisterschaft mit der U18 von Rot-Weiss Frankfurt f\u00fchrt. Zahlreiche Spieler werden in den Seniorenbereich nachr\u00fccken. &#8222;Das ging nicht vom ganzen Vorstand aus, sondern war ein Alleingang von Henss&#8220;, klagt Rissling, &#8222;der mit erhobenem Haupt geht. Ich habe eine Mannschaft \u00fcbernommen, die keine war. Vor der Saison haben viele gedacht, wir holen irgendwie f\u00fcnf Punkte. Wir haben sicher die Liga gehalten. Ich kann mir da nichts gro\u00dfartiges vorwerfen lassen. Die junge Mannschaft hat mehr und mehr zusammengefunden. Wenn der Verein es so will &#8211; das ganze ist Ende April nicht so sauber abgelaufen, wie es h\u00e4tte laufen k\u00f6nnen. Das ganze \u00fcber eine Person mitgeteilt zu bekommen, ist nicht die feine englische Art.&#8220; <\/span><\/p>\n<p><span style=\"font-size: 16px;\">Rissling hatte Viktoria Preu\u00dfen im Dezember 2018 nach einer &#8222;Spieler-Revolte&#8220; f\u00fcr den entlassenen Vorg\u00e4nger Ramzi Kallel \u00fcbernommen und den Verein in den folgenden Jahren in die Spitzengruppe der Kreisoberliga gef\u00fchrt. H\u00f6hepunkt war die Vizemeisterschaft in der Saison 2023\/24 und die folgende Teilnahme an der Relegation zur Gruppenliga, in der die Preu\u00dfen nicht aufstiegen. Nach dieser Runde wechselte Rissling zum A-Ligisten SV Niederursel, wurde aber nach dem R\u00fcckfall seines alten Vereins in die Abstiegsrelegation zur\u00fcckgerufen und schaffte auch dank des Aufstieges von Germania 94 in den Entscheidungsspielen den Ligaerhalt. In dieser Saison liegt die Viktoria mit 34 Punkten auf Rang zw\u00f6lf. &#8222;Als ich zum Treffen geladen wurde, stand die Entscheidung wohl schon l\u00e4nger fest. Es gab kein Anzeichen daf\u00fcr, dass ich gehen muss. Den ganzen Ablauf h\u00e4tte ich anders erwartet. Das ist schon respektlos gegen\u00fcber meiner Person, f\u00fcr die der Verein eine Herzensangelegenheit ist&#8220;, klagte Rissling.\u00a0<\/span><\/p>\n<ul>\n<li><span style=\"font-size: 16px;\"><strong>Schiedsrichter: Said Hashemi (Eintracht Oberursel). <\/strong><\/span><\/li>\n<li><span style=\"font-size: 16px;\"><strong>Zuschauer: 100. <\/strong><\/span><\/li>\n<li><span style=\"font-size: 16px;\"><strong>Tore: 1:0 Ivan Propadalo (11.), 1:1 Ilias Dini (24.), 1:2 Stefano Amore (43.), 2:2 Marko Vuckovic (63.), 2:3 Stefano Amore (68.), 2:4 Ayman Bengarbi (85.), 3:4 Marko Krunic (90.\/+2). <\/strong>\u00a0 \u00a0<\/span><\/li>\n<\/ul>\n","protected":false},"excerpt":{"rendered":"<p>W\u00e4hrend der FC Croatia durch die 3:4-Heimniederlage weiterhin auf einem der momentan zwei Absteigerpl\u00e4tze steht, hat der SV Viktoria Preu\u00dfen den Klassenerhalt nach der zweiten schwierigen Saison in Folge diesmal ohne den Gang in die Relegation geschafft. Trotzdem muss der vor einem Jahr zur\u00fcckgeholte Trainer Artur Rissling nach der Saison gehen, denn der Club soll [&hellip;]<\/p>\n","protected":false},"author":1,"featured_media":31954,"comment_status":"closed","ping_status":"closed","sticky":true,"template":"","format":"standard","meta":{"footnotes":""},"categories":[2],"tags":[],"class_list":["post-31953","post","type-post","status-publish","format-standard","has-post-thumbnail","hentry","category-kreisoberliga-frankfurt"],"_links":{"self":[{"href":"https:\/\/insideamateurfussball-ffm.de\/index.php?rest_route=\/wp\/v2\/posts\/31953","targetHints":{"allow":["GET"]}}],"collection":[{"href":"https:\/\/insideamateurfussball-ffm.de\/index.php?rest_route=\/wp\/v2\/posts"}],"about":[{"href":"https:\/\/insideamateurfussball-ffm.de\/index.php?rest_route=\/wp\/v2\/types\/post"}],"author":[{"embeddable":true,"href":"https:\/\/insideamateurfussball-ffm.de\/index.php?rest_route=\/wp\/v2\/users\/1"}],"replies":[{"embeddable":true,"href":"https:\/\/insideamateurfussball-ffm.de\/index.php?rest_route=%2Fwp%2Fv2%2Fcomments&post=31953"}],"version-history":[{"count":2,"href":"https:\/\/insideamateurfussball-ffm.de\/index.php?rest_route=\/wp\/v2\/posts\/31953\/revisions"}],"predecessor-version":[{"id":31956,"href":"https:\/\/insideamateurfussball-ffm.de\/index.php?rest_route=\/wp\/v2\/posts\/31953\/revisions\/31956"}],"wp:featuredmedia":[{"embeddable":true,"href":"https:\/\/insideamateurfussball-ffm.de\/index.php?rest_route=\/wp\/v2\/media\/31954"}],"wp:attachment":[{"href":"https:\/\/insideamateurfussball-ffm.de\/index.php?rest_route=%2Fwp%2Fv2%2Fmedia&parent=31953"}],"wp:term":[{"taxonomy":"category","embeddable":true,"href":"https:\/\/insideamateurfussball-ffm.de\/index.php?rest_route=%2Fwp%2Fv2%2Fcategories&post=31953"},{"taxonomy":"post_tag","embeddable":true,"href":"https:\/\/insideamateurfussball-ffm.de\/index.php?rest_route=%2Fwp%2Fv2%2Ftags&post=31953"}],"curies":[{"name":"wp","href":"https:\/\/api.w.org\/{rel}","templated":true}]}}