{"id":31948,"date":"2026-04-28T10:57:49","date_gmt":"2026-04-28T09:57:49","guid":{"rendered":"https:\/\/insideamateurfussball-ffm.de\/?p=31948"},"modified":"2026-04-28T10:57:49","modified_gmt":"2026-04-28T09:57:49","slug":"tuerkguecue-verpflichtet-siar-daudi-als-trainer-fuer-die-neue-saison","status":"publish","type":"post","link":"https:\/\/insideamateurfussball-ffm.de\/?p=31948","title":{"rendered":"T\u00fcrkg\u00fcc\u00fc verpflichtet Siar Daudi als Trainer f\u00fcr die neue Saison"},"content":{"rendered":"<h4>T\u00fcrkg\u00fcc\u00fc Frankfurt informiert, dass man sich f\u00fcr die kommende Saison mit einem neuen Trainer geeinigt habe, f\u00fcr den scheidenden Trainer Artug \u00d6zbakir kommt Siar Daudi, derzeit noch Trainer beim VfL Germania 94.<\/h4>\n<figure id=\"attachment_31949\" aria-describedby=\"caption-attachment-31949\" style=\"width: 1254px\" class=\"wp-caption alignnone\"><img loading=\"lazy\" decoding=\"async\" class=\"wp-image-31949 size-full\" src=\"http:\/\/insideamateurfussball-ffm.de\/wp-content\/uploads\/2026\/04\/tuerkguecuetrainerdaudi.jpeg\" alt=\"\" width=\"1254\" height=\"1254\" srcset=\"https:\/\/insideamateurfussball-ffm.de\/wp-content\/uploads\/2026\/04\/tuerkguecuetrainerdaudi.jpeg 1254w, https:\/\/insideamateurfussball-ffm.de\/wp-content\/uploads\/2026\/04\/tuerkguecuetrainerdaudi-300x300.jpeg 300w, https:\/\/insideamateurfussball-ffm.de\/wp-content\/uploads\/2026\/04\/tuerkguecuetrainerdaudi-1024x1024.jpeg 1024w, https:\/\/insideamateurfussball-ffm.de\/wp-content\/uploads\/2026\/04\/tuerkguecuetrainerdaudi-150x150.jpeg 150w, https:\/\/insideamateurfussball-ffm.de\/wp-content\/uploads\/2026\/04\/tuerkguecuetrainerdaudi-768x768.jpeg 768w\" sizes=\"auto, (max-width: 1254px) 100vw, 1254px\" \/><figcaption id=\"caption-attachment-31949\" class=\"wp-caption-text\">Der Vorstand gibt den Trainer f\u00fcr die neue Saison bekannt. Von links: Tamer G\u00fcrsoy (Sportlicher Leiter), Erdal Kadimli (2.Vorsitzender), Trainer Siar Daudi, Ufuk Yalcin (1.Vorsitzender). Foto: Verein<\/figcaption><\/figure>\n<p><img loading=\"lazy\" decoding=\"async\" class=\"alignnone size-full wp-image-17\" src=\"http:\/\/insideamateurfussball-ffm.de\/wp-content\/uploads\/2021\/11\/Tuerkguecue.jpg\" alt=\"\" width=\"72\" height=\"80\" \/><\/p>\n<p>In der neuen Saison wird Siar Daudi, derzeit noch Trainer beim VfL Germania 94, das Traineramt bei T\u00fcrkg\u00fcc\u00fc Frankfurt \u00fcbernehmen, der Verein teilte dies am Sonntagabend mit. Die Saison 2025\/26 begann f\u00fcr T\u00fcrkg\u00fcc\u00fc mit dem neuen Trainer Murtaza Taher hervorragend, aus den ersten drei Spielen wurden 7 Punkte geholt. Doch danach folgte eine Niederlagenserie, einem Sieg gegen die FSG Burg-Gr\u00e4fenrode standen 9 Niederlagen gegen\u00fcber, ehe Trainer Taher im Oktober sein Amt zur Verf\u00fcgung stellte, um der Mannschaft neue Impulse zu verschaffen, bis zur Winterpause folgten dann vier weitere Niederlagen unter Interimstrainer Murat Tiryaki.<\/p>\n<p>Mitte Dezember wurde dann das \u201eProjekt\u201c Artug \u00d6zbakir gestartet, \u00d6zbakir sollte helfen, mit dem Verein und einigen Neuverpflichtungen den Klassenerhalt zu schaffen. Nach der Auftaktniederlage gegen die FG Seckbach konnte T\u00fcrkg\u00fcc\u00fc mit dem neuen Trainer in 9 ungeschlagenen Spielen (6 Siege, 3 Remis) die Wende schaffen, derzeit liegt das Team auf Platz 11 und ist kurz davor, den endg\u00fcltigen Klassenerhalt feiern zu k\u00f6nnen. \u00d6zbakir selbst verl\u00e4sst nach dem erfolgreichen Projekt den Verein wie abgesprochen und wechselt in die Landesliga Nordwest in Bayern, dies entspricht der Verbandsliga in Hessen, sein neuer Verein SV Vatan Spor Aschaffenburg verk\u00fcndete die Verpflichtung \u00d6zbakirs bereits vor zwei Wochen \u00fcber die sozialen Medien.<\/p>\n<p>In der kommenden Saison \u00fcbernimmt also Siar Daudi das Traineramt. Daudi, der seine Trainerlaufbahn bei RW Frankfurt erst in der Jugend und dann im Seniorenbereich begann, trainierte dann in der Verbandsliga den SV Pars-Neu-Isenburg und wurde Co-Trainer beim Hessenligisten FC Bayern Alzenau unter Angelo Barletta. In der Saison 202024\/25 brachte er als Trainer den VfL Germania 94 in die Gruppenliga und \u00fcbernahm dann die sportliche Leitung, nach einem Fehlstart in die Saison wurde er dann wieder Trainer beim Gruppenligisten und war erfolgreich mit der Mannschaft, die ohne die Punktabz\u00fcge auf einem 10.Tabellenplatz stehen w\u00fcrde. Jetzt folgt zur neuen Saison 2025\/26 der Wechsel zu T\u00fcrkg\u00fcc\u00fc Frankfurt.<\/p>\n","protected":false},"excerpt":{"rendered":"<p>T\u00fcrkg\u00fcc\u00fc Frankfurt informiert, dass man sich f\u00fcr die kommende Saison mit einem neuen Trainer geeinigt habe, f\u00fcr den scheidenden Trainer Artug \u00d6zbakir kommt Siar Daudi, derzeit noch Trainer beim VfL Germania 94. In der neuen Saison wird Siar Daudi, derzeit noch Trainer beim VfL Germania 94, das Traineramt bei T\u00fcrkg\u00fcc\u00fc Frankfurt \u00fcbernehmen, der Verein teilte [&hellip;]<\/p>\n","protected":false},"author":3,"featured_media":31949,"comment_status":"closed","ping_status":"open","sticky":true,"template":"","format":"standard","meta":{"footnotes":""},"categories":[13],"tags":[],"class_list":["post-31948","post","type-post","status-publish","format-standard","has-post-thumbnail","hentry","category-gruppenliga-frankfurt-west"],"_links":{"self":[{"href":"https:\/\/insideamateurfussball-ffm.de\/index.php?rest_route=\/wp\/v2\/posts\/31948","targetHints":{"allow":["GET"]}}],"collection":[{"href":"https:\/\/insideamateurfussball-ffm.de\/index.php?rest_route=\/wp\/v2\/posts"}],"about":[{"href":"https:\/\/insideamateurfussball-ffm.de\/index.php?rest_route=\/wp\/v2\/types\/post"}],"author":[{"embeddable":true,"href":"https:\/\/insideamateurfussball-ffm.de\/index.php?rest_route=\/wp\/v2\/users\/3"}],"replies":[{"embeddable":true,"href":"https:\/\/insideamateurfussball-ffm.de\/index.php?rest_route=%2Fwp%2Fv2%2Fcomments&post=31948"}],"version-history":[{"count":2,"href":"https:\/\/insideamateurfussball-ffm.de\/index.php?rest_route=\/wp\/v2\/posts\/31948\/revisions"}],"predecessor-version":[{"id":31951,"href":"https:\/\/insideamateurfussball-ffm.de\/index.php?rest_route=\/wp\/v2\/posts\/31948\/revisions\/31951"}],"wp:featuredmedia":[{"embeddable":true,"href":"https:\/\/insideamateurfussball-ffm.de\/index.php?rest_route=\/wp\/v2\/media\/31949"}],"wp:attachment":[{"href":"https:\/\/insideamateurfussball-ffm.de\/index.php?rest_route=%2Fwp%2Fv2%2Fmedia&parent=31948"}],"wp:term":[{"taxonomy":"category","embeddable":true,"href":"https:\/\/insideamateurfussball-ffm.de\/index.php?rest_route=%2Fwp%2Fv2%2Fcategories&post=31948"},{"taxonomy":"post_tag","embeddable":true,"href":"https:\/\/insideamateurfussball-ffm.de\/index.php?rest_route=%2Fwp%2Fv2%2Ftags&post=31948"}],"curies":[{"name":"wp","href":"https:\/\/api.w.org\/{rel}","templated":true}]}}