{"id":31908,"date":"2026-04-27T15:46:05","date_gmt":"2026-04-27T14:46:05","guid":{"rendered":"https:\/\/insideamateurfussball-ffm.de\/?p=31908"},"modified":"2026-04-27T15:46:05","modified_gmt":"2026-04-27T14:46:05","slug":"spaete-niederlage-fuer-germania","status":"publish","type":"post","link":"https:\/\/insideamateurfussball-ffm.de\/?p=31908","title":{"rendered":"Sp\u00e4te Niederlage f\u00fcr Germania"},"content":{"rendered":"<h4>Der VfL Germania 94 verpasste wichtige Punkte im Abstiegskampf und verlor durch ein sp\u00e4tes Tor von Joshua Lyzcarz in der 88.Minute mit 0:1 gegen den FV Stierstadt.<\/h4>\n<figure id=\"attachment_27426\" aria-describedby=\"caption-attachment-27426\" style=\"width: 886px\" class=\"wp-caption alignnone\"><img loading=\"lazy\" decoding=\"async\" class=\"wp-image-27426 size-full\" src=\"http:\/\/insideamateurfussball-ffm.de\/wp-content\/uploads\/2025\/08\/bos-germ94-5.jpg\" alt=\"\" width=\"886\" height=\"606\" srcset=\"https:\/\/insideamateurfussball-ffm.de\/wp-content\/uploads\/2025\/08\/bos-germ94-5.jpg 886w, https:\/\/insideamateurfussball-ffm.de\/wp-content\/uploads\/2025\/08\/bos-germ94-5-300x205.jpg 300w, https:\/\/insideamateurfussball-ffm.de\/wp-content\/uploads\/2025\/08\/bos-germ94-5-768x525.jpg 768w\" sizes=\"auto, (max-width: 886px) 100vw, 886px\" \/><figcaption id=\"caption-attachment-27426\" class=\"wp-caption-text\">Die Mannschaft des VfL Germania 94 schwebt nach der Heimniederlage gegen Stierstadt in gro\u00dfer Abstiegsnot. Foto: Archiv Mithat G\u00fcrser<\/figcaption><\/figure>\n<h4>VfL Germania 94 &#8211; FV Stierstadt 0:1 (0:0)<\/h4>\n<p><img loading=\"lazy\" decoding=\"async\" class=\"alignnone size-full wp-image-11577\" src=\"http:\/\/insideamateurfussball-ffm.de\/wp-content\/uploads\/2023\/08\/Germania-94.jpg\" alt=\"\" width=\"80\" height=\"80\" \/><img loading=\"lazy\" decoding=\"async\" class=\"alignnone size-full wp-image-3054\" src=\"http:\/\/insideamateurfussball-ffm.de\/wp-content\/uploads\/2022\/10\/Stierstadt.png\" alt=\"\" width=\"80\" height=\"80\" \/><\/p>\n<p>Der VfL Germania befindet sich derzeit im Abstiegsstrudel und verliert auch das Spiel gegen den FV Stierstadt, damit bleibt man Vorletzter und muss hoffen, dass aufgrund der Abstiegsgeschehnisse in der Hessenliga und der Verbandsliga der 14.Tabellenplatz, der derzeit 4 Punkte entfernt ist, Relegationsplatz bleibt. Das muss in den letzten 5 Spielen das Ziel der Germania sein, der aufgrund vieler Verletzungsprobleme derzeit einige Stammspieler fehlen. In einem chancenarmen Spiel waren am Ende die G\u00e4ste aus Stierstadt die Gl\u00fccklicheren, die durch ein sp\u00e4tes Tor von Joshiua Lyzcarz in der 88 Minute als Sieger den Platz verlassen konnten.<\/p>\n<p>Germanias Trainer Siar Daudi in seinem Fazit: \u201eseit dem Friedrichsdorf-Spiel ist bei uns der Wurm drin, viele Verletzte, wir haben so ein wenig den Flow und unsere Siegermentalit\u00e4t verloren, vielleicht hat auch der angek\u00fcndigte Trainerwechsel ein wenig damit zu tun. Das Spiel heute war trotzdem ordentlich, trotz der ganzen Umst\u00e4nde haben wir ein gutes Spiel gemacht. Bis zum Gegentor ist es eigentlich ein typisches 0:0-Spiel, der Gegner hatte zwar mehr Ballbesitz, aber nur in den Bereichen, wo wir es zugelassen haben. Wir h\u00e4tten durchaus durch Hamza Tmimi vor dem Gegentor selbst mit 1:0 in F\u00fchrung gehen k\u00f6nnen, verpassten aber den Abschluss. Ich bin fest davon \u00fcberzeugt, dass die Mannschaft den Relegationsplatz erreichen kann, wir werden auch in der n\u00e4chsten Woche mehr Personal zur Verf\u00fcgung haben.\u201c Am n\u00e4chsten Wochenende muss die Germania zum FC Karben, danach folgen noch die Spiele gegen Wehrheim\/Pfaffenwiesbach, Burg-Gr\u00e4fenrode, Fechenheim und Seckbach.<\/p>\n<h4>Schiedsrichter: Adam Muthig (SV Pfaffenhofen). Zuschauer: 80.<\/h4>\n<h4>Tore: 0:1 Joshua Lyzcarz (88.)<\/h4>\n","protected":false},"excerpt":{"rendered":"<p>Der VfL Germania 94 verpasste wichtige Punkte im Abstiegskampf und verlor durch ein sp\u00e4tes Tor von Joshua Lyzcarz in der 88.Minute mit 0:1 gegen den FV Stierstadt. VfL Germania 94 &#8211; FV Stierstadt 0:1 (0:0) Der VfL Germania befindet sich derzeit im Abstiegsstrudel und verliert auch das Spiel gegen den FV Stierstadt, damit bleibt man [&hellip;]<\/p>\n","protected":false},"author":3,"featured_media":27426,"comment_status":"closed","ping_status":"open","sticky":true,"template":"","format":"standard","meta":{"footnotes":""},"categories":[13],"tags":[],"class_list":["post-31908","post","type-post","status-publish","format-standard","has-post-thumbnail","hentry","category-gruppenliga-frankfurt-west"],"_links":{"self":[{"href":"https:\/\/insideamateurfussball-ffm.de\/index.php?rest_route=\/wp\/v2\/posts\/31908","targetHints":{"allow":["GET"]}}],"collection":[{"href":"https:\/\/insideamateurfussball-ffm.de\/index.php?rest_route=\/wp\/v2\/posts"}],"about":[{"href":"https:\/\/insideamateurfussball-ffm.de\/index.php?rest_route=\/wp\/v2\/types\/post"}],"author":[{"embeddable":true,"href":"https:\/\/insideamateurfussball-ffm.de\/index.php?rest_route=\/wp\/v2\/users\/3"}],"replies":[{"embeddable":true,"href":"https:\/\/insideamateurfussball-ffm.de\/index.php?rest_route=%2Fwp%2Fv2%2Fcomments&post=31908"}],"version-history":[{"count":1,"href":"https:\/\/insideamateurfussball-ffm.de\/index.php?rest_route=\/wp\/v2\/posts\/31908\/revisions"}],"predecessor-version":[{"id":31909,"href":"https:\/\/insideamateurfussball-ffm.de\/index.php?rest_route=\/wp\/v2\/posts\/31908\/revisions\/31909"}],"wp:featuredmedia":[{"embeddable":true,"href":"https:\/\/insideamateurfussball-ffm.de\/index.php?rest_route=\/wp\/v2\/media\/27426"}],"wp:attachment":[{"href":"https:\/\/insideamateurfussball-ffm.de\/index.php?rest_route=%2Fwp%2Fv2%2Fmedia&parent=31908"}],"wp:term":[{"taxonomy":"category","embeddable":true,"href":"https:\/\/insideamateurfussball-ffm.de\/index.php?rest_route=%2Fwp%2Fv2%2Fcategories&post=31908"},{"taxonomy":"post_tag","embeddable":true,"href":"https:\/\/insideamateurfussball-ffm.de\/index.php?rest_route=%2Fwp%2Fv2%2Ftags&post=31908"}],"curies":[{"name":"wp","href":"https:\/\/api.w.org\/{rel}","templated":true}]}}