{"id":31898,"date":"2026-04-27T15:23:47","date_gmt":"2026-04-27T14:23:47","guid":{"rendered":"https:\/\/insideamateurfussball-ffm.de\/?p=31898"},"modified":"2026-04-27T16:11:35","modified_gmt":"2026-04-27T15:11:35","slug":"tuerkguecue-weiter-im-erfolgsmodus-sieg-auch-in-beienheim","status":"publish","type":"post","link":"https:\/\/insideamateurfussball-ffm.de\/?p=31898","title":{"rendered":"T\u00fcrkg\u00fcc\u00fc weiter im Erfolgsmodus, Sieg auch in Beienheim"},"content":{"rendered":"<h4>Auch im neunten Spiel in Folge blieb T\u00fcrkg\u00fcc\u00fc Frankfurt ungeschlagen, nach dem 2:0-Sieg bei der SKV Beienheim konnte in der Tabelle mit Platz 11 ein sicherer Nichtabstiegsplatz erklommen werden.<\/h4>\n<figure id=\"attachment_31288\" aria-describedby=\"caption-attachment-31288\" style=\"width: 747px\" class=\"wp-caption alignnone\"><img loading=\"lazy\" decoding=\"async\" class=\"wp-image-31288 size-full\" src=\"http:\/\/insideamateurfussball-ffm.de\/wp-content\/uploads\/2026\/03\/tuerkg-fech12.jpg\" alt=\"\" width=\"747\" height=\"539\" srcset=\"https:\/\/insideamateurfussball-ffm.de\/wp-content\/uploads\/2026\/03\/tuerkg-fech12.jpg 747w, https:\/\/insideamateurfussball-ffm.de\/wp-content\/uploads\/2026\/03\/tuerkg-fech12-300x216.jpg 300w\" sizes=\"auto, (max-width: 747px) 100vw, 747px\" \/><figcaption id=\"caption-attachment-31288\" class=\"wp-caption-text\">T\u00fcrkg\u00fcc\u00fcs Kapit\u00e4n Emre Kadimli f\u00fchrte seine Mannschaft auch zum Sieg in Beienheim. Foto: Archiv Mithat G\u00fcrser<\/figcaption><\/figure>\n<h4>SKV Beienheim &#8211; T\u00fcrkg\u00fcc\u00fc Frankfurt 0:2 (0:2)<\/h4>\n<p><img loading=\"lazy\" decoding=\"async\" class=\"alignnone size-full wp-image-545\" src=\"http:\/\/insideamateurfussball-ffm.de\/wp-content\/uploads\/2022\/06\/SKV-Beienh.jpg\" alt=\"\" width=\"79\" height=\"80\" \/><img loading=\"lazy\" decoding=\"async\" class=\"alignnone size-full wp-image-17\" src=\"http:\/\/insideamateurfussball-ffm.de\/wp-content\/uploads\/2021\/11\/Tuerkguecue.jpg\" alt=\"\" width=\"72\" height=\"80\" \/><\/p>\n<p>Unter Trainer Artug \u00d6zbakir, der T\u00fcrkg\u00fcc\u00fc Frankfurt am Saisonende verlassen wird, strebt die Mannschaft von Erfolg zu Erfolg, nach der Auftaktniederlage gegen die FG Seckbach blieb die Mannschaft unter \u00d6zbakir in 9 Spielen hintereinander ungeschlagen und strebt den sicheren Klassenerhalt an. Auch im schwierigen Spiel bei der SKV Beienheim gab es einen Sieg, \u00d6zbakir: \u201ewir wussten, was in Beienheim auf uns zukommt, eine robuste und heimstarke Mannschaft. Deshalb mussten wir kompakt stehen.\u201c Und das taten die G\u00e4ste erfolgsversprechend, durch fr\u00fches Pressing brachten die G\u00e4ste Beienheim immer wieder in Verlegenheit und kam zu vielen 1-gegen-1-Situationen.<\/p>\n<p>Bereits in der 15.Minute ging T\u00fcrkg\u00fcc\u00fc in F\u00fchrung, durch fr\u00fches Pressing kam Noyan \u00d6z an den Ball und lie\u00df dem gegnerischen Torh\u00fcter mit einem Flachschuss keine Chance. Nicht der einzige Fehler im Spielaufbau der Gastgeber, bei denen Trainer Sascha Bingel in einem Telefoninterview bei J\u00fcrgen Komm vor dem Spiel auf einen 4:0-Sieg seiner Mannschaft getippt hatte, denn in der 39.Minute nutzte Flavio Alberto Cuna einen weiteren Abwehrfehler aus und hob den Ball zum 2:0 in die Maschen des Tores. \u00a0Beienheim sorgte immer wieder durch Standards f\u00fcr gef\u00e4hrliche Momente und hatte auch Pech mit einem Distanzschuss, der an die Latte klatschte. So ging T\u00fcrkg\u00fcc\u00fc mit einer 2:0-F\u00fchrung in die Pause.<\/p>\n<p>In der zweiten Halbzeit wurde es mehr und mehr zum Kampfspiel, da sich die Gastgeber gegen die drohende Niederlage stemmten, aber Unverm\u00f6gen und ein guter Torh\u00fcter Dusan Zbiljic verhinderten einen Torerfolg der Gastgeber. Im Gegenteil, nach einem Foul an Flavio Alberto Cuna gab es in der zweiten Minute der Nachspielzeit Elfmeter f\u00fcr T\u00fcrkg\u00fcc\u00fc, doch der erst drei Minuten vorher eingewechselte Murat Tiryaki scheiterte an SKV-Schlussmann Tim Kuhl, \u00d6zbakir dazu: \u201ewir wollten ihm nach der Einwechslung etwas Gutes tun, aber n\u00e4chstes Mal schie\u00dft wieder ein anderer den Elfmeter.\u201c<\/p>\n<p>\u00d6zbakir zum Spiel: \u201ewir wollten mit langen B\u00e4llen \u00fcber die Kette agieren, was uns gut gelungen ist. In der zweiten Halbzeit entwickelte sich ein Kampfspiel, Beienheim hat nie aufgegeben. Aber der Sieg ist in Ordnung, wir wollten ihn mehr und haben nicht viel zugelassen. Die Jungs sind bereit, alles zu geben, denn der Trainer verlangt auch viel.\u201c Am n\u00e4chsten Wochenende m\u00f6chte T\u00fcrkg\u00fcc\u00fc seine Erfolgsserie fortsetzen, man erwartet den Tabellenzweiten FC Tempo und k\u00f6nnte den Kampf um den Relegationsplatz spannender machen. F\u00fcr die neue Saison k\u00fcndigte der Verein die Verpflichtung eines neuen Trainers an, ein Extra-Artikel folgt morgen.<\/p>\n<h4>Schiedsrichter: Dominik Br\u00e4unche (TSV Bicken). Zuschauer: 100.<\/h4>\n<h4>Tore: 0:1 Noyan \u00d6z (14.), 0:2 Flavio Alberto Cuna (39.)<\/h4>\n","protected":false},"excerpt":{"rendered":"<p>Auch im neunten Spiel in Folge blieb T\u00fcrkg\u00fcc\u00fc Frankfurt ungeschlagen, nach dem 2:0-Sieg bei der SKV Beienheim konnte in der Tabelle mit Platz 11 ein sicherer Nichtabstiegsplatz erklommen werden. SKV Beienheim &#8211; T\u00fcrkg\u00fcc\u00fc Frankfurt 0:2 (0:2) Unter Trainer Artug \u00d6zbakir, der T\u00fcrkg\u00fcc\u00fc Frankfurt am Saisonende verlassen wird, strebt die Mannschaft von Erfolg zu Erfolg, nach [&hellip;]<\/p>\n","protected":false},"author":3,"featured_media":31288,"comment_status":"closed","ping_status":"open","sticky":true,"template":"","format":"standard","meta":{"footnotes":""},"categories":[13],"tags":[],"class_list":["post-31898","post","type-post","status-publish","format-standard","has-post-thumbnail","hentry","category-gruppenliga-frankfurt-west"],"_links":{"self":[{"href":"https:\/\/insideamateurfussball-ffm.de\/index.php?rest_route=\/wp\/v2\/posts\/31898","targetHints":{"allow":["GET"]}}],"collection":[{"href":"https:\/\/insideamateurfussball-ffm.de\/index.php?rest_route=\/wp\/v2\/posts"}],"about":[{"href":"https:\/\/insideamateurfussball-ffm.de\/index.php?rest_route=\/wp\/v2\/types\/post"}],"author":[{"embeddable":true,"href":"https:\/\/insideamateurfussball-ffm.de\/index.php?rest_route=\/wp\/v2\/users\/3"}],"replies":[{"embeddable":true,"href":"https:\/\/insideamateurfussball-ffm.de\/index.php?rest_route=%2Fwp%2Fv2%2Fcomments&post=31898"}],"version-history":[{"count":4,"href":"https:\/\/insideamateurfussball-ffm.de\/index.php?rest_route=\/wp\/v2\/posts\/31898\/revisions"}],"predecessor-version":[{"id":31912,"href":"https:\/\/insideamateurfussball-ffm.de\/index.php?rest_route=\/wp\/v2\/posts\/31898\/revisions\/31912"}],"wp:featuredmedia":[{"embeddable":true,"href":"https:\/\/insideamateurfussball-ffm.de\/index.php?rest_route=\/wp\/v2\/media\/31288"}],"wp:attachment":[{"href":"https:\/\/insideamateurfussball-ffm.de\/index.php?rest_route=%2Fwp%2Fv2%2Fmedia&parent=31898"}],"wp:term":[{"taxonomy":"category","embeddable":true,"href":"https:\/\/insideamateurfussball-ffm.de\/index.php?rest_route=%2Fwp%2Fv2%2Fcategories&post=31898"},{"taxonomy":"post_tag","embeddable":true,"href":"https:\/\/insideamateurfussball-ffm.de\/index.php?rest_route=%2Fwp%2Fv2%2Ftags&post=31898"}],"curies":[{"name":"wp","href":"https:\/\/api.w.org\/{rel}","templated":true}]}}