{"id":31895,"date":"2026-04-27T15:15:39","date_gmt":"2026-04-27T14:15:39","guid":{"rendered":"https:\/\/insideamateurfussball-ffm.de\/?p=31895"},"modified":"2026-04-27T15:15:39","modified_gmt":"2026-04-27T14:15:39","slug":"fechenheim-auch-gegen-karben-mit-niederlage","status":"publish","type":"post","link":"https:\/\/insideamateurfussball-ffm.de\/?p=31895","title":{"rendered":"Fechenheim auch gegen Karben mit Niederlage"},"content":{"rendered":"<h4>Die Spvgg. 03 Fechenheim rutschte nach der 1:2-Heimniederlage gegen den FC Karben auf den 13.Tabellenplatz ab und sollte bald wieder punkten, um den m\u00f6glichen Relegationsplatz wieder zu verlassen.<\/h4>\n<figure id=\"attachment_31351\" aria-describedby=\"caption-attachment-31351\" style=\"width: 2016px\" class=\"wp-caption alignnone\"><img loading=\"lazy\" decoding=\"async\" class=\"wp-image-31351 size-full\" src=\"http:\/\/insideamateurfussball-ffm.de\/wp-content\/uploads\/2026\/04\/bosnienkarben03.jpg\" alt=\"\" width=\"2016\" height=\"1512\" srcset=\"https:\/\/insideamateurfussball-ffm.de\/wp-content\/uploads\/2026\/04\/bosnienkarben03.jpg 2016w, https:\/\/insideamateurfussball-ffm.de\/wp-content\/uploads\/2026\/04\/bosnienkarben03-300x225.jpg 300w, https:\/\/insideamateurfussball-ffm.de\/wp-content\/uploads\/2026\/04\/bosnienkarben03-1024x768.jpg 1024w, https:\/\/insideamateurfussball-ffm.de\/wp-content\/uploads\/2026\/04\/bosnienkarben03-768x576.jpg 768w, https:\/\/insideamateurfussball-ffm.de\/wp-content\/uploads\/2026\/04\/bosnienkarben03-1536x1152.jpg 1536w\" sizes=\"auto, (max-width: 2016px) 100vw, 2016px\" \/><figcaption id=\"caption-attachment-31351\" class=\"wp-caption-text\">Die Mannschaft des FC Karben konnte sich in Fechenheim behaupten. Foto: Archiv MZ<\/figcaption><\/figure>\n<h4>Spvgg. 03 Fechenheim &#8211; FC Karben 1:2 (1:1)<\/h4>\n<p><img loading=\"lazy\" decoding=\"async\" class=\"alignnone size-full wp-image-603\" src=\"http:\/\/insideamateurfussball-ffm.de\/wp-content\/uploads\/2022\/06\/Fech03.jpg\" alt=\"\" width=\"52\" height=\"80\" \/><img loading=\"lazy\" decoding=\"async\" class=\"alignnone size-full wp-image-2525\" src=\"http:\/\/insideamateurfussball-ffm.de\/wp-content\/uploads\/2022\/09\/karben.jpg\" alt=\"\" width=\"65\" height=\"80\" \/><\/p>\n<p>Die Spvgg. 03 Fechenheim hatte sich trotz schmalem Kaders einiges gegen den FC Karben vorgenommen und legte gleich gut los, nach einer Vorlage von Giovanbattista Pedace erzielte Roberto Martins Pereira die 1:0-F\u00fchrung in der 5.Minute. Nach einer guten Viertelstunde, in der das 2:0 verpasst wurde, gab Fechenheim nach den Worten ihres Trainers Necip Incesu \u201edas Spiel aus der Hand\u201c. In der 26.Minute musste Veljko Vlahic den Ball nach einer Hereingabe von Owen Hare nur noch einschieben und erzielte damit den 1:1-Ausgleich, der bis zur Halbzeit Bestand hatte.<\/p>\n<p>Nach der Halbzeit kamen die G\u00e4ste besser aus der Kabine und gingen durch Moritz Heitefu\u00df in der 51.Minute mit 2:1 in F\u00fchrung, ehe dann beide Mannschaften ab der 77.Minute mit einem Mann weniger auskommen mussten. Der Torsch\u00fctze zum 2:1, Heitefu\u00df, foulte den 8 Minuten zuvor eingewechselten Yassin Lahchaychi und sah die gelb-rote Karte, w\u00e4hrend der Schiedsrichter bei Lahchaychi ein m\u00f6gliches Nachtreten ahndete und diesen mit glatt rot vom Platz schickte. Fechenheim konnte in der restlichen Spielzeit nichts Z\u00e4hlbares mehr erzielen und verlor auch dieses Spiel. Trainer Incesu: \u201ewir sind jetzt dick im Abstiegskampf und ich muss sehen, wer in dem d\u00fcnnen Kader dazu in der Lage ist. Es war eine bittere Niederlage in einem an sich ausgeglichenen Spiel. Es gibt jetzt keine Ausreden her und wir m\u00fcssen in den letzten f\u00fcnf Spielen, in denen wir noch viermal auf Mannschaften von unten treffen, punkten.\u201c<\/p>\n<p>Am n\u00e4chsten Wochenende muss die Spvgg. 03 Fechenheim zur SG Wehrheim\/Pfaffenwiesbach, ehe es dann noch gegen Burg-Gr\u00e4fenrode, Seckbach, Germania und Fauerbach geht.<\/p>\n<h4>Schiedsrichter: Julius Schenk (SG Modau). Zuschauer: 70.<\/h4>\n<h4>Tore: 1:0 Roberto Martins Pereira (5.), 1:1 Veljko Vlahic (26.), 1:2 Moritz Heitefu\u00df (51.)<\/h4>\n","protected":false},"excerpt":{"rendered":"<p>Die Spvgg. 03 Fechenheim rutschte nach der 1:2-Heimniederlage gegen den FC Karben auf den 13.Tabellenplatz ab und sollte bald wieder punkten, um den m\u00f6glichen Relegationsplatz wieder zu verlassen. Spvgg. 03 Fechenheim &#8211; FC Karben 1:2 (1:1) Die Spvgg. 03 Fechenheim hatte sich trotz schmalem Kaders einiges gegen den FC Karben vorgenommen und legte gleich gut [&hellip;]<\/p>\n","protected":false},"author":3,"featured_media":31351,"comment_status":"closed","ping_status":"open","sticky":true,"template":"","format":"standard","meta":{"footnotes":""},"categories":[13],"tags":[],"class_list":["post-31895","post","type-post","status-publish","format-standard","has-post-thumbnail","hentry","category-gruppenliga-frankfurt-west"],"_links":{"self":[{"href":"https:\/\/insideamateurfussball-ffm.de\/index.php?rest_route=\/wp\/v2\/posts\/31895","targetHints":{"allow":["GET"]}}],"collection":[{"href":"https:\/\/insideamateurfussball-ffm.de\/index.php?rest_route=\/wp\/v2\/posts"}],"about":[{"href":"https:\/\/insideamateurfussball-ffm.de\/index.php?rest_route=\/wp\/v2\/types\/post"}],"author":[{"embeddable":true,"href":"https:\/\/insideamateurfussball-ffm.de\/index.php?rest_route=\/wp\/v2\/users\/3"}],"replies":[{"embeddable":true,"href":"https:\/\/insideamateurfussball-ffm.de\/index.php?rest_route=%2Fwp%2Fv2%2Fcomments&post=31895"}],"version-history":[{"count":2,"href":"https:\/\/insideamateurfussball-ffm.de\/index.php?rest_route=\/wp\/v2\/posts\/31895\/revisions"}],"predecessor-version":[{"id":31897,"href":"https:\/\/insideamateurfussball-ffm.de\/index.php?rest_route=\/wp\/v2\/posts\/31895\/revisions\/31897"}],"wp:featuredmedia":[{"embeddable":true,"href":"https:\/\/insideamateurfussball-ffm.de\/index.php?rest_route=\/wp\/v2\/media\/31351"}],"wp:attachment":[{"href":"https:\/\/insideamateurfussball-ffm.de\/index.php?rest_route=%2Fwp%2Fv2%2Fmedia&parent=31895"}],"wp:term":[{"taxonomy":"category","embeddable":true,"href":"https:\/\/insideamateurfussball-ffm.de\/index.php?rest_route=%2Fwp%2Fv2%2Fcategories&post=31895"},{"taxonomy":"post_tag","embeddable":true,"href":"https:\/\/insideamateurfussball-ffm.de\/index.php?rest_route=%2Fwp%2Fv2%2Ftags&post=31895"}],"curies":[{"name":"wp","href":"https:\/\/api.w.org\/{rel}","templated":true}]}}