{"id":31892,"date":"2026-04-27T15:09:34","date_gmt":"2026-04-27T14:09:34","guid":{"rendered":"https:\/\/insideamateurfussball-ffm.de\/?p=31892"},"modified":"2026-04-27T15:09:34","modified_gmt":"2026-04-27T14:09:34","slug":"kosova-nach-gutem-start-ohne-chance-gegen-bad-nauheim","status":"publish","type":"post","link":"https:\/\/insideamateurfussball-ffm.de\/?p=31892","title":{"rendered":"Kosova nach gutem Start ohne Chance gegen Bad Nauheim"},"content":{"rendered":"<h4>Nach dem R\u00fccktritt von Trainer Erc\u00fcment Sahin unterlag der FC Kosova dem T\u00fcrkischen SV Bad Nauheim deutlich mit 2:5, damit ist ein Abrutschen auf den m\u00f6glichen Relegationsplatz immer noch m\u00f6glich.<\/h4>\n<figure id=\"attachment_31484\" aria-describedby=\"caption-attachment-31484\" style=\"width: 849px\" class=\"wp-caption alignnone\"><img loading=\"lazy\" decoding=\"async\" class=\"wp-image-31484 size-full\" src=\"http:\/\/insideamateurfussball-ffm.de\/wp-content\/uploads\/2026\/04\/temp-tguecue3.jpg\" alt=\"\" width=\"849\" height=\"582\" srcset=\"https:\/\/insideamateurfussball-ffm.de\/wp-content\/uploads\/2026\/04\/temp-tguecue3.jpg 849w, https:\/\/insideamateurfussball-ffm.de\/wp-content\/uploads\/2026\/04\/temp-tguecue3-300x206.jpg 300w, https:\/\/insideamateurfussball-ffm.de\/wp-content\/uploads\/2026\/04\/temp-tguecue3-768x526.jpg 768w\" sizes=\"auto, (max-width: 849px) 100vw, 849px\" \/><figcaption id=\"caption-attachment-31484\" class=\"wp-caption-text\">Die Mannschaft vom T\u00fcrkischen SV Bad Nauheim kam zu einem klaren Sieg beim FC Kosova. Foto: Archiv Mithat G\u00fcrser<\/figcaption><\/figure>\n<h4>FC Kosova &#8211; T\u00fcrkischer SV Bad Nauheim 2:5 (1:2)<\/h4>\n<p><img loading=\"lazy\" decoding=\"async\" class=\"alignnone size-full wp-image-9\" src=\"http:\/\/insideamateurfussball-ffm.de\/wp-content\/uploads\/2021\/11\/Kosova.jpg\" alt=\"\" width=\"65\" height=\"80\" \/><img loading=\"lazy\" decoding=\"async\" class=\"alignnone size-full wp-image-25899\" src=\"http:\/\/insideamateurfussball-ffm.de\/wp-content\/uploads\/2025\/05\/Tuerkischer-SV.jpg\" alt=\"\" width=\"99\" height=\"99\" \/><\/p>\n<p>Nach dem R\u00fccktritt von Trainer Erc\u00fcment Sahin beim FC Kosova \u00fcbernahm Albion Bitiqi die Verantwortung an der Seitenlinie, unterst\u00fctzt wurde er von Ismail Sinani und dem verletzten Flakron Thaci. Und die Mannschaft der Gastgeber begann gut gegen den T\u00fcrkischen SV Bad Nauheim, Denis Memedi konnte seine Farben bereits in der 4.Minute mit 1:0 in F\u00fchrung bringen. Doch die G\u00e4ste schlugen durch Ozan Keskin doppelt zur\u00fcck, in der 15.Minute erzielte Keskin den Ausgleich zum 1:1, ehe er in der 24.Minute Bad Nauheim mit einen sicher verwandelten Foulelfmeter mit 2:1 in F\u00fchrung brachte. Kosova hatte in der einigerma\u00dfen ausgeglichenen ersten Halbzeit noch Chancen zum Ausgleich, doch bis zur Halbzeit blieb es beim 1:2.<\/p>\n<p>In der zweiten H\u00e4lfte war es erneut Keskin, der den Gastgebern mit dem 1:3 in der 49.Minute \u201eden Stecker zog\u201c. Danach drehte Bad Nauheim auf und erh\u00f6hte durch Nahom Ogbay in der 56.Minute auf 4:1, ehe es die G\u00e4ste mit der deutlichen F\u00fchrung im R\u00fccken ruhiger angehen lie\u00dfen und prompt in der 77.Minute das 2:4 durch Perparim Islami kassierten. Doch nur drei Minuten sp\u00e4ter stellte Ben Penndorf mit dem 5:2 den alten Abstand wieder her und sorgte f\u00fcr den verdienten Ausw\u00e4rtssieg von Bad Nauheim.\u00a0 Albion Bitiqi sprach nach dem Spiel von einem \u201everdienten Sieg des Gegners\u201c und hofft: \u201ewir spielen noch gegen direkte Konkurrenten und m\u00fcssen da punkten. Das war ein faires Spiel und in der ersten Halbzeit ausgeglichen, nach dem 1:3 war das Spiel gelaufen.\u201c<\/p>\n<p>Der Abstand vom FC Kosova zum 13.Tabellenplatz betr\u00e4gt nur noch zwei Punkte, und dieser 13.Platz k\u00f6nnte durch eine schlechte Entwicklung in der Hessenliga und der Verbandsliga noch zum Relegationsplatz werden. Am n\u00e4chsten Wochenende ist der FC Kosova spielfrei, ehe es in den letzten vier Spielen noch gegen Friedrichsdorf, T\u00fcrkg\u00fcc\u00fc, Kaichen und Stierstadt geht.<\/p>\n<h4>Schiedsrichter: Til Lange (TSV Mengsberg). Zuschauer: 150.<\/h4>\n<h4>Tore: 1:0 Denis Memedi (4.), 1:1 Ozan Keskin (15.), 1:2 Ozan Keskin (24., Elfmeter), 13 Ozan Keskin (49.), 1:4 Nahom Ogbay (56.), 2:4 Perparim Islami (77.), 2:5 Ben Penndorf (80.)<\/h4>\n","protected":false},"excerpt":{"rendered":"<p>Nach dem R\u00fccktritt von Trainer Erc\u00fcment Sahin unterlag der FC Kosova dem T\u00fcrkischen SV Bad Nauheim deutlich mit 2:5, damit ist ein Abrutschen auf den m\u00f6glichen Relegationsplatz immer noch m\u00f6glich. FC Kosova &#8211; T\u00fcrkischer SV Bad Nauheim 2:5 (1:2) Nach dem R\u00fccktritt von Trainer Erc\u00fcment Sahin beim FC Kosova \u00fcbernahm Albion Bitiqi die Verantwortung an [&hellip;]<\/p>\n","protected":false},"author":3,"featured_media":31484,"comment_status":"closed","ping_status":"open","sticky":true,"template":"","format":"standard","meta":{"footnotes":""},"categories":[13],"tags":[],"class_list":["post-31892","post","type-post","status-publish","format-standard","has-post-thumbnail","hentry","category-gruppenliga-frankfurt-west"],"_links":{"self":[{"href":"https:\/\/insideamateurfussball-ffm.de\/index.php?rest_route=\/wp\/v2\/posts\/31892","targetHints":{"allow":["GET"]}}],"collection":[{"href":"https:\/\/insideamateurfussball-ffm.de\/index.php?rest_route=\/wp\/v2\/posts"}],"about":[{"href":"https:\/\/insideamateurfussball-ffm.de\/index.php?rest_route=\/wp\/v2\/types\/post"}],"author":[{"embeddable":true,"href":"https:\/\/insideamateurfussball-ffm.de\/index.php?rest_route=\/wp\/v2\/users\/3"}],"replies":[{"embeddable":true,"href":"https:\/\/insideamateurfussball-ffm.de\/index.php?rest_route=%2Fwp%2Fv2%2Fcomments&post=31892"}],"version-history":[{"count":2,"href":"https:\/\/insideamateurfussball-ffm.de\/index.php?rest_route=\/wp\/v2\/posts\/31892\/revisions"}],"predecessor-version":[{"id":31894,"href":"https:\/\/insideamateurfussball-ffm.de\/index.php?rest_route=\/wp\/v2\/posts\/31892\/revisions\/31894"}],"wp:featuredmedia":[{"embeddable":true,"href":"https:\/\/insideamateurfussball-ffm.de\/index.php?rest_route=\/wp\/v2\/media\/31484"}],"wp:attachment":[{"href":"https:\/\/insideamateurfussball-ffm.de\/index.php?rest_route=%2Fwp%2Fv2%2Fmedia&parent=31892"}],"wp:term":[{"taxonomy":"category","embeddable":true,"href":"https:\/\/insideamateurfussball-ffm.de\/index.php?rest_route=%2Fwp%2Fv2%2Fcategories&post=31892"},{"taxonomy":"post_tag","embeddable":true,"href":"https:\/\/insideamateurfussball-ffm.de\/index.php?rest_route=%2Fwp%2Fv2%2Ftags&post=31892"}],"curies":[{"name":"wp","href":"https:\/\/api.w.org\/{rel}","templated":true}]}}