{"id":31877,"date":"2026-04-27T15:00:40","date_gmt":"2026-04-27T14:00:40","guid":{"rendered":"https:\/\/insideamateurfussball-ffm.de\/?p=31877"},"modified":"2026-04-27T15:00:40","modified_gmt":"2026-04-27T14:00:40","slug":"kalbach-zieht-nach-sieg-in-der-tabelle-an-langen-vorbei","status":"publish","type":"post","link":"https:\/\/insideamateurfussball-ffm.de\/?p=31877","title":{"rendered":"Kalbach zieht nach Sieg in der Tabelle an Langen vorbei"},"content":{"rendered":"<h4>Durch den Lucky Punch von Achraf Gara Ali zum 3:2 in der Nachspielzeit gewann der FC Kalbach beim 1.FC Langen, zog am Gegner in der Tabelle vorbei und belegt derzeit einen sicheren Nichtabstiegsplatz.<\/h4>\n<figure id=\"attachment_31888\" aria-describedby=\"caption-attachment-31888\" style=\"width: 2016px\" class=\"wp-caption alignnone\"><img loading=\"lazy\" decoding=\"async\" class=\"wp-image-31888 size-full\" src=\"http:\/\/insideamateurfussball-ffm.de\/wp-content\/uploads\/2026\/04\/langenkalbach10.jpg\" alt=\"\" width=\"2016\" height=\"1512\" srcset=\"https:\/\/insideamateurfussball-ffm.de\/wp-content\/uploads\/2026\/04\/langenkalbach10.jpg 2016w, https:\/\/insideamateurfussball-ffm.de\/wp-content\/uploads\/2026\/04\/langenkalbach10-300x225.jpg 300w, https:\/\/insideamateurfussball-ffm.de\/wp-content\/uploads\/2026\/04\/langenkalbach10-1024x768.jpg 1024w, https:\/\/insideamateurfussball-ffm.de\/wp-content\/uploads\/2026\/04\/langenkalbach10-768x576.jpg 768w, https:\/\/insideamateurfussball-ffm.de\/wp-content\/uploads\/2026\/04\/langenkalbach10-1536x1152.jpg 1536w\" sizes=\"auto, (max-width: 2016px) 100vw, 2016px\" \/><figcaption id=\"caption-attachment-31888\" class=\"wp-caption-text\">Gro\u00dfer Jubel nach dem Spiel beim FC Kalbach, der in der Tabelle am Gegner Langen vorbeizog. Foto: MZ<\/figcaption><\/figure>\n<h4>1.FC Langen &#8211; FC Kalbach 2:3 (1:1)<\/h4>\n<p><img loading=\"lazy\" decoding=\"async\" class=\"alignnone size-full wp-image-27924\" src=\"http:\/\/insideamateurfussball-ffm.de\/wp-content\/uploads\/2025\/09\/FC-Langen.jpg\" alt=\"\" width=\"80\" height=\"80\" \/><img loading=\"lazy\" decoding=\"async\" class=\"alignnone size-full wp-image-16\" src=\"http:\/\/insideamateurfussball-ffm.de\/wp-content\/uploads\/2021\/11\/kalbach-wappen.jpg\" alt=\"\" width=\"80\" height=\"80\" \/><\/p>\n<p>Der Jubel beim FC Kalbach war nach dem Schlusspfiff gro\u00df, nach einer guten Leistung gelang es, in der Tabelle nach dem 3:2-Ausw\u00e4rtssieg am Gegner 1.FC Langen vorbeizuziehen, Platz 13 ist erreicht, was derzeit nach der Lage in der Hessenliga Klassenerhalt bedeuten w\u00fcrde. Und der Sieg in Langen war hochverdient, weil die G\u00e4ste spielerisch deutlich \u00fcberlegen waren und endlich mal ausw\u00e4rts auf einem gro\u00dfen Rasenplatz gewinnen konnten. Zu Beginn war die Partie durchaus ausgeglichen, und die Gastgeber hatten in der ersten Minute und durch einen Pfostenschuss in der 14.Minute gute Gelegenheiten, aber auch Max Steinbrecher, Torwart des 1.FC Langen, musste sich bei einem Freisto\u00df von Lennard Marschik langmachen. In der 22.Minute konnte Laurin Hess die Gastgeber mit einem unhaltbaren Flachschuss aus 18 Metern mit 1:0 in F\u00fchrung bringen.<\/p>\n<p>Nach dem F\u00fchrungstor zogen sich die Gastgeber weit zur\u00fcck und hatten Probleme auf ihrer linken Abwehrseite, wo Kalbachs Rechtsverteidiger Samuel Adu mit Flankenl\u00e4ufen immer wieder gef\u00e4hrlich war, so kam es nicht von ungef\u00e4hr, dass eine Flanke von Adu in der 40.Minute bei Achraf Gara Ali landete, der den Ball zum Ausgleich von 1:1 ins Tor k\u00f6pfte. Noch in der ersten Halbzeit reagierte Langens Trainer Marco Betz und nahm seinen Linksverteidiger vom Platz. Das Remis zur Pause war auch aufgrund der Chancenverteilung nicht unverdient f\u00fcr Kalbach.<\/p>\n<p>In der zweiten H\u00e4lfte bot sich ein \u00e4hnliches Bild. Kalbach versuchte, spielerisch zum Erfolg zu kommen, w\u00e4hrend Langen es immer wieder \u00fcber lange B\u00e4lle versuchte. Nachdem die Gastgeber in der 66.Minute eine Kopfballchance auslie\u00dfen, der Ball ging knapp am Tor vorbei, gingen die G\u00e4ste in der 68.Minute in F\u00fchrung, der Langener Laurin Hess unterband mit seinem Eingreifen einen Doppelpass der G\u00e4ste, doch von seinem Fu\u00df sprang der Ball an Steinbrecher vorbei ins eigene Netz. Die F\u00fchrung von Kalbach hatte nicht lange Bestand, nach einer Unaufmerksamkeit auf der linken Abwehrseite brachte Imad Eljazouli den gegnerischen Spieler zu Fall, und der eingewechselte Florian Wotzlaw verwandelte den f\u00e4lligen Foulelfmeter in der 72.Minute zum 2:2.<\/p>\n<p>Die Kalbacher probierten alles, um den wichtigen Sieg einzufahren, in der 84.Minute musste ein Langener Spieler bei einem Schuss von Konstantin Marko Petrovic auf der Linie retten, ehe die G\u00e4ste dann in der ersten Minute der Nachspielzeit zum Siegtreffer durch den Lucky Punch kamen, erneut Samuel Adu schlug eine Flanke aus dem Halbfeld und fand in der Mitte Achraf Gara Ali, der mit einem platzierten Kopfball Steinbrecher im Tor der Gastgeber keine Chance lie\u00df und das 3:2 erzielte. Auch die restlichen drei Minuten \u00fcberstanden die G\u00e4ste schadlos und feierten am Ende den Dreier, mit dem das direkte Duell gegen Langen ausgeglichen wurde und man in der Tabelle am Gegner vorbeizog.<\/p>\n<p>Kalbachs Vorstandsmitglied Manni Meyer: \u201eGl\u00fcckwunsch an die Mannschaft, absolut verdient gewonnen, Einsatz, Leidenschaft gezeigt und viele Chancen erspielt. Durch den Elfmeter, der uns schwer getroffen hat, aber auch einer war, mussten wir wieder zur\u00fcckkommen, haben es gepackt und hier in Langen 3:2 gewonnen, besser geht es nicht.\u201c Weiter geht es f\u00fcr den FC Kalbach erst in zwei Wochen mit dem Ausw\u00e4rtsspiel bei RW Walldorf II, da der kommende Gegner VfR Gro\u00df-Gerau am Freitag, 1.Mai, im Kreispokal-Endspiel antreten wird. Eine unfaire Planung f\u00fcr die Kalbacher, die dadurch im Saisonendspurt im Kampf um den Klassenerhalt eine englische Woche spielen m\u00fcssen.<\/p>\n<h4>Schiedsrichter: Lenny Schulze (FC Marxheim). Zuschauer: 150.<\/h4>\n<h4>Tore: 1:0 Laurin Hess (22.), 1:1 Achraf Gara Ali (40.), 1:2 Laurin Hess (68., Eigentor), 2:2 Florian Wotzlaw (72., Elfmeter), 2:3 Achraf Gara Ali (90.+1)<\/h4>\n","protected":false},"excerpt":{"rendered":"<p>Durch den Lucky Punch von Achraf Gara Ali zum 3:2 in der Nachspielzeit gewann der FC Kalbach beim 1.FC Langen, zog am Gegner in der Tabelle vorbei und belegt derzeit einen sicheren Nichtabstiegsplatz. 1.FC Langen &#8211; FC Kalbach 2:3 (1:1) Der Jubel beim FC Kalbach war nach dem Schlusspfiff gro\u00df, nach einer guten Leistung gelang [&hellip;]<\/p>\n","protected":false},"author":3,"featured_media":31888,"comment_status":"closed","ping_status":"open","sticky":true,"template":"","format":"standard","meta":{"footnotes":""},"categories":[10],"tags":[],"class_list":["post-31877","post","type-post","status-publish","format-standard","has-post-thumbnail","hentry","category-verbandsliga-sued"],"_links":{"self":[{"href":"https:\/\/insideamateurfussball-ffm.de\/index.php?rest_route=\/wp\/v2\/posts\/31877","targetHints":{"allow":["GET"]}}],"collection":[{"href":"https:\/\/insideamateurfussball-ffm.de\/index.php?rest_route=\/wp\/v2\/posts"}],"about":[{"href":"https:\/\/insideamateurfussball-ffm.de\/index.php?rest_route=\/wp\/v2\/types\/post"}],"author":[{"embeddable":true,"href":"https:\/\/insideamateurfussball-ffm.de\/index.php?rest_route=\/wp\/v2\/users\/3"}],"replies":[{"embeddable":true,"href":"https:\/\/insideamateurfussball-ffm.de\/index.php?rest_route=%2Fwp%2Fv2%2Fcomments&post=31877"}],"version-history":[{"count":2,"href":"https:\/\/insideamateurfussball-ffm.de\/index.php?rest_route=\/wp\/v2\/posts\/31877\/revisions"}],"predecessor-version":[{"id":31891,"href":"https:\/\/insideamateurfussball-ffm.de\/index.php?rest_route=\/wp\/v2\/posts\/31877\/revisions\/31891"}],"wp:featuredmedia":[{"embeddable":true,"href":"https:\/\/insideamateurfussball-ffm.de\/index.php?rest_route=\/wp\/v2\/media\/31888"}],"wp:attachment":[{"href":"https:\/\/insideamateurfussball-ffm.de\/index.php?rest_route=%2Fwp%2Fv2%2Fmedia&parent=31877"}],"wp:term":[{"taxonomy":"category","embeddable":true,"href":"https:\/\/insideamateurfussball-ffm.de\/index.php?rest_route=%2Fwp%2Fv2%2Fcategories&post=31877"},{"taxonomy":"post_tag","embeddable":true,"href":"https:\/\/insideamateurfussball-ffm.de\/index.php?rest_route=%2Fwp%2Fv2%2Ftags&post=31877"}],"curies":[{"name":"wp","href":"https:\/\/api.w.org\/{rel}","templated":true}]}}