{"id":31857,"date":"2026-04-27T14:52:30","date_gmt":"2026-04-27T13:52:30","guid":{"rendered":"https:\/\/insideamateurfussball-ffm.de\/?p=31857"},"modified":"2026-04-27T16:26:38","modified_gmt":"2026-04-27T15:26:38","slug":"bornheim-nach-sieg-beim-ofc-weiterhin-mit-aufstiegschancen","status":"publish","type":"post","link":"https:\/\/insideamateurfussball-ffm.de\/?p=31857","title":{"rendered":"Bornheim nach Sieg beim OFC weiterhin mit Aufstiegschancen"},"content":{"rendered":"<h4>Durch den f\u00fcnften Sieg in Folge kann die SG Bornheim im Kampf um den Aufstieg weiterhin eine Rolle spielen, diesmal siegte man beim Tabellendritten OFC II nach einer guten Leistung mit 2:0.<\/h4>\n<figure id=\"attachment_31868\" aria-describedby=\"caption-attachment-31868\" style=\"width: 2560px\" class=\"wp-caption alignnone\"><img loading=\"lazy\" decoding=\"async\" class=\"wp-image-31868 size-full\" src=\"http:\/\/insideamateurfussball-ffm.de\/wp-content\/uploads\/2026\/04\/OFCII-SGB_260426-427-scaled.jpg\" alt=\"\" width=\"2560\" height=\"1707\" srcset=\"https:\/\/insideamateurfussball-ffm.de\/wp-content\/uploads\/2026\/04\/OFCII-SGB_260426-427-scaled.jpg 2560w, https:\/\/insideamateurfussball-ffm.de\/wp-content\/uploads\/2026\/04\/OFCII-SGB_260426-427-300x200.jpg 300w, https:\/\/insideamateurfussball-ffm.de\/wp-content\/uploads\/2026\/04\/OFCII-SGB_260426-427-1024x683.jpg 1024w, https:\/\/insideamateurfussball-ffm.de\/wp-content\/uploads\/2026\/04\/OFCII-SGB_260426-427-768x512.jpg 768w, https:\/\/insideamateurfussball-ffm.de\/wp-content\/uploads\/2026\/04\/OFCII-SGB_260426-427-1536x1024.jpg 1536w, https:\/\/insideamateurfussball-ffm.de\/wp-content\/uploads\/2026\/04\/OFCII-SGB_260426-427-2048x1365.jpg 2048w\" sizes=\"auto, (max-width: 2560px) 100vw, 2560px\" \/><figcaption id=\"caption-attachment-31868\" class=\"wp-caption-text\">Mann des Tages bei Bornheim war nach den Aussagen des Trainers Taner Yalcin Ben Schwarz (Nr. 20), der hier nach seinem F\u00fchrungstreffer zum 1:0 von seinen Mannschaftskollegen begl\u00fcckw\u00fcnscht wird. Foto: Andre Sturmeit<\/figcaption><\/figure>\n<h4>Kickers Offenbach II &#8211; SG Bornheim\/Gr\u00fcn-Wei\u00df 0:2 (0:1)<\/h4>\n<p><img loading=\"lazy\" decoding=\"async\" class=\"alignnone size-full wp-image-7574\" src=\"http:\/\/insideamateurfussball-ffm.de\/wp-content\/uploads\/2023\/04\/ofc.jpg\" alt=\"\" width=\"80\" height=\"80\" \/><img loading=\"lazy\" decoding=\"async\" class=\"alignnone size-full wp-image-119\" src=\"http:\/\/insideamateurfussball-ffm.de\/wp-content\/uploads\/2022\/05\/Bornheim.jpg\" alt=\"\" width=\"80\" height=\"80\" \/><\/p>\n<p>Die SG Bornheim konnte in der Liga ihren f\u00fcnften Sieg in Folge feiern und gewann bei der zweiten Mannschaft von Kickers Offenbach mit 2:0. Beide Mannschaften hatten nur einen reduzierten Kader zur Verf\u00fcgung, doch die Bornheimer nutzten dies besser und blieben weiterhin im Flow, der ihnen inklusive des Pokals den sechsten Sieg in Folge bescherte. Ben Schwarz, der nach dem Spiel von Trainer Taner Yalcin besonders f\u00fcr sein gutes Spiel hervorgehoben wurde, brachte Bornheim in der 35.Minute mit 1:0 in F\u00fchrung, das auch bis zur Halbzeit Bestand hatte.<\/p>\n<p>Nach der Pause gab es in der 52.Minute einen Foulelfmeter f\u00fcr die G\u00e4ste, den Patrick Albert zum vorentscheidenden 2:0 verwandeln konnte, die Offenbacher, die mit Fabrice Santoro und Adam Loune zwei Spieler an die Regionalliga-Mannschaft abgeben mussten, konnten nicht viel Gef\u00e4hrliches in der Offensive zeigen. Die Bornheimer brachten den Sieg souver\u00e4n ins Ziel und haben als Tabellendritter bei noch 5 ausstehenden Spielen vier Punkte R\u00fcckstand auf den Zweiten, die Sportfreunde Seligenstadt, dabei haben sie auch noch ein Spiel mehr zu absolvieren.<\/p>\n<p>Trainer Taner Yalcin lobte die \u201egeschlossene Mannschaftsleistung\u201c: \u201edas war eine reife und sehr kontrollierte Leistung meiner Mannschaft gegen ein sehr junges Team. Ich bin stolz auf die Jungs, sie sind sehr anpassungsf\u00e4hig und reagieren taktisch flexibel, nicht erst in der Halbzeitpause. Wir freuen uns \u00fcber die drei Punkte und sind dem internen Ziel, das wir in der Winterpause ausgegeben haben, wieder ein St\u00fcck n\u00e4hergekommen.\u201c Dabei betonte Yalcin erneut, dass man in Bornheim \u201enicht auf die Tabelle schaut\u201c. Am n\u00e4chsten Wochenende empfangen die Bornheimer die DJK Spfr. Bad Homburg.<\/p>\n<h4>Schiedsrichter: Oleg Karaliov (Sportfreunde Oberau). Zuschauer: 120.<\/h4>\n<h4>Tore: 0:1 Ben Schwarz (36.), 0:2 Patrick Albert (52., Elfmeter)<\/h4>\n<blockquote>\n<h4>Die Fotos lieferte uns wieder Andre Sturmeit, vielen Dank.<\/h4>\n<\/blockquote>\n\n\n<figure class=\"wp-block-image size-large\"><img loading=\"lazy\" decoding=\"async\" width=\"1024\" height=\"683\" src=\"http:\/\/insideamateurfussball-ffm.de\/wp-content\/uploads\/2026\/04\/OFCII-SGB_260426-52-1024x683.jpg\" alt=\"\" class=\"wp-image-31858\" srcset=\"https:\/\/insideamateurfussball-ffm.de\/wp-content\/uploads\/2026\/04\/OFCII-SGB_260426-52-1024x683.jpg 1024w, https:\/\/insideamateurfussball-ffm.de\/wp-content\/uploads\/2026\/04\/OFCII-SGB_260426-52-300x200.jpg 300w, https:\/\/insideamateurfussball-ffm.de\/wp-content\/uploads\/2026\/04\/OFCII-SGB_260426-52-768x512.jpg 768w, https:\/\/insideamateurfussball-ffm.de\/wp-content\/uploads\/2026\/04\/OFCII-SGB_260426-52-1536x1024.jpg 1536w, https:\/\/insideamateurfussball-ffm.de\/wp-content\/uploads\/2026\/04\/OFCII-SGB_260426-52-2048x1365.jpg 2048w\" sizes=\"auto, (max-width: 1024px) 100vw, 1024px\" \/><\/figure>\n\n\n\n<figure class=\"wp-block-image size-large\"><img loading=\"lazy\" decoding=\"async\" width=\"1024\" height=\"683\" src=\"http:\/\/insideamateurfussball-ffm.de\/wp-content\/uploads\/2026\/04\/OFCII-SGB_260426-94-1024x683.jpg\" alt=\"\" class=\"wp-image-31859\" srcset=\"https:\/\/insideamateurfussball-ffm.de\/wp-content\/uploads\/2026\/04\/OFCII-SGB_260426-94-1024x683.jpg 1024w, https:\/\/insideamateurfussball-ffm.de\/wp-content\/uploads\/2026\/04\/OFCII-SGB_260426-94-300x200.jpg 300w, https:\/\/insideamateurfussball-ffm.de\/wp-content\/uploads\/2026\/04\/OFCII-SGB_260426-94-768x512.jpg 768w, https:\/\/insideamateurfussball-ffm.de\/wp-content\/uploads\/2026\/04\/OFCII-SGB_260426-94-1536x1024.jpg 1536w, https:\/\/insideamateurfussball-ffm.de\/wp-content\/uploads\/2026\/04\/OFCII-SGB_260426-94-2048x1365.jpg 2048w\" sizes=\"auto, (max-width: 1024px) 100vw, 1024px\" \/><\/figure>\n\n\n\n<figure class=\"wp-block-image size-large\"><img loading=\"lazy\" decoding=\"async\" width=\"1024\" height=\"683\" src=\"http:\/\/insideamateurfussball-ffm.de\/wp-content\/uploads\/2026\/04\/OFCII-SGB_260426-103-1024x683.jpg\" alt=\"\" class=\"wp-image-31860\" srcset=\"https:\/\/insideamateurfussball-ffm.de\/wp-content\/uploads\/2026\/04\/OFCII-SGB_260426-103-1024x683.jpg 1024w, https:\/\/insideamateurfussball-ffm.de\/wp-content\/uploads\/2026\/04\/OFCII-SGB_260426-103-300x200.jpg 300w, https:\/\/insideamateurfussball-ffm.de\/wp-content\/uploads\/2026\/04\/OFCII-SGB_260426-103-768x512.jpg 768w, https:\/\/insideamateurfussball-ffm.de\/wp-content\/uploads\/2026\/04\/OFCII-SGB_260426-103-1536x1024.jpg 1536w, https:\/\/insideamateurfussball-ffm.de\/wp-content\/uploads\/2026\/04\/OFCII-SGB_260426-103-2048x1365.jpg 2048w\" sizes=\"auto, (max-width: 1024px) 100vw, 1024px\" \/><\/figure>\n\n\n\n<figure class=\"wp-block-image size-large\"><img loading=\"lazy\" decoding=\"async\" width=\"1024\" height=\"683\" src=\"http:\/\/insideamateurfussball-ffm.de\/wp-content\/uploads\/2026\/04\/OFCII-SGB_260426-109-1024x683.jpg\" alt=\"\" class=\"wp-image-31861\" srcset=\"https:\/\/insideamateurfussball-ffm.de\/wp-content\/uploads\/2026\/04\/OFCII-SGB_260426-109-1024x683.jpg 1024w, https:\/\/insideamateurfussball-ffm.de\/wp-content\/uploads\/2026\/04\/OFCII-SGB_260426-109-300x200.jpg 300w, https:\/\/insideamateurfussball-ffm.de\/wp-content\/uploads\/2026\/04\/OFCII-SGB_260426-109-768x512.jpg 768w, https:\/\/insideamateurfussball-ffm.de\/wp-content\/uploads\/2026\/04\/OFCII-SGB_260426-109-1536x1024.jpg 1536w, https:\/\/insideamateurfussball-ffm.de\/wp-content\/uploads\/2026\/04\/OFCII-SGB_260426-109-2048x1365.jpg 2048w\" sizes=\"auto, (max-width: 1024px) 100vw, 1024px\" \/><\/figure>\n\n\n\n<figure class=\"wp-block-image size-large\"><img loading=\"lazy\" decoding=\"async\" width=\"1024\" height=\"675\" src=\"http:\/\/insideamateurfussball-ffm.de\/wp-content\/uploads\/2026\/04\/OFCII-SGB_260426-181-1024x675.jpg\" alt=\"\" class=\"wp-image-31862\" srcset=\"https:\/\/insideamateurfussball-ffm.de\/wp-content\/uploads\/2026\/04\/OFCII-SGB_260426-181-1024x675.jpg 1024w, https:\/\/insideamateurfussball-ffm.de\/wp-content\/uploads\/2026\/04\/OFCII-SGB_260426-181-300x198.jpg 300w, https:\/\/insideamateurfussball-ffm.de\/wp-content\/uploads\/2026\/04\/OFCII-SGB_260426-181-768x506.jpg 768w, https:\/\/insideamateurfussball-ffm.de\/wp-content\/uploads\/2026\/04\/OFCII-SGB_260426-181-1536x1012.jpg 1536w, https:\/\/insideamateurfussball-ffm.de\/wp-content\/uploads\/2026\/04\/OFCII-SGB_260426-181-2048x1350.jpg 2048w\" sizes=\"auto, (max-width: 1024px) 100vw, 1024px\" \/><\/figure>\n\n\n\n<figure class=\"wp-block-image size-large\"><img loading=\"lazy\" decoding=\"async\" width=\"1024\" height=\"683\" src=\"http:\/\/insideamateurfussball-ffm.de\/wp-content\/uploads\/2026\/04\/OFCII-SGB_260426-194-1024x683.jpg\" alt=\"\" class=\"wp-image-31863\" srcset=\"https:\/\/insideamateurfussball-ffm.de\/wp-content\/uploads\/2026\/04\/OFCII-SGB_260426-194-1024x683.jpg 1024w, https:\/\/insideamateurfussball-ffm.de\/wp-content\/uploads\/2026\/04\/OFCII-SGB_260426-194-300x200.jpg 300w, https:\/\/insideamateurfussball-ffm.de\/wp-content\/uploads\/2026\/04\/OFCII-SGB_260426-194-768x512.jpg 768w, https:\/\/insideamateurfussball-ffm.de\/wp-content\/uploads\/2026\/04\/OFCII-SGB_260426-194-1536x1024.jpg 1536w, https:\/\/insideamateurfussball-ffm.de\/wp-content\/uploads\/2026\/04\/OFCII-SGB_260426-194-2048x1366.jpg 2048w\" sizes=\"auto, (max-width: 1024px) 100vw, 1024px\" \/><\/figure>\n\n\n\n<figure class=\"wp-block-image size-large\"><img loading=\"lazy\" decoding=\"async\" width=\"1024\" height=\"683\" src=\"http:\/\/insideamateurfussball-ffm.de\/wp-content\/uploads\/2026\/04\/OFCII-SGB_260426-212-1024x683.jpg\" alt=\"\" class=\"wp-image-31864\" srcset=\"https:\/\/insideamateurfussball-ffm.de\/wp-content\/uploads\/2026\/04\/OFCII-SGB_260426-212-1024x683.jpg 1024w, https:\/\/insideamateurfussball-ffm.de\/wp-content\/uploads\/2026\/04\/OFCII-SGB_260426-212-300x200.jpg 300w, https:\/\/insideamateurfussball-ffm.de\/wp-content\/uploads\/2026\/04\/OFCII-SGB_260426-212-768x512.jpg 768w, https:\/\/insideamateurfussball-ffm.de\/wp-content\/uploads\/2026\/04\/OFCII-SGB_260426-212-1536x1024.jpg 1536w, https:\/\/insideamateurfussball-ffm.de\/wp-content\/uploads\/2026\/04\/OFCII-SGB_260426-212-2048x1365.jpg 2048w\" sizes=\"auto, (max-width: 1024px) 100vw, 1024px\" \/><\/figure>\n\n\n\n<figure class=\"wp-block-image size-large\"><img loading=\"lazy\" decoding=\"async\" width=\"1024\" height=\"682\" src=\"http:\/\/insideamateurfussball-ffm.de\/wp-content\/uploads\/2026\/04\/OFCII-SGB_260426-230-1024x682.jpg\" alt=\"\" class=\"wp-image-31865\" srcset=\"https:\/\/insideamateurfussball-ffm.de\/wp-content\/uploads\/2026\/04\/OFCII-SGB_260426-230-1024x682.jpg 1024w, https:\/\/insideamateurfussball-ffm.de\/wp-content\/uploads\/2026\/04\/OFCII-SGB_260426-230-300x200.jpg 300w, https:\/\/insideamateurfussball-ffm.de\/wp-content\/uploads\/2026\/04\/OFCII-SGB_260426-230-768x512.jpg 768w, https:\/\/insideamateurfussball-ffm.de\/wp-content\/uploads\/2026\/04\/OFCII-SGB_260426-230-1536x1024.jpg 1536w, https:\/\/insideamateurfussball-ffm.de\/wp-content\/uploads\/2026\/04\/OFCII-SGB_260426-230-2048x1365.jpg 2048w\" sizes=\"auto, (max-width: 1024px) 100vw, 1024px\" \/><\/figure>\n\n\n\n<figure class=\"wp-block-image size-large\"><img loading=\"lazy\" decoding=\"async\" width=\"1024\" height=\"683\" src=\"http:\/\/insideamateurfussball-ffm.de\/wp-content\/uploads\/2026\/04\/OFCII-SGB_260426-257-1024x683.jpg\" alt=\"\" class=\"wp-image-31866\" srcset=\"https:\/\/insideamateurfussball-ffm.de\/wp-content\/uploads\/2026\/04\/OFCII-SGB_260426-257-1024x683.jpg 1024w, https:\/\/insideamateurfussball-ffm.de\/wp-content\/uploads\/2026\/04\/OFCII-SGB_260426-257-300x200.jpg 300w, https:\/\/insideamateurfussball-ffm.de\/wp-content\/uploads\/2026\/04\/OFCII-SGB_260426-257-768x512.jpg 768w, https:\/\/insideamateurfussball-ffm.de\/wp-content\/uploads\/2026\/04\/OFCII-SGB_260426-257-1536x1024.jpg 1536w, https:\/\/insideamateurfussball-ffm.de\/wp-content\/uploads\/2026\/04\/OFCII-SGB_260426-257-2048x1365.jpg 2048w\" sizes=\"auto, (max-width: 1024px) 100vw, 1024px\" \/><\/figure>\n\n\n\n<figure class=\"wp-block-image size-large\"><img loading=\"lazy\" decoding=\"async\" width=\"1024\" height=\"683\" src=\"http:\/\/insideamateurfussball-ffm.de\/wp-content\/uploads\/2026\/04\/OFCII-SGB_260426-409-1024x683.jpg\" alt=\"\" class=\"wp-image-31867\" srcset=\"https:\/\/insideamateurfussball-ffm.de\/wp-content\/uploads\/2026\/04\/OFCII-SGB_260426-409-1024x683.jpg 1024w, https:\/\/insideamateurfussball-ffm.de\/wp-content\/uploads\/2026\/04\/OFCII-SGB_260426-409-300x200.jpg 300w, https:\/\/insideamateurfussball-ffm.de\/wp-content\/uploads\/2026\/04\/OFCII-SGB_260426-409-768x512.jpg 768w, https:\/\/insideamateurfussball-ffm.de\/wp-content\/uploads\/2026\/04\/OFCII-SGB_260426-409-1536x1024.jpg 1536w, https:\/\/insideamateurfussball-ffm.de\/wp-content\/uploads\/2026\/04\/OFCII-SGB_260426-409-2048x1365.jpg 2048w\" sizes=\"auto, (max-width: 1024px) 100vw, 1024px\" \/><\/figure>\n\n\n\n<figure class=\"wp-block-image size-large\"><img loading=\"lazy\" decoding=\"async\" width=\"1024\" height=\"683\" src=\"http:\/\/insideamateurfussball-ffm.de\/wp-content\/uploads\/2026\/04\/OFCII-SGB_260426-484-1024x683.jpg\" alt=\"\" class=\"wp-image-31869\" srcset=\"https:\/\/insideamateurfussball-ffm.de\/wp-content\/uploads\/2026\/04\/OFCII-SGB_260426-484-1024x683.jpg 1024w, https:\/\/insideamateurfussball-ffm.de\/wp-content\/uploads\/2026\/04\/OFCII-SGB_260426-484-300x200.jpg 300w, https:\/\/insideamateurfussball-ffm.de\/wp-content\/uploads\/2026\/04\/OFCII-SGB_260426-484-768x512.jpg 768w, https:\/\/insideamateurfussball-ffm.de\/wp-content\/uploads\/2026\/04\/OFCII-SGB_260426-484-1536x1024.jpg 1536w, https:\/\/insideamateurfussball-ffm.de\/wp-content\/uploads\/2026\/04\/OFCII-SGB_260426-484-2048x1365.jpg 2048w\" sizes=\"auto, (max-width: 1024px) 100vw, 1024px\" \/><\/figure>\n\n\n\n<figure class=\"wp-block-image size-large\"><img loading=\"lazy\" decoding=\"async\" width=\"1024\" height=\"683\" src=\"http:\/\/insideamateurfussball-ffm.de\/wp-content\/uploads\/2026\/04\/OFCII-SGB_260426-569-1024x683.jpg\" alt=\"\" class=\"wp-image-31870\" srcset=\"https:\/\/insideamateurfussball-ffm.de\/wp-content\/uploads\/2026\/04\/OFCII-SGB_260426-569-1024x683.jpg 1024w, https:\/\/insideamateurfussball-ffm.de\/wp-content\/uploads\/2026\/04\/OFCII-SGB_260426-569-300x200.jpg 300w, https:\/\/insideamateurfussball-ffm.de\/wp-content\/uploads\/2026\/04\/OFCII-SGB_260426-569-768x512.jpg 768w, https:\/\/insideamateurfussball-ffm.de\/wp-content\/uploads\/2026\/04\/OFCII-SGB_260426-569-1536x1024.jpg 1536w, https:\/\/insideamateurfussball-ffm.de\/wp-content\/uploads\/2026\/04\/OFCII-SGB_260426-569-2048x1365.jpg 2048w\" sizes=\"auto, (max-width: 1024px) 100vw, 1024px\" \/><\/figure>\n\n\n\n<figure class=\"wp-block-image size-large\"><img loading=\"lazy\" decoding=\"async\" width=\"1024\" height=\"683\" src=\"http:\/\/insideamateurfussball-ffm.de\/wp-content\/uploads\/2026\/04\/OFCII-SGB_260426-724-1024x683.jpg\" alt=\"\" class=\"wp-image-31871\" srcset=\"https:\/\/insideamateurfussball-ffm.de\/wp-content\/uploads\/2026\/04\/OFCII-SGB_260426-724-1024x683.jpg 1024w, https:\/\/insideamateurfussball-ffm.de\/wp-content\/uploads\/2026\/04\/OFCII-SGB_260426-724-300x200.jpg 300w, https:\/\/insideamateurfussball-ffm.de\/wp-content\/uploads\/2026\/04\/OFCII-SGB_260426-724-768x512.jpg 768w, https:\/\/insideamateurfussball-ffm.de\/wp-content\/uploads\/2026\/04\/OFCII-SGB_260426-724-1536x1024.jpg 1536w, https:\/\/insideamateurfussball-ffm.de\/wp-content\/uploads\/2026\/04\/OFCII-SGB_260426-724-2048x1365.jpg 2048w\" sizes=\"auto, (max-width: 1024px) 100vw, 1024px\" \/><\/figure>\n\n\n\n<figure class=\"wp-block-image size-large\"><img loading=\"lazy\" decoding=\"async\" width=\"1024\" height=\"683\" src=\"http:\/\/insideamateurfussball-ffm.de\/wp-content\/uploads\/2026\/04\/OFCII-SGB_260426-834-1024x683.jpg\" alt=\"\" class=\"wp-image-31872\" srcset=\"https:\/\/insideamateurfussball-ffm.de\/wp-content\/uploads\/2026\/04\/OFCII-SGB_260426-834-1024x683.jpg 1024w, https:\/\/insideamateurfussball-ffm.de\/wp-content\/uploads\/2026\/04\/OFCII-SGB_260426-834-300x200.jpg 300w, https:\/\/insideamateurfussball-ffm.de\/wp-content\/uploads\/2026\/04\/OFCII-SGB_260426-834-768x512.jpg 768w, https:\/\/insideamateurfussball-ffm.de\/wp-content\/uploads\/2026\/04\/OFCII-SGB_260426-834-1536x1024.jpg 1536w, https:\/\/insideamateurfussball-ffm.de\/wp-content\/uploads\/2026\/04\/OFCII-SGB_260426-834-2048x1365.jpg 2048w\" sizes=\"auto, (max-width: 1024px) 100vw, 1024px\" \/><\/figure>\n\n\n\n<figure class=\"wp-block-image size-large\"><img loading=\"lazy\" decoding=\"async\" width=\"1024\" height=\"683\" src=\"http:\/\/insideamateurfussball-ffm.de\/wp-content\/uploads\/2026\/04\/OFCII-SGB_260426-848-1024x683.jpg\" alt=\"\" class=\"wp-image-31873\" srcset=\"https:\/\/insideamateurfussball-ffm.de\/wp-content\/uploads\/2026\/04\/OFCII-SGB_260426-848-1024x683.jpg 1024w, https:\/\/insideamateurfussball-ffm.de\/wp-content\/uploads\/2026\/04\/OFCII-SGB_260426-848-300x200.jpg 300w, https:\/\/insideamateurfussball-ffm.de\/wp-content\/uploads\/2026\/04\/OFCII-SGB_260426-848-768x512.jpg 768w, https:\/\/insideamateurfussball-ffm.de\/wp-content\/uploads\/2026\/04\/OFCII-SGB_260426-848-1536x1024.jpg 1536w, https:\/\/insideamateurfussball-ffm.de\/wp-content\/uploads\/2026\/04\/OFCII-SGB_260426-848-2048x1365.jpg 2048w\" sizes=\"auto, (max-width: 1024px) 100vw, 1024px\" \/><\/figure>\n\n\n\n<figure class=\"wp-block-image size-large\"><img loading=\"lazy\" decoding=\"async\" width=\"1024\" height=\"683\" src=\"http:\/\/insideamateurfussball-ffm.de\/wp-content\/uploads\/2026\/04\/OFCII-SGB_260426-871-1024x683.jpg\" alt=\"\" class=\"wp-image-31874\" srcset=\"https:\/\/insideamateurfussball-ffm.de\/wp-content\/uploads\/2026\/04\/OFCII-SGB_260426-871-1024x683.jpg 1024w, https:\/\/insideamateurfussball-ffm.de\/wp-content\/uploads\/2026\/04\/OFCII-SGB_260426-871-300x200.jpg 300w, https:\/\/insideamateurfussball-ffm.de\/wp-content\/uploads\/2026\/04\/OFCII-SGB_260426-871-768x512.jpg 768w, https:\/\/insideamateurfussball-ffm.de\/wp-content\/uploads\/2026\/04\/OFCII-SGB_260426-871-1536x1024.jpg 1536w, https:\/\/insideamateurfussball-ffm.de\/wp-content\/uploads\/2026\/04\/OFCII-SGB_260426-871-2048x1365.jpg 2048w\" sizes=\"auto, (max-width: 1024px) 100vw, 1024px\" \/><\/figure>\n","protected":false},"excerpt":{"rendered":"<p>Durch den f\u00fcnften Sieg in Folge kann die SG Bornheim im Kampf um den Aufstieg weiterhin eine Rolle spielen, diesmal siegte man beim Tabellendritten OFC II nach einer guten Leistung mit 2:0. Kickers Offenbach II &#8211; SG Bornheim\/Gr\u00fcn-Wei\u00df 0:2 (0:1) Die SG Bornheim konnte in der Liga ihren f\u00fcnften Sieg in Folge feiern und gewann [&hellip;]<\/p>\n","protected":false},"author":3,"featured_media":31868,"comment_status":"closed","ping_status":"open","sticky":true,"template":"","format":"standard","meta":{"footnotes":""},"categories":[10],"tags":[],"class_list":["post-31857","post","type-post","status-publish","format-standard","has-post-thumbnail","hentry","category-verbandsliga-sued"],"_links":{"self":[{"href":"https:\/\/insideamateurfussball-ffm.de\/index.php?rest_route=\/wp\/v2\/posts\/31857","targetHints":{"allow":["GET"]}}],"collection":[{"href":"https:\/\/insideamateurfussball-ffm.de\/index.php?rest_route=\/wp\/v2\/posts"}],"about":[{"href":"https:\/\/insideamateurfussball-ffm.de\/index.php?rest_route=\/wp\/v2\/types\/post"}],"author":[{"embeddable":true,"href":"https:\/\/insideamateurfussball-ffm.de\/index.php?rest_route=\/wp\/v2\/users\/3"}],"replies":[{"embeddable":true,"href":"https:\/\/insideamateurfussball-ffm.de\/index.php?rest_route=%2Fwp%2Fv2%2Fcomments&post=31857"}],"version-history":[{"count":3,"href":"https:\/\/insideamateurfussball-ffm.de\/index.php?rest_route=\/wp\/v2\/posts\/31857\/revisions"}],"predecessor-version":[{"id":31913,"href":"https:\/\/insideamateurfussball-ffm.de\/index.php?rest_route=\/wp\/v2\/posts\/31857\/revisions\/31913"}],"wp:featuredmedia":[{"embeddable":true,"href":"https:\/\/insideamateurfussball-ffm.de\/index.php?rest_route=\/wp\/v2\/media\/31868"}],"wp:attachment":[{"href":"https:\/\/insideamateurfussball-ffm.de\/index.php?rest_route=%2Fwp%2Fv2%2Fmedia&parent=31857"}],"wp:term":[{"taxonomy":"category","embeddable":true,"href":"https:\/\/insideamateurfussball-ffm.de\/index.php?rest_route=%2Fwp%2Fv2%2Fcategories&post=31857"},{"taxonomy":"post_tag","embeddable":true,"href":"https:\/\/insideamateurfussball-ffm.de\/index.php?rest_route=%2Fwp%2Fv2%2Ftags&post=31857"}],"curies":[{"name":"wp","href":"https:\/\/api.w.org\/{rel}","templated":true}]}}